{"id":164459,"date":"2019-05-31T13:04:23","date_gmt":"2019-05-31T10:04:23","guid":{"rendered":"http:\/\/www.tvturk.com\/index.php\/kiraz-tarlada-7-markette-125-lira\/"},"modified":"2019-05-31T13:04:23","modified_gmt":"2019-05-31T10:04:23","slug":"kiraz-tarlada-7-markette-125-lira","status":"publish","type":"post","link":"http:\/\/www.tvturk.com\/index.php\/kiraz-tarlada-7-markette-125-lira\/","title":{"rendered":"Kiraz tarlada 7, markette 12,5 lira"},"content":{"rendered":"<p>Tokat\u2019ta kiraz\u0131 ile \u00fcnl\u00fc Kemalpa\u015fa k\u00f6y\u00fcnde tarlada 7 liradan komisyonculara sat\u0131lan kiraz markette 12,5 liradan al\u0131c\u0131 buluyor.<\/p>\n<p>Tokat\u2019ta kiraz \u00fcretimi ile yurt genelinde \u00f6nemli bir pazara sahip olan Kemalpa\u015fa k\u00f6y\u00fcnde erken kiraz hasad\u0131 ba\u015flad\u0131. Y\u00fczde 90\u2019a yak\u0131n k\u0131sm\u0131nda meyvecilik yap\u0131lan k\u00f6yde parlak k\u0131rm\u0131z\u0131 rengi, iri tane yap\u0131s\u0131 ve uzun raf \u00f6mr\u00fc nedeniyle Kemalpa\u015fa kiraz\u0131 tercih ediliyor. Cinsine g\u00f6re tarlada 7 lira aras\u0131nda sat\u0131lan kiraz marketlerde ise 12,5 liradan al\u0131c\u0131 buluyor. K\u00f6yde uzun y\u0131llard\u0131r kiraz \u00fcretimi yapan Kadir Sayhan, tarlada sabah saatlerinden ak\u015fama kadar ailesi ve i\u015f\u00e7ilerle birlikte kiraz topluyor. Sayhan, tarlada kiraz fiyatlar\u0131n\u0131n 5-8 lira aras\u0131nda sat\u0131ld\u0131\u011f\u0131n\u0131 ifade ederek, \u201cMarketlerde fiyatlar daha farkl\u0131, bizden daha fazla kazan\u0131yorlar. Markette 10 lira ile 15 lira aras\u0131nda sat\u0131l\u0131yor. Bu durumdan bizler \u015fikayet\u00e7iyiz. \u0130la\u00e7, mazot, i\u015f\u00e7ilik masraflar\u0131 nedeniyle cepten harc\u0131yoruz. Her sene para kazanaca\u011f\u0131z diye bekliyoruz ama umudumuz yok bu i\u015flerden. Direkt \u00fcreticiye satma durumumuz olmuyor. \u00dcretim fazla oldu\u011fu i\u00e7in komisyonculardan al\u0131yorlar\u201d dedi.<\/p>\n<p>Raviye Sayhan da emeklerinin kar\u015f\u0131l\u0131\u011f\u0131n\u0131 alamad\u0131klar\u0131ndan yak\u0131nd\u0131. Gazi \u00dcniversitesinde Di\u015f Hekimli\u011fi Fak\u00fcltesinde okuyan ve tatilde ailesine yard\u0131mc\u0131 olmak i\u00e7in kiraz toplayan Burak Sayhan ise \u00f6nceki y\u0131llara g\u00f6re kirazda verimin d\u00fc\u015f\u00fck oldu\u011funu belirterek, \u201cFiyatlar ge\u00e7en y\u0131la g\u00f6re iyi. Verim d\u00fc\u015f\u00fck oldu\u011fu i\u00e7in \u00e7ift\u00e7i yine ayn\u0131 durumda. G\u00fcbre mazot fiyatlar\u0131 gittik\u00e7e art\u0131yor. Bu da ister istemez \u00e7ift\u00e7iyi zor duruma d\u00fc\u015f\u00fcr\u00fcyor\u201d ifadelerini kulland\u0131.<\/p>\n<p>\u00d6te yandan, kiraz ge\u00e7ti\u011fimiz y\u0131l tarladan 3 liraya markette 9 liraya sat\u0131l\u0131yordu.<\/p>\n","protected":false},"excerpt":{"rendered":"<p>TOKAT\u2019TA K\u0130RAZI \u0130LE \u00dcNL\u00dc KEMALPA\u015eA K\u00d6Y\u00dcNDE TARLADA 7 L\u0130RADAN KOM\u0130SYONCULARA SATILAN K\u0130RAZ MARKETTE 12,5 L\u0130RADAN ALICI BULUYOR.<\/p>\n","protected":false},"author":1,"featured_media":164460,"comment_status":"closed","ping_status":"open","sticky":false,"template":"","format":"standard","meta":{"jetpack_post_was_ever_published":false,"_jetpack_newsletter_access":"","_jetpack_dont_email_post_to_subs":false,"_jetpack_newsletter_tier_id":0,"_jetpack_memberships_contains_paywalled_content":false,"_jetpack_memberships_contains_paid_content":false,"footnotes":"","jetpack_publicize_message":"","jetpack_publicize_feature_enabled":true,"jetpack_social_post_already_shared":true,"jetpack_social_options":{"image_generator_settings":{"template":"highway","default_image_id":0,"font":"","enabled":false},"version":2}},"categories":[1],"tags":[18572,3981,1801,1881,18996,11545],"class_list":["post-164459","post","type-post","status-publish","format-standard","has-post-thumbnail","hentry","category-genel","tag-kiraz","tag-3981","tag-1801","tag-lira","tag-markette","tag-tarlada"],"jetpack_publicize_connections":[],"jetpack_featured_media_url":"https:\/\/i0.wp.com\/www.tvturk.com\/wp-content\/uploads\/2019\/05\/kiraz-tarlada-7-markette-125-lira_21ef080.jpg?fit=1000%2C671","jetpack_sharing_enabled":true,"jetpack_shortlink":"https:\/\/wp.me\/paKIfm-GMz","_links":{"self":[{"href":"http:\/\/www.tvturk.com\/index.php\/wp-json\/wp\/v2\/posts\/164459","targetHints":{"allow":["GET"]}}],"collection":[{"href":"http:\/\/www.tvturk.com\/index.php\/wp-json\/wp\/v2\/posts"}],"about":[{"href":"http:\/\/www.tvturk.com\/index.php\/wp-json\/wp\/v2\/types\/post"}],"author":[{"embeddable":true,"href":"http:\/\/www.tvturk.com\/index.php\/wp-json\/wp\/v2\/users\/1"}],"replies":[{"embeddable":true,"href":"http:\/\/www.tvturk.com\/index.php\/wp-json\/wp\/v2\/comments?post=164459"}],"version-history":[{"count":0,"href":"http:\/\/www.tvturk.com\/index.php\/wp-json\/wp\/v2\/posts\/164459\/revisions"}],"wp:featuredmedia":[{"embeddable":true,"href":"http:\/\/www.tvturk.com\/index.php\/wp-json\/wp\/v2\/media\/164460"}],"wp:attachment":[{"href":"http:\/\/www.tvturk.com\/index.php\/wp-json\/wp\/v2\/media?parent=164459"}],"wp:term":[{"taxonomy":"category","embeddable":true,"href":"http:\/\/www.tvturk.com\/index.php\/wp-json\/wp\/v2\/categories?post=164459"},{"taxonomy":"post_tag","embeddable":true,"href":"http:\/\/www.tvturk.com\/index.php\/wp-json\/wp\/v2\/tags?post=164459"}],"curies":[{"name":"wp","href":"https:\/\/api.w.org\/{rel}","templated":true}]}}