{"id":164479,"date":"2019-05-31T13:31:56","date_gmt":"2019-05-31T10:31:56","guid":{"rendered":"http:\/\/www.tvturk.com\/index.php\/turk-ogrencilerden-ingiliz-akranlarina-bilim-dersi\/"},"modified":"2019-05-31T13:31:56","modified_gmt":"2019-05-31T10:31:56","slug":"turk-ogrencilerden-ingiliz-akranlarina-bilim-dersi","status":"publish","type":"post","link":"http:\/\/www.tvturk.com\/index.php\/turk-ogrencilerden-ingiliz-akranlarina-bilim-dersi\/","title":{"rendered":"T\u00fcrk \u00f6\u011frencilerden \u0130ngiliz akranlar\u0131na bilim dersi"},"content":{"rendered":"<p>\u0130ngiltere\u2019nin Bath Kenti\u2019nde 30 y\u0131ld\u0131r d\u00fczenlenen Imagineering Fuar\u0131\u2019nda bu y\u0131l T\u00fcrk bayra\u011f\u0131 dalgaland\u0131. Bah\u00e7e\u015fehir Koleji \u00f6\u011frencileri \u00f6\u011fretmenleriyle birlikte \u0130ngiltere\u2019ye adeta \u00e7\u0131karma yapt\u0131.<\/p>\n<p>Bah\u00e7e\u015fehir Koleji \u00f6\u011frencileri \u00f6\u011fretmenleriyle birlikte \u0130ngiltere\u2019de d\u00fczenlenen Kraliyet Fuar\u0131\u2019na kat\u0131ld\u0131. Tavsiye ve davet \u00fczerine kat\u0131lan \u00f6\u011frenciler \u201cImagineering\u201d yani \u2018Hayal M\u00fchendisli\u011fi\u2019 ba\u015fl\u0131\u011f\u0131 alt\u0131nda kurduklar\u0131 stantta \u00e7al\u0131\u015fmalar\u0131n\u0131 sergileme ve tan\u0131tma imkan\u0131 buldu. \u00d6\u011frenciler ayn\u0131 zamanda STEM kodlama robotik e\u011fitimlerini buradaki \u0130ngiliz akranlar\u0131na anlatarak be\u011feni toplad\u0131.<\/p>\n<p>Fuara kat\u0131lan \u00f6\u011frencileri yaln\u0131z b\u0131rakmayan ve onlara destek veren Bah\u00e7e\u015fehir U\u011fur E\u011fitim Kurumlar\u0131 Ba\u015fkan\u0131 Enver Y\u00fccel b\u00f6yle bir ortamda olmaktan dolay\u0131 \u00e7ok mutlu olduklar\u0131n\u0131 dile getirerek, \u201cDaha \u00f6nce Londra\u2019da kat\u0131ld\u0131\u011f\u0131m\u0131z bir teknoloji fuar\u0131nda da STEM (Science, Technology Engineering and Mathmatics) program\u0131m\u0131z, kodlamam\u0131z, robotik \u00e7al\u0131\u015fmalar\u0131m\u0131z \u0130ngilizlerin dikkatini \u00e7ekmi\u015fti. Bu y\u00fczden Londra\u2019da baz\u0131 okullarda bu konular\u0131 kendimiz \u00f6\u011fretmeye ba\u015flad\u0131k. Bu y\u00fczden de davet \u00fczerine bu fuara da kat\u0131lma karar\u0131 ald\u0131k. \u00d6zellikle ilk kez yabanc\u0131 bir grubun bu fuara kat\u0131l\u0131yor olmas\u0131ndan dolay\u0131 daha da gururluyuz\u201d dedi.<\/p>\n<p>\u201c\u00c7al\u0131\u015fmalar\u0131m\u0131z\u0131 ilk kez burada g\u00f6r\u00fcyorlar\u201d<\/p>\n<p>Bah\u00e7e\u015fehir \u00dcniversitesi E\u011fitim Bilimleri Fak\u00fcltesi Dekan\u0131 Prof. Dr. \u015eirin Karadeniz de fuarda tan\u0131t\u0131lan \u00e7al\u0131\u015fmalarla ilgili bilgi verdi. Karadeniz, \u201c\u00d6zellikle 5 ya\u015ftan itibaren t\u00fcm kademeler i\u00e7in geli\u015ftirdi\u011fimiz kodlama robotik program\u0131m\u0131zdaki \u00f6\u011frenme aktiviteleri ile buraday\u0131z. \u00c7al\u0131\u015fmalar\u0131 buradaki her ya\u015f grubundaki \u00e7ocuklara \u00f6\u011fretmenlerimiz ve Bah\u00e7e\u015fehir Fen ve Teknoloji Lisesi\u2019ndeki \u00f6\u011frencilerimiz yapt\u0131r\u0131yor. Geri d\u00f6n\u00fc\u015flerimiz de bu anlamda gayet g\u00fczel ilerliyor. En \u015fa\u015f\u0131rd\u0131\u011f\u0131m\u0131z konu ise \u0130ngiliz \u00f6\u011frencilerinin sergiledi\u011fimiz \u00e7al\u0131\u015fmalar\u0131 ve konular\u0131 ilk kez burada g\u00f6rm\u00fc\u015f olmalar\u0131. Veliler bunlar\u0131 \u00f6\u011fretti\u011fimiz kitaplar\u0131 nereden alabileceklerini ve deneylere evde nas\u0131l devam edebileceklerini soruyorlar\u201d \u015feklinde konu\u015ftu.<\/p>\n<p>Fuarda sergilenen baz\u0131 \u00e7al\u0131\u015fmalar<\/p>\n<p>Fuara kat\u0131lan Bah\u00e7e\u015fehir Koleji 10. s\u0131n\u0131f \u00f6\u011frencisi Ceren \u00d6zkaratay \u00e7ocuklara bir arama kurtarma robotu \u00fczerinden yaz\u0131l\u0131m\u0131 ve kodlama konusunu anlat\u0131rken, Ay\u00e7a Demir ise bir drone ile el ve g\u00f6z koordinasyonu e\u011fitimi verdi. Lara Mursal adl\u0131 9. s\u0131n\u0131f \u00f6\u011frencisi ise kodlama konusunu daha da kolayla\u015ft\u0131ran blok adl\u0131 bir y\u00f6ntemle \u0130ngiliz \u00e7ocuklar\u0131na farkl\u0131 se\u00e7enekler sundu.<\/p>\n","protected":false},"excerpt":{"rendered":"<p>\u0130NG\u0130LTERE\u2019N\u0130N BATH KENT\u0130\u2019NDE 30 YILDIR D\u00dcZENLENEN IMAG\u0130NEER\u0130NG FUARI\u2019NDA BU YIL T\u00dcRK BAYRA\u011eI DALGALANDI. BAH\u00c7E\u015eEH\u0130R KOLEJ\u0130 \u00d6\u011eRENC\u0130LER\u0130 \u00d6\u011eRETMENLER\u0130YLE B\u0130RL\u0130KTE \u0130NG\u0130LTERE\u2019YE ADETA \u00c7IKARMA YAPTI.<\/p>\n","protected":false},"author":1,"featured_media":164480,"comment_status":"closed","ping_status":"open","sticky":false,"template":"","format":"standard","meta":{"jetpack_post_was_ever_published":false,"_jetpack_newsletter_access":"","_jetpack_dont_email_post_to_subs":false,"_jetpack_newsletter_tier_id":0,"_jetpack_memberships_contains_paywalled_content":false,"_jetpack_memberships_contains_paid_content":false,"footnotes":"","jetpack_publicize_message":"","jetpack_publicize_feature_enabled":true,"jetpack_social_post_already_shared":true,"jetpack_social_options":{"image_generator_settings":{"template":"highway","default_image_id":0,"font":"","enabled":false},"version":2}},"categories":[10],"tags":[39087,3032,4715,4656,3174,957],"class_list":["post-164479","post","type-post","status-publish","format-standard","has-post-thumbnail","hentry","category-dunya","tag-akranlarina","tag-bilim","tag-dersi","tag-ingiliz","tag-ogrencilerden","tag-turk"],"jetpack_publicize_connections":[],"jetpack_featured_media_url":"https:\/\/i0.wp.com\/www.tvturk.com\/wp-content\/uploads\/2019\/05\/turk-ogrencilerden-ingiliz-akranlarina-bilim-dersi_3af2923.jpg?fit=1000%2C767","jetpack_sharing_enabled":true,"jetpack_shortlink":"https:\/\/wp.me\/paKIfm-GMT","_links":{"self":[{"href":"http:\/\/www.tvturk.com\/index.php\/wp-json\/wp\/v2\/posts\/164479","targetHints":{"allow":["GET"]}}],"collection":[{"href":"http:\/\/www.tvturk.com\/index.php\/wp-json\/wp\/v2\/posts"}],"about":[{"href":"http:\/\/www.tvturk.com\/index.php\/wp-json\/wp\/v2\/types\/post"}],"author":[{"embeddable":true,"href":"http:\/\/www.tvturk.com\/index.php\/wp-json\/wp\/v2\/users\/1"}],"replies":[{"embeddable":true,"href":"http:\/\/www.tvturk.com\/index.php\/wp-json\/wp\/v2\/comments?post=164479"}],"version-history":[{"count":0,"href":"http:\/\/www.tvturk.com\/index.php\/wp-json\/wp\/v2\/posts\/164479\/revisions"}],"wp:featuredmedia":[{"embeddable":true,"href":"http:\/\/www.tvturk.com\/index.php\/wp-json\/wp\/v2\/media\/164480"}],"wp:attachment":[{"href":"http:\/\/www.tvturk.com\/index.php\/wp-json\/wp\/v2\/media?parent=164479"}],"wp:term":[{"taxonomy":"category","embeddable":true,"href":"http:\/\/www.tvturk.com\/index.php\/wp-json\/wp\/v2\/categories?post=164479"},{"taxonomy":"post_tag","embeddable":true,"href":"http:\/\/www.tvturk.com\/index.php\/wp-json\/wp\/v2\/tags?post=164479"}],"curies":[{"name":"wp","href":"https:\/\/api.w.org\/{rel}","templated":true}]}}