{"id":164491,"date":"2019-05-31T13:51:30","date_gmt":"2019-05-31T10:51:30","guid":{"rendered":"http:\/\/www.tvturk.com\/index.php\/sehit-aybuke-ogretmen-mezari-basinda-anildi\/"},"modified":"2019-05-31T13:51:30","modified_gmt":"2019-05-31T10:51:30","slug":"sehit-aybuke-ogretmen-mezari-basinda-anildi","status":"publish","type":"post","link":"http:\/\/www.tvturk.com\/index.php\/sehit-aybuke-ogretmen-mezari-basinda-anildi\/","title":{"rendered":"\u015eehit Ayb\u00fcke \u00f6\u011fretmen mezar\u0131 ba\u015f\u0131nda an\u0131ld\u0131"},"content":{"rendered":"<p>\u015eehit \u00d6\u011fretmen \u015eenay Ayb\u00fcke Yal\u00e7\u0131n, \u00c7orum\u2019un Osmanc\u0131k il\u00e7esindeki mezar\u0131 ba\u015f\u0131nda an\u0131ld\u0131.<\/p>\n<p>Osmanc\u0131k Kaymakaml\u0131\u011f\u0131 Ramazan Bayram\u0131 ziyaretleri kapsam\u0131nda \u015fehit aileleri ziyaretinin ard\u0131ndan Batman\u2019\u0131n Kozluk il\u00e7esinde ter\u00f6r \u00f6rg\u00fct\u00fc PKK \u00fcyelerinin a\u00e7t\u0131\u011f\u0131 ate\u015fle arac\u0131nda \u015fehit edilen m\u00fczik \u00f6\u011fretmeni \u015eenay Ayb\u00fcke Yal\u00e7\u0131n da mezar\u0131 ba\u015f\u0131nda an\u0131ld\u0131.<\/p>\n<p>Ramazan Bayram\u0131 nedeniyle \u0130l\u00e7e M\u00fcft\u00fcl\u00fc\u011f\u00fcnce il\u00e7e \u015fehitli\u011finde d\u00fczenlenen anma program\u0131nda Kur\u2019an-\u0131 Kerim okundu ve dualar edildi.<\/p>\n<p>\u015eehitlik ziyaretin ard\u0131ndan \u00d6\u011fretmenevi Salonunda d\u00fczenlenen bayramla\u015fma program\u0131na Osmanc\u0131k Kaymakam\u0131 Hakan Alkan, Garnizon Komutan\u0131 Aste\u011fmen M\u00fccahit Y\u0131ld\u0131r\u0131m, Belediye Ba\u015fkan\u0131 Ahmet Gelg\u00f6r, \u0130l\u00e7e Emniyet M\u00fcd\u00fcr\u00fc Bahad\u0131r Vurgun, sivil toplum kurulu\u015fu temsilcileriyle vatanda\u015flar kat\u0131ld\u0131.<\/p>\n","protected":false},"excerpt":{"rendered":"<p>\u00c7ORUM\u2019UN OSMANCIK \u0130L\u00c7ES\u0130NDE, \u015eEH\u0130T \u00d6\u011eRETMEN \u015eENAY AYB\u00dcKE YAL\u00c7IN MEZARI BA\u015eINDA ANILDI.<\/p>\n","protected":false},"author":1,"featured_media":164492,"comment_status":"closed","ping_status":"open","sticky":false,"template":"","format":"standard","meta":{"jetpack_post_was_ever_published":false,"_jetpack_newsletter_access":"","_jetpack_dont_email_post_to_subs":false,"_jetpack_newsletter_tier_id":0,"_jetpack_memberships_contains_paywalled_content":false,"_jetpack_memberships_contains_paid_content":false,"footnotes":"","jetpack_publicize_message":"","jetpack_publicize_feature_enabled":true,"jetpack_social_post_already_shared":true,"jetpack_social_options":{"image_generator_settings":{"template":"highway","default_image_id":0,"font":"","enabled":false},"version":2}},"categories":[1],"tags":[241,22654,240,239,1904,237],"class_list":["post-164491","post","type-post","status-publish","format-standard","has-post-thumbnail","hentry","category-genel","tag-anildi","tag-aybuke","tag-basinda","tag-mezari","tag-ogretmen","tag-sehit"],"jetpack_publicize_connections":[],"jetpack_featured_media_url":"https:\/\/i0.wp.com\/www.tvturk.com\/wp-content\/uploads\/2019\/05\/sehit-aybuke-ogretmen-mezari-basinda-anildi_94baaf3.jpg?fit=1000%2C662","jetpack_sharing_enabled":true,"jetpack_shortlink":"https:\/\/wp.me\/paKIfm-GN5","_links":{"self":[{"href":"http:\/\/www.tvturk.com\/index.php\/wp-json\/wp\/v2\/posts\/164491","targetHints":{"allow":["GET"]}}],"collection":[{"href":"http:\/\/www.tvturk.com\/index.php\/wp-json\/wp\/v2\/posts"}],"about":[{"href":"http:\/\/www.tvturk.com\/index.php\/wp-json\/wp\/v2\/types\/post"}],"author":[{"embeddable":true,"href":"http:\/\/www.tvturk.com\/index.php\/wp-json\/wp\/v2\/users\/1"}],"replies":[{"embeddable":true,"href":"http:\/\/www.tvturk.com\/index.php\/wp-json\/wp\/v2\/comments?post=164491"}],"version-history":[{"count":0,"href":"http:\/\/www.tvturk.com\/index.php\/wp-json\/wp\/v2\/posts\/164491\/revisions"}],"wp:featuredmedia":[{"embeddable":true,"href":"http:\/\/www.tvturk.com\/index.php\/wp-json\/wp\/v2\/media\/164492"}],"wp:attachment":[{"href":"http:\/\/www.tvturk.com\/index.php\/wp-json\/wp\/v2\/media?parent=164491"}],"wp:term":[{"taxonomy":"category","embeddable":true,"href":"http:\/\/www.tvturk.com\/index.php\/wp-json\/wp\/v2\/categories?post=164491"},{"taxonomy":"post_tag","embeddable":true,"href":"http:\/\/www.tvturk.com\/index.php\/wp-json\/wp\/v2\/tags?post=164491"}],"curies":[{"name":"wp","href":"https:\/\/api.w.org\/{rel}","templated":true}]}}