{"id":164495,"date":"2019-05-31T13:53:04","date_gmt":"2019-05-31T10:53:04","guid":{"rendered":"http:\/\/www.tvturk.com\/index.php\/kuzey-makedonya-basbakani-zaev-parti-kabinesini-ve-hukumeti-supuruyor\/"},"modified":"2019-05-31T13:53:04","modified_gmt":"2019-05-31T10:53:04","slug":"kuzey-makedonya-basbakani-zaev-parti-kabinesini-ve-hukumeti-supuruyor","status":"publish","type":"post","link":"http:\/\/www.tvturk.com\/index.php\/kuzey-makedonya-basbakani-zaev-parti-kabinesini-ve-hukumeti-supuruyor\/","title":{"rendered":"Kuzey Makedonya Ba\u015fbakan\u0131 Zaev Parti Kabinesini ve H\u00fck\u00fcmeti \u201cS\u00fcp\u00fcr\u00fcyor\u201d"},"content":{"rendered":"<p>Ge\u00e7ti\u011fimiz g\u00fcnlerde, iktidarda bulunan Makedonya Sosyal Demokratlar Birli\u011fi merkez meclis toplant\u0131s\u0131nda partiden 3 sekreter, 6 ba\u015fkan yard\u0131mc\u0131s\u0131 ve parti y\u00f6netim kurulunun tamamen g\u00f6revden al\u0131nd\u0131\u011f\u0131n\u0131 a\u00e7\u0131klayan parti ba\u015fkan\u0131 ve Kuzey Makedonya Ba\u015fbakan\u0131 Zoran Zaev, daha \u00f6nce de a\u00e7\u0131klad\u0131\u011f\u0131 \u201cs\u00fcp\u00fcrge\u201d olarak adland\u0131r\u0131lan g\u00f6revden al\u0131nmalar\u0131 ve partide ve h\u00fck\u00fcmette yeniden yap\u0131land\u0131rmay\u0131 ba\u015flatt\u0131.<\/p>\n<p>S\u00f6z konusu \u201cs\u00fcp\u00fcrgeyi\u201d Ba\u015fbakan Zaev, Kuzey Makedonya\u2019da ger\u00e7ekle\u015fen Cumhurba\u015fkanl\u0131\u011f\u0131 se\u00e7imlerini kendi partisinin aday\u0131 Stevo Pendarovski\u2019nin se\u00e7imleri kazan\u0131p Cumhurba\u015fkan\u0131 se\u00e7ilmesine ra\u011fmen, se\u00e7imlerdeki d\u00fc\u015f\u00fck ba\u015far\u0131dan sonra, partide ve h\u00fck\u00fcmette yeniden yap\u0131land\u0131rmaya gidilece\u011fini belirterek a\u00e7\u0131klam\u0131\u015ft\u0131.<\/p>\n<p>H\u00fck\u00fcmette hangi isimlerin g\u00f6revden al\u0131naca\u011f\u0131n\u0131 hen\u00fcz a\u00e7\u0131klamayan Zaev, kabine de\u011fi\u015fikli\u011finde en az 3 bakan\u0131n g\u00f6revden al\u0131naca\u011f\u0131n\u0131 belirtti. Zaev ayr\u0131ca kabine de\u011fi\u015fiklikleri, \u00e7ok say\u0131da bakan yard\u0131mc\u0131lar\u0131 ve \u00fcst d\u00fczey b\u00fcrokratlar\u0131 kapsayaca\u011f\u0131n\u0131 da belirtti.<\/p>\n<p>Ba\u015fbakan Zaev d\u00fcn yapt\u0131\u011f\u0131 bas\u0131n a\u00e7\u0131klamas\u0131nda, \u201cBo\u015falt\u0131lan g\u00f6revlere yerle\u015ftirilecek isimlerle konu\u015fmalar ba\u015flam\u0131\u015ft\u0131r. Kabine de\u011fi\u015fikli\u011fini Haizran ay\u0131n\u0131n ortalar\u0131na do\u011fru tamamlayabilece\u011fimize inan\u0131yorum\u201d dedi.<\/p>\n<p>Bunun d\u0131\u015f\u0131nda Zaev, yeniden yap\u0131land\u0131rmayla ilgili h\u00fck\u00fcmet ortaklar\u0131ndan da fikir bekledi\u011fini duyurarak onlardan da benzer hamlelerde bulunmalar\u0131n\u0131 talep etti.<\/p>\n","protected":false},"excerpt":{"rendered":"<p>KUZEY MAKEDONYA BA\u015eBAKANI ZAEV PART\u0130 KAB\u0130NES\u0130N\u0130 VE H\u00dcK\u00dcMET\u0130 \u201cS\u00dcP\u00dcR\u00dcYOR\u201d<\/p>\n","protected":false},"author":1,"featured_media":164496,"comment_status":"closed","ping_status":"open","sticky":false,"template":"","format":"standard","meta":{"jetpack_post_was_ever_published":false,"_jetpack_newsletter_access":"","_jetpack_dont_email_post_to_subs":false,"_jetpack_newsletter_tier_id":0,"_jetpack_memberships_contains_paywalled_content":false,"_jetpack_memberships_contains_paid_content":false,"footnotes":"","jetpack_publicize_message":"","jetpack_publicize_feature_enabled":true,"jetpack_social_post_already_shared":true,"jetpack_social_options":{"image_generator_settings":{"template":"highway","default_image_id":0,"font":"","enabled":false},"version":2}},"categories":[10],"tags":[39092,651,11572,39091,9741,2313,510,29347],"class_list":["post-164495","post","type-post","status-publish","format-standard","has-post-thumbnail","hentry","category-dunya","tag-supuruyor","tag-basbakani","tag-hukumeti","tag-kabinesini","tag-kuzey","tag-makedonya","tag-parti","tag-zaev"],"jetpack_publicize_connections":[],"jetpack_featured_media_url":"https:\/\/i0.wp.com\/www.tvturk.com\/wp-content\/uploads\/2019\/05\/kuzey-makedonya-basbakani-zaev-parti-kabinesini-ve-hukumeti-supuruyor_41214b3.jpg?fit=1000%2C669","jetpack_sharing_enabled":true,"jetpack_shortlink":"https:\/\/wp.me\/paKIfm-GN9","_links":{"self":[{"href":"http:\/\/www.tvturk.com\/index.php\/wp-json\/wp\/v2\/posts\/164495","targetHints":{"allow":["GET"]}}],"collection":[{"href":"http:\/\/www.tvturk.com\/index.php\/wp-json\/wp\/v2\/posts"}],"about":[{"href":"http:\/\/www.tvturk.com\/index.php\/wp-json\/wp\/v2\/types\/post"}],"author":[{"embeddable":true,"href":"http:\/\/www.tvturk.com\/index.php\/wp-json\/wp\/v2\/users\/1"}],"replies":[{"embeddable":true,"href":"http:\/\/www.tvturk.com\/index.php\/wp-json\/wp\/v2\/comments?post=164495"}],"version-history":[{"count":0,"href":"http:\/\/www.tvturk.com\/index.php\/wp-json\/wp\/v2\/posts\/164495\/revisions"}],"wp:featuredmedia":[{"embeddable":true,"href":"http:\/\/www.tvturk.com\/index.php\/wp-json\/wp\/v2\/media\/164496"}],"wp:attachment":[{"href":"http:\/\/www.tvturk.com\/index.php\/wp-json\/wp\/v2\/media?parent=164495"}],"wp:term":[{"taxonomy":"category","embeddable":true,"href":"http:\/\/www.tvturk.com\/index.php\/wp-json\/wp\/v2\/categories?post=164495"},{"taxonomy":"post_tag","embeddable":true,"href":"http:\/\/www.tvturk.com\/index.php\/wp-json\/wp\/v2\/tags?post=164495"}],"curies":[{"name":"wp","href":"https:\/\/api.w.org\/{rel}","templated":true}]}}