{"id":164499,"date":"2019-05-31T14:02:19","date_gmt":"2019-05-31T11:02:19","guid":{"rendered":"http:\/\/www.tvturk.com\/index.php\/termalde-bayram-tatili-yogunlugu\/"},"modified":"2019-05-31T14:02:19","modified_gmt":"2019-05-31T11:02:19","slug":"termalde-bayram-tatili-yogunlugu","status":"publish","type":"post","link":"http:\/\/www.tvturk.com\/index.php\/termalde-bayram-tatili-yogunlugu\/","title":{"rendered":"Termal\u2019de bayram tatili yo\u011funlu\u011fu"},"content":{"rendered":"<p>Yalova\u2019n\u0131n Termal il\u00e7esinde bayram  tatili yo\u011funlu\u011fu ya\u015fan\u0131yor.<\/p>\n<p>Sa\u011fl\u0131k Bakanl\u0131\u011f\u0131 Termal Kapl\u0131calar\u0131 \u0130\u015fletmesi M\u00fcd\u00fcr Yard\u0131mc\u0131s\u0131 \u00dcmit G\u00fcrb\u00fczo\u011flu, \u201c\u015eu anda y\u00fczde 80-85 dolulu\u011fu yakalad\u0131k ama bayramda y\u00fczde 100\u2019e ula\u015fmay\u0131 hedefliyoruz\u201d dedi.<\/p>\n<p>Kapl\u0131calar\u0131yla \u00fcnl\u00fc Yalova\u2019n\u0131n Termal il\u00e7esindeki tesislerde Ramazan Bayram\u0131 tatilinde yo\u011funluk bekleniyor. Marmara\u2019n\u0131n g\u00f6zde tatil b\u00f6lgelerinden birisi olan Termal il\u00e7esindeki otellere 9 g\u00fcnl\u00fck Ramazan Bayram\u0131 tatili nedeniyle yerli ve yabanc\u0131 turistler ilgi g\u00f6sterdi.<\/p>\n<p>Termal Kapl\u0131calar\u0131 \u0130\u015fletmesi M\u00fcd\u00fcr Yard\u0131mc\u0131s\u0131 \u00dcmit G\u00fcrb\u00fczo\u011flu, do\u011fal g\u00fczellikleri ve \u015fifal\u0131 sular\u0131yla Termal\u2019in bu bayramda da turistlerin ilgi oda\u011f\u0131 oldu\u011funu kaydetti.<\/p>\n<p>&#8220;Termal, hem kapl\u0131cas\u0131 ile \u00fcnl\u00fc hem de  do\u011fas\u0131yla \u00fcnl\u00fc\u201d diyen G\u00fcrb\u00fczo\u011flu, bayramda dolulu\u011fun y\u00fczde 100\u2019e ula\u015fmas\u0131n\u0131 beklediklerini belirterek \u015f\u00f6yle konu\u015ftu:<\/p>\n<p>\u201cKlimimatoloji terapisi i\u00e7in gelenler var. Hava ak\u0131m\u0131 \u00e7ok g\u00fczel burada. Y\u00fcr\u00fcy\u00fc\u015f yollar\u0131m\u0131z var y\u00fcr\u00fcy\u00fc\u015f yapmak i\u00e7in gelenler var. Bayram dolay\u0131s\u0131yla yo\u011funlu\u011fumuz mevcut. \u015eu anda y\u00fczde 80-85 dolulu\u011fu yakalad\u0131k ama bayramda y\u00fczde y\u00fcze ula\u015fmay\u0131 d\u00fc\u015f\u00fcn\u00fcyoruz. G\u00fcn\u00fc birlik giri\u015flerimiz var gezmek ama\u00e7l\u0131 ve termal havuzlar\u0131 kullanmak ama\u00e7l\u0131. G\u00fcnde 600-700 civar\u0131nda giri\u015fimiz var. Bayram dolay\u0131s\u0131yla bu 1000-1500 civar\u0131na \u00e7\u0131kabiliyor.\u201d<\/p>\n<p>Kapl\u0131calara daha \u00e7ok yerli turistlerin ilgi g\u00f6sterdi\u011fini kaydeden G\u00fcrb\u00fczo\u011flu, \u201cOrtado\u011fu\u2019dan ve Rusya\u2019dan turistlerimizi a\u011f\u0131rl\u0131yoruz. Buras\u0131 tam merkezi bir yer. \u0130zmit, Bursa ve \u0130stanbul\u2019un ortas\u0131. 45 dakikal\u0131k yol oldu\u011fu i\u00e7in hafta sonu ve g\u00fcn\u00fc birlik turizme de a\u00e7\u0131k\u201d diye konu\u015ftu.<\/p>\n","protected":false},"excerpt":{"rendered":"<p>SA\u011eLIK BAKANLI\u011eI TERMAL KAPLICALARI \u0130\u015eLETMES\u0130 M\u00dcD\u00dcR YARDIMCISI \u00dcM\u0130T G\u00dcRB\u00dcZO\u011eLU<\/p>\n","protected":false},"author":1,"featured_media":164500,"comment_status":"closed","ping_status":"open","sticky":false,"template":"","format":"standard","meta":{"jetpack_post_was_ever_published":false,"_jetpack_newsletter_access":"","_jetpack_dont_email_post_to_subs":false,"_jetpack_newsletter_tier_id":0,"_jetpack_memberships_contains_paywalled_content":false,"_jetpack_memberships_contains_paid_content":false,"footnotes":"","jetpack_publicize_message":"","jetpack_publicize_feature_enabled":true,"jetpack_social_post_already_shared":true,"jetpack_social_options":{"image_generator_settings":{"template":"highway","default_image_id":0,"font":"","enabled":false},"version":2}},"categories":[1],"tags":[23995,2210,39094,10277],"class_list":["post-164499","post","type-post","status-publish","format-standard","has-post-thumbnail","hentry","category-genel","tag-bayram","tag-tatili","tag-termalde","tag-yogunlugu"],"jetpack_publicize_connections":[],"jetpack_featured_media_url":"https:\/\/i0.wp.com\/www.tvturk.com\/wp-content\/uploads\/2019\/05\/termalde-bayram-tatili-yogunlugu_bdf9a4b.jpg?fit=1000%2C666","jetpack_sharing_enabled":true,"jetpack_shortlink":"https:\/\/wp.me\/paKIfm-GNd","_links":{"self":[{"href":"http:\/\/www.tvturk.com\/index.php\/wp-json\/wp\/v2\/posts\/164499","targetHints":{"allow":["GET"]}}],"collection":[{"href":"http:\/\/www.tvturk.com\/index.php\/wp-json\/wp\/v2\/posts"}],"about":[{"href":"http:\/\/www.tvturk.com\/index.php\/wp-json\/wp\/v2\/types\/post"}],"author":[{"embeddable":true,"href":"http:\/\/www.tvturk.com\/index.php\/wp-json\/wp\/v2\/users\/1"}],"replies":[{"embeddable":true,"href":"http:\/\/www.tvturk.com\/index.php\/wp-json\/wp\/v2\/comments?post=164499"}],"version-history":[{"count":0,"href":"http:\/\/www.tvturk.com\/index.php\/wp-json\/wp\/v2\/posts\/164499\/revisions"}],"wp:featuredmedia":[{"embeddable":true,"href":"http:\/\/www.tvturk.com\/index.php\/wp-json\/wp\/v2\/media\/164500"}],"wp:attachment":[{"href":"http:\/\/www.tvturk.com\/index.php\/wp-json\/wp\/v2\/media?parent=164499"}],"wp:term":[{"taxonomy":"category","embeddable":true,"href":"http:\/\/www.tvturk.com\/index.php\/wp-json\/wp\/v2\/categories?post=164499"},{"taxonomy":"post_tag","embeddable":true,"href":"http:\/\/www.tvturk.com\/index.php\/wp-json\/wp\/v2\/tags?post=164499"}],"curies":[{"name":"wp","href":"https:\/\/api.w.org\/{rel}","templated":true}]}}