{"id":164511,"date":"2019-05-31T14:18:12","date_gmt":"2019-05-31T11:18:12","guid":{"rendered":"http:\/\/www.tvturk.com\/index.php\/gonullu-cevrecilerden-sahil-temizligi\/"},"modified":"2019-05-31T14:18:12","modified_gmt":"2019-05-31T11:18:12","slug":"gonullu-cevrecilerden-sahil-temizligi","status":"publish","type":"post","link":"http:\/\/www.tvturk.com\/index.php\/gonullu-cevrecilerden-sahil-temizligi\/","title":{"rendered":"G\u00f6n\u00fcll\u00fc \u00e7evrecilerden sahil temizli\u011fi"},"content":{"rendered":"<p>Bursa B\u00fcy\u00fck\u015fehir Belediyesi, D\u00fcnya \u00c7evre G\u00fcn\u00fc kapsam\u0131nda \u00e7evre duyarl\u0131l\u0131\u011f\u0131na y\u00f6nelik fark\u0131ndal\u0131k olu\u015fturmak amac\u0131yla \u00f6\u011frenciler ve \u00e7evre g\u00f6n\u00fcll\u00fcleri ile birlikte K\u00fc\u00e7\u00fckkumla sahilinde at\u0131k toplad\u0131.<\/p>\n<p>Park Bah\u00e7eler ve Sahil Hizmetleri Dairesi Ba\u015fkanl\u0131\u011f\u0131 taraf\u0131ndan d\u00fczenlenen Plajda At\u0131k Toplama etkinli\u011fi Gemlik K\u00fc\u00e7\u00fckkumla\u2019da yap\u0131ld\u0131. \u00c7evreye ve denizlere olan duyarl\u0131l\u0131k ve k\u0131y\u0131lardaki kirlili\u011fe dikkat \u00e7ekerek fark\u0131ndal\u0131\u011f\u0131 art\u0131rmak amac\u0131yla yap\u0131lan etkinli\u011fine Do\u011fa Koleji \u00f6\u011frencileri ve g\u00f6n\u00fcll\u00fc \u00e7evreciler destek verdi. Ellerine \u00e7\u00f6p po\u015fetlerini alan \u00e7evreciler, sahildeki at\u0131klar\u0131 b\u00fcy\u00fck bir titizlikle toplad\u0131.<\/p>\n","protected":false},"excerpt":{"rendered":"<p>BURSA B\u00dcY\u00dcK\u015eEH\u0130R BELED\u0130YES\u0130, D\u00dcNYA \u00c7EVRE G\u00dcN\u00dc KAPSAMINDA \u00c7EVRE DUYARLILI\u011eINA Y\u00d6NEL\u0130K FARKINDALIK OLU\u015eTURMAK AMACIYLA \u00d6\u011eRENC\u0130LER VE \u00c7EVRE G\u00d6N\u00dcLL\u00dcLER\u0130 \u0130LE B\u0130RL\u0130KTE K\u00dc\u00c7\u00dcKKUMLA SAH\u0130L\u0130NDE ATIK TOPLADI.<\/p>\n","protected":false},"author":1,"featured_media":164512,"comment_status":"closed","ping_status":"open","sticky":false,"template":"","format":"standard","meta":{"jetpack_post_was_ever_published":false,"_jetpack_newsletter_access":"","_jetpack_dont_email_post_to_subs":false,"_jetpack_newsletter_tier_id":0,"_jetpack_memberships_contains_paywalled_content":false,"_jetpack_memberships_contains_paid_content":false,"footnotes":"","jetpack_publicize_message":"","jetpack_publicize_feature_enabled":true,"jetpack_social_post_already_shared":true,"jetpack_social_options":{"image_generator_settings":{"template":"highway","default_image_id":0,"font":"","enabled":false},"version":2}},"categories":[1],"tags":[11878,1121,8591,7452],"class_list":["post-164511","post","type-post","status-publish","format-standard","has-post-thumbnail","hentry","category-genel","tag-cevrecilerden","tag-gonullu","tag-sahil","tag-temizligi"],"jetpack_publicize_connections":[],"jetpack_featured_media_url":"https:\/\/i0.wp.com\/www.tvturk.com\/wp-content\/uploads\/2019\/05\/gonullu-cevrecilerden-sahil-temizligi_0a4780f.jpg?fit=1000%2C667","jetpack_sharing_enabled":true,"jetpack_shortlink":"https:\/\/wp.me\/paKIfm-GNp","_links":{"self":[{"href":"http:\/\/www.tvturk.com\/index.php\/wp-json\/wp\/v2\/posts\/164511","targetHints":{"allow":["GET"]}}],"collection":[{"href":"http:\/\/www.tvturk.com\/index.php\/wp-json\/wp\/v2\/posts"}],"about":[{"href":"http:\/\/www.tvturk.com\/index.php\/wp-json\/wp\/v2\/types\/post"}],"author":[{"embeddable":true,"href":"http:\/\/www.tvturk.com\/index.php\/wp-json\/wp\/v2\/users\/1"}],"replies":[{"embeddable":true,"href":"http:\/\/www.tvturk.com\/index.php\/wp-json\/wp\/v2\/comments?post=164511"}],"version-history":[{"count":0,"href":"http:\/\/www.tvturk.com\/index.php\/wp-json\/wp\/v2\/posts\/164511\/revisions"}],"wp:featuredmedia":[{"embeddable":true,"href":"http:\/\/www.tvturk.com\/index.php\/wp-json\/wp\/v2\/media\/164512"}],"wp:attachment":[{"href":"http:\/\/www.tvturk.com\/index.php\/wp-json\/wp\/v2\/media?parent=164511"}],"wp:term":[{"taxonomy":"category","embeddable":true,"href":"http:\/\/www.tvturk.com\/index.php\/wp-json\/wp\/v2\/categories?post=164511"},{"taxonomy":"post_tag","embeddable":true,"href":"http:\/\/www.tvturk.com\/index.php\/wp-json\/wp\/v2\/tags?post=164511"}],"curies":[{"name":"wp","href":"https:\/\/api.w.org\/{rel}","templated":true}]}}