{"id":164519,"date":"2019-05-31T14:19:24","date_gmt":"2019-05-31T11:19:24","guid":{"rendered":"http:\/\/www.tvturk.com\/index.php\/diyarbakirda-ramazan-ayinin-son-cumasi-kilindi\/"},"modified":"2019-05-31T14:19:24","modified_gmt":"2019-05-31T11:19:24","slug":"diyarbakirda-ramazan-ayinin-son-cumasi-kilindi","status":"publish","type":"post","link":"http:\/\/www.tvturk.com\/index.php\/diyarbakirda-ramazan-ayinin-son-cumasi-kilindi\/","title":{"rendered":"Diyarbak\u0131r\u2019da Ramazan ay\u0131n\u0131n son cumas\u0131 k\u0131l\u0131nd\u0131"},"content":{"rendered":"<p>Ramazan ay\u0131n\u0131n son cumas\u0131nda Diyarbak\u0131r\u2019da vatanda\u015flar s\u0131cak havaya ra\u011fmen cami i\u00e7erisini doldurdu. Cami i\u00e7erisinde yer bulamayan vatanda\u015flar avluda ibadetlerini eda etti.<\/p>\n<p>Diyarbak\u0131r\u2019da Ramazan ay\u0131n\u0131n son cuma namaz\u0131 i\u00e7in Sur il\u00e7esinde bulunan tarihi Ulu Camii\u2019ye ak\u0131n eden vatanda\u015flar k\u0131sa s\u00fcrede camiyi doldurdu. 11 ay\u0131n sultan\u0131 Ramazan ay\u0131n\u0131n son cuma namaz\u0131 ve Kadir gecesi olmas\u0131 nedeni ile tarihi Ulu Camii\u2019ye ak\u0131n eden vatanda\u015flar cami i\u00e7erisinde yer olmay\u0131nca g\u00fcne\u015fe ald\u0131rmayarak, avluya serilen has\u0131r ve hal\u0131lar\u0131n \u00fczerinde namaz k\u0131ld\u0131.<\/p>\n<p>&#8220;Beden zay\u0131flad\u0131, ruh g\u00fc\u00e7lendi&#8221;<\/p>\n<p>Camiye gelen vatanda\u015flardan Taha Akdeniz, beden olarak belki zay\u0131flam\u0131\u015f olabildiklerini ama ruh olarak g\u00fc\u00e7lendiklerini s\u00f6yledi. Akdeniz, \u201cB\u00fct\u00fcn M\u00fcsl\u00fcman alemine hay\u0131rl\u0131 u\u011furlu olsun. Bu b\u00fct\u00fcn fitne ve fesad\u0131n M\u00fcsl\u00fcman camias\u0131ndan Allah def etsin. M\u00fcsl\u00fcmanlar\u0131n birlik ve beraberli\u011fi \u00e7ok \u00f6nemlidir. Bu M\u00fcsl\u00fcmanlar\u0131n i\u00e7erisinde fitne fesad\u0131 sokan mihraklar zaman\u0131nda da olmu\u015f, \u015fimdi de olmu\u015f halende olacak ve bundan sonrada olacak. Allah in\u015fallah M\u00fcsl\u00fcmanlara feraset versin ve b\u00fct\u00fcn fikir ve ak\u0131llar\u0131n\u0131 birle\u015ftirip birlik olmalar\u0131n\u0131 temenni ediyorum. Ramazan\u0131n son g\u00fcnleri biraz s\u0131cakt\u0131r ama s\u0131cakl\u0131\u011f\u0131 inanc\u0131n \u00fcst\u00fcne tesir edemedi\u011fini halk aras\u0131nda g\u00f6rd\u00fcm. \u00c7\u00fcnk\u00fc inanc\u0131ndan hi\u00e7bir zaman taviz vermeyen insanlar Ramazan ay\u0131nda oru\u00e7 tuttular ve bununda sevab\u0131n\u0131 hayr\u0131n\u0131 in\u015fallah g\u00f6receklerdir. Bayram mesaj\u0131 olarak da karde\u015flik ve uhuvvet olmas\u0131n\u0131 temenni ederim. Birlik ve beraberli\u011fe vesile olmas\u0131n\u0131 temenni ediyorum&#8221; dedi.<\/p>\n<p>&#8220;\u00c7ok rahat\u0131z, \u00e7ok huzurluyuz&#8221;<\/p>\n<p>Camiye gelen vatanda\u015flardan Metin Yalman ise Ramazan ay\u0131n\u0131n \u00e7ok g\u00fczel ge\u00e7ti\u011fini ifade etti. Yalman, \u201cHavalar tam \u0131s\u0131nmaya ba\u015flay\u0131nca Ramazan ay\u0131n\u0131n son g\u00fcnleri geldi. \u00c7ok g\u00fczel ferah ge\u00e7ti, herkesin g\u00fczel bir Ramazan ge\u00e7irmesi dile\u011fiyle, g\u00fczel bir bayramda nasip etsin. \u00c7ok rahat\u0131z, \u00e7ok huzurluyuz sanki hi\u00e7 oru\u00e7 tutmam\u0131\u015f\u0131z. Herkesin Kadir gecesini m\u00fcbarek olsun&#8221; diye konu\u015ftu.<\/p>\n","protected":false},"excerpt":{"rendered":"<p>RAMAZAN AYINI SON CUMASINDA D\u0130YARBAKIR\u2019DA VATANDA\u015eLAR SICAK HAVAYA RA\u011eMEN CAM\u0130 \u0130\u00c7ER\u0130S\u0130N\u0130 DOLDURDU, \u0130\u00c7ER\u0130DE YER BULAMAYAN VATANDA\u015eLAR CAM\u0130 AVLUSUNDA \u0130BADETLER\u0130N\u0130 EDA ETT\u0130.<\/p>\n","protected":false},"author":1,"featured_media":164520,"comment_status":"closed","ping_status":"open","sticky":false,"template":"","format":"standard","meta":{"jetpack_post_was_ever_published":false,"_jetpack_newsletter_access":"","_jetpack_dont_email_post_to_subs":false,"_jetpack_newsletter_tier_id":0,"_jetpack_memberships_contains_paywalled_content":false,"_jetpack_memberships_contains_paid_content":false,"footnotes":"","jetpack_publicize_message":"","jetpack_publicize_feature_enabled":true,"jetpack_social_post_already_shared":true,"jetpack_social_options":{"image_generator_settings":{"template":"highway","default_image_id":0,"font":"","enabled":false},"version":2}},"categories":[1],"tags":[7009,39101,62,13750,28330,1240],"class_list":["post-164519","post","type-post","status-publish","format-standard","has-post-thumbnail","hentry","category-genel","tag-ayinin","tag-cumasi","tag-diyarbakirda","tag-kilindi","tag-ramazan","tag-son"],"jetpack_publicize_connections":[],"jetpack_featured_media_url":"https:\/\/i0.wp.com\/www.tvturk.com\/wp-content\/uploads\/2019\/05\/diyarbakirda-ramazan-ayinin-son-cumasi-kilindi_ed9fc22.jpg?fit=1000%2C666","jetpack_sharing_enabled":true,"jetpack_shortlink":"https:\/\/wp.me\/paKIfm-GNx","_links":{"self":[{"href":"http:\/\/www.tvturk.com\/index.php\/wp-json\/wp\/v2\/posts\/164519","targetHints":{"allow":["GET"]}}],"collection":[{"href":"http:\/\/www.tvturk.com\/index.php\/wp-json\/wp\/v2\/posts"}],"about":[{"href":"http:\/\/www.tvturk.com\/index.php\/wp-json\/wp\/v2\/types\/post"}],"author":[{"embeddable":true,"href":"http:\/\/www.tvturk.com\/index.php\/wp-json\/wp\/v2\/users\/1"}],"replies":[{"embeddable":true,"href":"http:\/\/www.tvturk.com\/index.php\/wp-json\/wp\/v2\/comments?post=164519"}],"version-history":[{"count":0,"href":"http:\/\/www.tvturk.com\/index.php\/wp-json\/wp\/v2\/posts\/164519\/revisions"}],"wp:featuredmedia":[{"embeddable":true,"href":"http:\/\/www.tvturk.com\/index.php\/wp-json\/wp\/v2\/media\/164520"}],"wp:attachment":[{"href":"http:\/\/www.tvturk.com\/index.php\/wp-json\/wp\/v2\/media?parent=164519"}],"wp:term":[{"taxonomy":"category","embeddable":true,"href":"http:\/\/www.tvturk.com\/index.php\/wp-json\/wp\/v2\/categories?post=164519"},{"taxonomy":"post_tag","embeddable":true,"href":"http:\/\/www.tvturk.com\/index.php\/wp-json\/wp\/v2\/tags?post=164519"}],"curies":[{"name":"wp","href":"https:\/\/api.w.org\/{rel}","templated":true}]}}