{"id":164525,"date":"2019-05-31T14:23:54","date_gmt":"2019-05-31T11:23:54","guid":{"rendered":"http:\/\/www.tvturk.com\/index.php\/mike-pompeo-almanyada\/"},"modified":"2019-05-31T14:23:54","modified_gmt":"2019-05-31T11:23:54","slug":"mike-pompeo-almanyada","status":"publish","type":"post","link":"http:\/\/www.tvturk.com\/index.php\/mike-pompeo-almanyada\/","title":{"rendered":"Mike Pompeo, Almanya\u2019da"},"content":{"rendered":"<p>ABD D\u0131\u015fi\u015fleri Bakan\u0131 Mike Pompeo, Alman mevkida\u015f\u0131 Haiko Maas\u2019la ger\u00e7ekle\u015ftirdi\u011fi g\u00f6r\u00fc\u015fmede, \u201cBir\u00e7ok uluslararas\u0131 sorun ve ihtilaf ancak yak\u0131n Alman-Amerikan koordinasyonunda \u00e7\u00f6z\u00fclebilir\u201d dedi.<\/p>\n<p>ABD D\u0131\u015fi\u015fleri Bakan\u0131 Mike Pompeo, Alman mevkida\u015f\u0131 Haiko Maas\u2019la ba\u015fkent Berlin\u2019de bir araya geldi. G\u00f6r\u00fc\u015fmenin ana konusu \u0130ran, uluslararas\u0131 sorunlar ve Almanya-ABD ili\u015fkileri oldu. Almanya D\u0131\u015fi\u015fleri Bakan\u0131 Heiko Maas, ABD ile uluslararas\u0131 politika konusundaki derin g\u00f6r\u00fc\u015f farkl\u0131l\u0131klar\u0131na ra\u011fmen yak\u0131n Alman-Amerikan ili\u015fkisini vurgulad\u0131. Maas, iki \u00fclke aras\u0131ndaki yak\u0131n ili\u015fkinin, Almanya ile ABD aras\u0131ndaki &#8220;k\u00f6kl\u00fc dostlu\u011fun&#8221; bir ifadesi oldu\u011funu s\u00f6yledi. Pompeo g\u00f6r\u00fc\u015fmeden sonra yapt\u0131\u011f\u0131 a\u00e7\u0131klamada, \u201cBir\u00e7ok uluslararas\u0131 sorun ve ihtilaf ancak yak\u0131n Alman-Amerikan koordinasyonunda \u00e7\u00f6z\u00fclebilir\u201d dedi.<\/p>\n<p>G\u00f6r\u00fc\u015fmede Ukrayna\u2019daki ihtilaf, Rusya ve \u00c7in\u2019le olan ili\u015fkiler, antisemitizme kar\u015f\u0131 m\u00fccadele ve ABD ile \u0130ran aras\u0131ndaki anla\u015fmazl\u0131k, ABD\u2019nin yapt\u0131r\u0131mlar\u0131 gibi konular ele al\u0131nd\u0131.<\/p>\n<p>\u00c7in telekom\u00fcnikasyon devi Huawei ile ba\u015fa \u00e7\u0131kma konusundaki farkl\u0131 yakla\u015f\u0131mlar konusunda Pompeo, ABD a\u00e7\u0131s\u0131ndan bak\u0131ld\u0131\u011f\u0131nda, h\u0131zl\u0131 5G veri a\u011f\u0131n\u0131n olu\u015fturulmas\u0131yla ba\u011flant\u0131l\u0131 olarak Huawei ile ilgili g\u00fcvenlik endi\u015felerinin giderilmesinin m\u00fcmk\u00fcn olmad\u0131\u011f\u0131n\u0131 s\u00f6yledi. Pompeo, \u201cABD bilgi ak\u0131\u015f\u0131n\u0131n g\u00fcvenilir oldu\u011fu ve \u00c7in Kom\u00fcnist Partisi\u2019nin eline ge\u00e7meyen veri a\u011flar\u0131n\u0131n sa\u011flanmas\u0131 sa\u011flanmal\u0131d\u0131r. \u00c7in, d\u00fcnya \u00e7ap\u0131nda ABD, Avrupa ve Bat\u0131 demokrasilerinin ulusal g\u00fcvenli\u011fini tehdit ediyor\u201d dedi.<\/p>\n<p>Maas, federal h\u00fck\u00fcmetin 5G\u2019yi tan\u0131t\u0131rken y\u00fcksek g\u00fcvenlik standartlar\u0131 getirdi\u011fini vurgulayarak, \u201cFederal h\u00fck\u00fcmetin 5G ile ba\u011flant\u0131l\u0131 olarak Huawei ile de endi\u015feleri var. D\u0131\u015fi\u015fleri Bakan\u0131, bir \u015firketin g\u00fcvenlik garantilerini yerine getirememesi durumunda kazanma \u015fans\u0131n\u0131n \u00e7ok d\u00fc\u015f\u00fck olaca\u011f\u0131n\u0131 s\u00f6yledi. ABD, \u00c7in\u2019e kar\u015f\u0131 cezaland\u0131r\u0131c\u0131 tarife ek olarak, son haftalarda Huawei\u2019yi kara listeye alarak \u00fclkenin ticaret sava\u015f\u0131n\u0131 daraltt\u0131. Sonu\u00e7 olarak, ABD ortaklar\u0131yla olan ticari ili\u015fkileri kat\u0131 denetimlere tabidir\u201d ifadelerini kulland\u0131.<\/p>\n<p>Pompeo bir y\u0131ldan fazla s\u00fcredir g\u00f6revde ve yakla\u015f\u0131k 40 \u00fclkeyi ziyaret etti. Pompeo\u2019nun May\u0131s ay\u0131n\u0131n ba\u015f\u0131nda Berlin\u2019e gelmesi gerekiyordu ancak \u0130ran krizi nedeniyle Irak\u2019a gitmeyi tercih ediyordu. K\u0131sa vadeli iptal i\u015flemleri Berlin\u2019de tahri\u015fe neden oldu.<\/p>\n","protected":false},"excerpt":{"rendered":"<p>ABD DI\u015e\u0130\u015eLER\u0130 BAKANI M\u0130KE POMPEO, ALMAN MEVK\u0130DA\u015eI HA\u0130KO MAAS\u2019LA GER\u00c7EKLE\u015eT\u0130RD\u0130\u011e\u0130 G\u00d6R\u00dc\u015eMEDE, \u201cB\u0130R\u00c7OK ULUSLARARASI SORUN VE \u0130HT\u0130LAF ANCAK YAKIN ALMAN-AMER\u0130KAN KOORD\u0130NASYONUNDA \u00c7\u00d6Z\u00dcLEB\u0130L\u0130R\u201d DED\u0130.<\/p>\n","protected":false},"author":1,"featured_media":164526,"comment_status":"closed","ping_status":"open","sticky":false,"template":"","format":"standard","meta":{"jetpack_post_was_ever_published":false,"_jetpack_newsletter_access":"","_jetpack_dont_email_post_to_subs":false,"_jetpack_newsletter_tier_id":0,"_jetpack_memberships_contains_paywalled_content":false,"_jetpack_memberships_contains_paid_content":false,"footnotes":"","jetpack_publicize_message":"","jetpack_publicize_feature_enabled":true,"jetpack_social_post_already_shared":true,"jetpack_social_options":{"image_generator_settings":{"template":"highway","default_image_id":0,"font":"","enabled":false},"version":2}},"categories":[10],"tags":[6637,13428,11054],"class_list":["post-164525","post","type-post","status-publish","format-standard","has-post-thumbnail","hentry","category-dunya","tag-almanyada","tag-mike","tag-pompeo"],"jetpack_publicize_connections":[],"jetpack_featured_media_url":"https:\/\/i0.wp.com\/www.tvturk.com\/wp-content\/uploads\/2019\/05\/mike-pompeo-almanyada_c85504c.jpg?fit=1000%2C666","jetpack_sharing_enabled":true,"jetpack_shortlink":"https:\/\/wp.me\/paKIfm-GND","_links":{"self":[{"href":"http:\/\/www.tvturk.com\/index.php\/wp-json\/wp\/v2\/posts\/164525","targetHints":{"allow":["GET"]}}],"collection":[{"href":"http:\/\/www.tvturk.com\/index.php\/wp-json\/wp\/v2\/posts"}],"about":[{"href":"http:\/\/www.tvturk.com\/index.php\/wp-json\/wp\/v2\/types\/post"}],"author":[{"embeddable":true,"href":"http:\/\/www.tvturk.com\/index.php\/wp-json\/wp\/v2\/users\/1"}],"replies":[{"embeddable":true,"href":"http:\/\/www.tvturk.com\/index.php\/wp-json\/wp\/v2\/comments?post=164525"}],"version-history":[{"count":0,"href":"http:\/\/www.tvturk.com\/index.php\/wp-json\/wp\/v2\/posts\/164525\/revisions"}],"wp:featuredmedia":[{"embeddable":true,"href":"http:\/\/www.tvturk.com\/index.php\/wp-json\/wp\/v2\/media\/164526"}],"wp:attachment":[{"href":"http:\/\/www.tvturk.com\/index.php\/wp-json\/wp\/v2\/media?parent=164525"}],"wp:term":[{"taxonomy":"category","embeddable":true,"href":"http:\/\/www.tvturk.com\/index.php\/wp-json\/wp\/v2\/categories?post=164525"},{"taxonomy":"post_tag","embeddable":true,"href":"http:\/\/www.tvturk.com\/index.php\/wp-json\/wp\/v2\/tags?post=164525"}],"curies":[{"name":"wp","href":"https:\/\/api.w.org\/{rel}","templated":true}]}}