{"id":16454,"date":"2019-02-09T17:42:48","date_gmt":"2019-02-09T14:42:48","guid":{"rendered":"http:\/\/www.tvturk.com\/index.php\/bafra-belediyesinden-yogun-mesai\/"},"modified":"2019-02-09T17:42:50","modified_gmt":"2019-02-09T14:42:50","slug":"bafra-belediyesinden-yogun-mesai","status":"publish","type":"post","link":"http:\/\/www.tvturk.com\/index.php\/bafra-belediyesinden-yogun-mesai\/","title":{"rendered":"Bafra Belediyesinden yo\u011fun mesai"},"content":{"rendered":"<p>\u2018Daha g\u00fczel bir Bafra\u2019 i\u00e7in \u00e7al\u0131\u015fmalar\u0131n\u0131 aral\u0131ks\u0131z s\u00fcrd\u00fcren Bafra Belediyesi, il\u00e7e genelindeki \u00e7al\u0131\u015fmalar\u0131n\u0131 hafta sonlar\u0131 da s\u00fcrd\u00fcr\u00fcyor.<\/p>\n<p>Yo\u011fun bir tempo i\u00e7erisinde \u00e7al\u0131\u015fmalar\u0131n\u0131 s\u00fcrd\u00fcren Bafra Belediyesi Fen \u0130\u015fleri M\u00fcd\u00fcrl\u00fc\u011f\u00fc ekiplerinin gayretleri Bafral\u0131lar\u0131n da takdirini topluyor. Yap\u0131lan her \u00e7al\u0131\u015fmay\u0131 yerinde inceleyen ve yetkililerden bilgi alan Bafra Belediye Ba\u015fkan\u0131 Hamit K\u0131l\u0131\u00e7, Hac\u0131nabi Mahallesi\u2019nde ger\u00e7ekle\u015fen kald\u0131r\u0131m \u00e7al\u0131\u015fmalar\u0131nda da alandayd\u0131.<\/p>\n<p>Hac\u0131nabi Mahallesi Ekmek\u00e7i, Cihanbah\u00e7e 1. ve 2. Sokaklar\u0131nda Fen \u0130\u015fleri M\u00fcd\u00fcrl\u00fc\u011f\u00fc kald\u0131r\u0131m ekibimizin y\u00fcr\u00fctt\u00fc\u011f\u00fc \u00e7al\u0131\u015fmalar\u0131, Muhtar Mustafa Cengiz ve mahalle sakinleri ile birlikte takip eden Bafra Belediye Ba\u015fkan\u0131 Hamit K\u0131l\u0131\u00e7, onlar\u0131n \u00f6nerilerini dinleyerek yap\u0131lacak \u00e7ak\u0131\u015fmalar hakk\u0131nda bilgi verdi.<\/p>\n<p>H\u00fcseyin Edis\u2019ten Ba\u015fkan K\u0131l\u0131\u00e7\u2019a ziyaret<\/p>\n<p>Milliyet\u00e7i Hareket Partisi 25. D\u00f6nem Milletvekili ve Genel Ba\u015fkan Dan\u0131\u015fman\u0131 H\u00fcseyin Edis, Bafra Belediye Ba\u015fkan\u0131 Hamit K\u0131l\u0131\u00e7\u2019\u0131 makam\u0131nda ziyaret etti. Ziyarete MHP Bafra \u0130l\u00e7e Ba\u015fkan\u0131 Barbaros Turna, y\u00f6netim kurulu \u00fcyeleri, milletvekili dan\u0131\u015fman\u0131 Ali Ceyhan da haz\u0131r bulundu. Kar\u015f\u0131l\u0131kl\u0131 fikir al\u0131\u015fveri\u015finde bulunulan ziyarette, 31 Mart yerel se\u00e7imleri \u00f6ncesi ger\u00e7ekle\u015ftirilecek \u00e7al\u0131\u015fmalar hakk\u0131nda g\u00f6r\u00fc\u015fler bildirildi.<\/p>\n<p>Bafra Belediye Ba\u015fkan\u0131 Hamit K\u0131l\u0131\u00e7, &#8220;Milliyet\u00e7i Hareket Partisi 25. D\u00f6nem Milletvekili ve Genel Ba\u015fkan Dan\u0131\u015fman\u0131 H\u00fcseyin Edis\u2019in nazik ziyareti bizleri mutlu etti. Kendilerine te\u015fekk\u00fcr ediyorum. Cumhur \u0130ttifak\u0131 yol arkada\u015flar\u0131m\u0131zla Samsunumuzda, il\u00e7emizde ve \u00fclke genelinde in\u015fallah g\u00fczel bir ba\u015far\u0131 elde edece\u011fiz\u201d diye konu\u015ftu.<div class=\"tiled-gallery type-rectangular tiled-gallery-unresized\" data-original-width=\"500\" data-carousel-extra='null' itemscope itemtype=\"http:\/\/schema.org\/ImageGallery\" > <div class=\"gallery-row\" style=\"width: 500px; height: 224px;\" data-original-width=\"500\" data-original-height=\"224\" > <div class=\"gallery-group images-1\" style=\"width: 334px; height: 224px;\" data-original-width=\"334\" data-original-height=\"224\" > <div class=\"tiled-gallery-item tiled-gallery-item-large\" itemprop=\"associatedMedia\" itemscope itemtype=\"http:\/\/schema.org\/ImageObject\"> <a href=\"http:\/\/www.tvturk.com\/index.php\/bafra-belediyesinden-yogun-mesai\/bafra-belediyesinden-yogun-mesai-3\/\" border=\"0\" itemprop=\"url\"> <meta itemprop=\"width\" content=\"330\"> <meta itemprop=\"height\" content=\"220\"> <img decoding=\"async\" class=\"\" data-attachment-id=\"16456\" data-orig-file=\"http:\/\/www.tvturk.com\/wp-content\/uploads\/2019\/02\/bafra-belediyesinden-yogun-mesai_66c6b73.jpg\" data-orig-size=\"1000,666\" data-comments-opened=\"\" data-image-meta=\"{&quot;aperture&quot;:&quot;0&quot;,&quot;credit&quot;:&quot;IHA&quot;,&quot;camera&quot;:&quot;&quot;,&quot;caption&quot;:&quot;\\u2018DAHA G\\u00dcZEL B\\u0130R BAFRA\\u2019 \\u0130\\u00c7\\u0130N \\u00c7ALI\\u015eMALARINI ARALIKSIZ S\\u00dcRD\\u00dcREN BAFRA BELED\\u0130YES\\u0130, \\u0130L\\u00c7E GENEL\\u0130NDEK\\u0130 \\u00c7ALI\\u015eMALARINI HAFTA SONLARI DA S\\u00dcRD\\u00dcR\\u00dcYOR. (\\u0130HA\\\/SAMSUN-\\u0130HA)&quot;,&quot;created_timestamp&quot;:&quot;0&quot;,&quot;copyright&quot;:&quot;\\u0130HLAS HABER AJANSI, www.iha.com.tr&quot;,&quot;focal_length&quot;:&quot;0&quot;,&quot;iso&quot;:&quot;0&quot;,&quot;shutter_speed&quot;:&quot;0&quot;,&quot;title&quot;:&quot;BAFRA BELED\\u0130YES\\u0130NDEN YO\\u011eUN MESA\\u0130&quot;,&quot;orientation&quot;:&quot;0&quot;}\" data-image-title=\"Bafra Belediyesinden yo\u011fun mesai\" data-image-description=\"&lt;p&gt;Bafra Belediyesinden yo\u011fun mesai&lt;\/p&gt; \" data-medium-file=\"https:\/\/i0.wp.com\/www.tvturk.com\/wp-content\/uploads\/2019\/02\/bafra-belediyesinden-yogun-mesai_66c6b73.jpg?fit=300%2C200\" data-large-file=\"https:\/\/i0.wp.com\/www.tvturk.com\/wp-content\/uploads\/2019\/02\/bafra-belediyesinden-yogun-mesai_66c6b73.jpg?fit=1000%2C666\" src=\"https:\/\/i0.wp.com\/www.tvturk.com\/wp-content\/uploads\/2019\/02\/bafra-belediyesinden-yogun-mesai_66c6b73.jpg?w=330&#038;h=220\" srcset=\"https:\/\/i0.wp.com\/www.tvturk.com\/wp-content\/uploads\/2019\/02\/bafra-belediyesinden-yogun-mesai_66c6b73.jpg?w=1000 1000w, https:\/\/i0.wp.com\/www.tvturk.com\/wp-content\/uploads\/2019\/02\/bafra-belediyesinden-yogun-mesai_66c6b73.jpg?resize=150%2C100 150w, https:\/\/i0.wp.com\/www.tvturk.com\/wp-content\/uploads\/2019\/02\/bafra-belediyesinden-yogun-mesai_66c6b73.jpg?resize=300%2C200 300w, https:\/\/i0.wp.com\/www.tvturk.com\/wp-content\/uploads\/2019\/02\/bafra-belediyesinden-yogun-mesai_66c6b73.jpg?resize=768%2C511 768w, https:\/\/i0.wp.com\/www.tvturk.com\/wp-content\/uploads\/2019\/02\/bafra-belediyesinden-yogun-mesai_66c6b73.jpg?resize=170%2C113 170w, https:\/\/i0.wp.com\/www.tvturk.com\/wp-content\/uploads\/2019\/02\/bafra-belediyesinden-yogun-mesai_66c6b73.jpg?resize=120%2C80 120w\" width=\"330\" height=\"220\" loading=\"lazy\" data-original-width=\"330\" data-original-height=\"220\" itemprop=\"http:\/\/schema.org\/image\" title=\"Bafra Belediyesinden yo\u011fun mesai\" alt=\"Bafra Belediyesinden yo\u011fun mesai\" style=\"width: 330px; height: 220px;\" \/> <\/a> <\/div> <\/div> <!-- close group --> <div class=\"gallery-group images-2\" style=\"width: 166px; height: 224px;\" data-original-width=\"166\" data-original-height=\"224\" > <div class=\"tiled-gallery-item tiled-gallery-item-small\" itemprop=\"associatedMedia\" itemscope itemtype=\"http:\/\/schema.org\/ImageObject\"> <a href=\"http:\/\/www.tvturk.com\/index.php\/bafra-belediyesinden-yogun-mesai\/bafra-belediyesinden-yogun-mesai-4\/\" border=\"0\" itemprop=\"url\"> <meta itemprop=\"width\" content=\"162\"> <meta itemprop=\"height\" content=\"108\"> <img decoding=\"async\" class=\"\" data-attachment-id=\"16457\" data-orig-file=\"http:\/\/www.tvturk.com\/wp-content\/uploads\/2019\/02\/bafra-belediyesinden-yogun-mesai_8e0962a.jpg\" data-orig-size=\"1000,666\" data-comments-opened=\"\" data-image-meta=\"{&quot;aperture&quot;:&quot;0&quot;,&quot;credit&quot;:&quot;IHA&quot;,&quot;camera&quot;:&quot;&quot;,&quot;caption&quot;:&quot;M\\u0130LL\\u0130YET\\u00c7\\u0130 HAREKET PART\\u0130S\\u0130 25. D\\u00d6NEM M\\u0130LLETVEK\\u0130L\\u0130 VE GENEL BA\\u015eKAN DANI\\u015eMANI H\\u00dcSEY\\u0130N ED\\u0130S, BAFRA BELED\\u0130YE BA\\u015eKANI HAM\\u0130T KILI\\u00c7\\u2019I MAKAMINDA Z\\u0130YARET ETT\\u0130. (\\u0130HA\\\/SAMSUN-\\u0130HA)&quot;,&quot;created_timestamp&quot;:&quot;0&quot;,&quot;copyright&quot;:&quot;\\u0130HLAS HABER AJANSI, www.iha.com.tr&quot;,&quot;focal_length&quot;:&quot;0&quot;,&quot;iso&quot;:&quot;0&quot;,&quot;shutter_speed&quot;:&quot;0&quot;,&quot;title&quot;:&quot;BAFRA BELED\\u0130YES\\u0130NDEN YO\\u011eUN MESA\\u0130&quot;,&quot;orientation&quot;:&quot;0&quot;}\" data-image-title=\"Bafra Belediyesinden yo\u011fun mesai\" data-image-description=\"&lt;p&gt;Bafra Belediyesinden yo\u011fun mesai&lt;\/p&gt; \" data-medium-file=\"https:\/\/i0.wp.com\/www.tvturk.com\/wp-content\/uploads\/2019\/02\/bafra-belediyesinden-yogun-mesai_8e0962a.jpg?fit=300%2C200\" data-large-file=\"https:\/\/i0.wp.com\/www.tvturk.com\/wp-content\/uploads\/2019\/02\/bafra-belediyesinden-yogun-mesai_8e0962a.jpg?fit=1000%2C666\" src=\"https:\/\/i0.wp.com\/www.tvturk.com\/wp-content\/uploads\/2019\/02\/bafra-belediyesinden-yogun-mesai_8e0962a.jpg?w=162&#038;h=108\" srcset=\"https:\/\/i0.wp.com\/www.tvturk.com\/wp-content\/uploads\/2019\/02\/bafra-belediyesinden-yogun-mesai_8e0962a.jpg?w=1000 1000w, https:\/\/i0.wp.com\/www.tvturk.com\/wp-content\/uploads\/2019\/02\/bafra-belediyesinden-yogun-mesai_8e0962a.jpg?resize=150%2C100 150w, https:\/\/i0.wp.com\/www.tvturk.com\/wp-content\/uploads\/2019\/02\/bafra-belediyesinden-yogun-mesai_8e0962a.jpg?resize=300%2C200 300w, https:\/\/i0.wp.com\/www.tvturk.com\/wp-content\/uploads\/2019\/02\/bafra-belediyesinden-yogun-mesai_8e0962a.jpg?resize=768%2C511 768w, https:\/\/i0.wp.com\/www.tvturk.com\/wp-content\/uploads\/2019\/02\/bafra-belediyesinden-yogun-mesai_8e0962a.jpg?resize=170%2C113 170w, https:\/\/i0.wp.com\/www.tvturk.com\/wp-content\/uploads\/2019\/02\/bafra-belediyesinden-yogun-mesai_8e0962a.jpg?resize=120%2C80 120w\" width=\"162\" height=\"108\" loading=\"lazy\" data-original-width=\"162\" data-original-height=\"108\" itemprop=\"http:\/\/schema.org\/image\" title=\"Bafra Belediyesinden yo\u011fun mesai\" alt=\"Bafra Belediyesinden yo\u011fun mesai\" style=\"width: 162px; height: 108px;\" \/> <\/a> <\/div> <div class=\"tiled-gallery-item tiled-gallery-item-small\" itemprop=\"associatedMedia\" itemscope itemtype=\"http:\/\/schema.org\/ImageObject\"> <a href=\"http:\/\/www.tvturk.com\/index.php\/bafra-belediyesinden-yogun-mesai\/bafra-belediyesinden-yogun-mesai-5\/\" border=\"0\" itemprop=\"url\"> <meta itemprop=\"width\" content=\"162\"> <meta itemprop=\"height\" content=\"108\"> <img decoding=\"async\" class=\"\" data-attachment-id=\"16458\" data-orig-file=\"http:\/\/www.tvturk.com\/wp-content\/uploads\/2019\/02\/bafra-belediyesinden-yogun-mesai_88e0137.jpg\" data-orig-size=\"1000,666\" data-comments-opened=\"\" data-image-meta=\"{&quot;aperture&quot;:&quot;0&quot;,&quot;credit&quot;:&quot;IHA&quot;,&quot;camera&quot;:&quot;&quot;,&quot;caption&quot;:&quot;M\\u0130LL\\u0130YET\\u00c7\\u0130 HAREKET PART\\u0130S\\u0130 25. D\\u00d6NEM M\\u0130LLETVEK\\u0130L\\u0130 VE GENEL BA\\u015eKAN DANI\\u015eMANI H\\u00dcSEY\\u0130N ED\\u0130S, BAFRA BELED\\u0130YE BA\\u015eKANI HAM\\u0130T KILI\\u00c7\\u2019I MAKAMINDA Z\\u0130YARET ETT\\u0130. (\\u0130HA\\\/SAMSUN-\\u0130HA)&quot;,&quot;created_timestamp&quot;:&quot;0&quot;,&quot;copyright&quot;:&quot;\\u0130HLAS HABER AJANSI, www.iha.com.tr&quot;,&quot;focal_length&quot;:&quot;0&quot;,&quot;iso&quot;:&quot;0&quot;,&quot;shutter_speed&quot;:&quot;0&quot;,&quot;title&quot;:&quot;BAFRA BELED\\u0130YES\\u0130NDEN YO\\u011eUN MESA\\u0130&quot;,&quot;orientation&quot;:&quot;0&quot;}\" data-image-title=\"Bafra Belediyesinden yo\u011fun mesai\" data-image-description=\"&lt;p&gt;Bafra Belediyesinden yo\u011fun mesai&lt;\/p&gt; \" data-medium-file=\"https:\/\/i0.wp.com\/www.tvturk.com\/wp-content\/uploads\/2019\/02\/bafra-belediyesinden-yogun-mesai_88e0137.jpg?fit=300%2C200\" data-large-file=\"https:\/\/i0.wp.com\/www.tvturk.com\/wp-content\/uploads\/2019\/02\/bafra-belediyesinden-yogun-mesai_88e0137.jpg?fit=1000%2C666\" src=\"https:\/\/i0.wp.com\/www.tvturk.com\/wp-content\/uploads\/2019\/02\/bafra-belediyesinden-yogun-mesai_88e0137.jpg?w=162&#038;h=108\" srcset=\"https:\/\/i0.wp.com\/www.tvturk.com\/wp-content\/uploads\/2019\/02\/bafra-belediyesinden-yogun-mesai_88e0137.jpg?w=1000 1000w, https:\/\/i0.wp.com\/www.tvturk.com\/wp-content\/uploads\/2019\/02\/bafra-belediyesinden-yogun-mesai_88e0137.jpg?resize=150%2C100 150w, https:\/\/i0.wp.com\/www.tvturk.com\/wp-content\/uploads\/2019\/02\/bafra-belediyesinden-yogun-mesai_88e0137.jpg?resize=300%2C200 300w, https:\/\/i0.wp.com\/www.tvturk.com\/wp-content\/uploads\/2019\/02\/bafra-belediyesinden-yogun-mesai_88e0137.jpg?resize=768%2C511 768w, https:\/\/i0.wp.com\/www.tvturk.com\/wp-content\/uploads\/2019\/02\/bafra-belediyesinden-yogun-mesai_88e0137.jpg?resize=170%2C113 170w, https:\/\/i0.wp.com\/www.tvturk.com\/wp-content\/uploads\/2019\/02\/bafra-belediyesinden-yogun-mesai_88e0137.jpg?resize=120%2C80 120w\" width=\"162\" height=\"108\" loading=\"lazy\" data-original-width=\"162\" data-original-height=\"108\" itemprop=\"http:\/\/schema.org\/image\" title=\"Bafra Belediyesinden yo\u011fun mesai\" alt=\"Bafra Belediyesinden yo\u011fun mesai\" style=\"width: 162px; height: 108px;\" \/> <\/a> <\/div> <\/div> <!-- close group --> <\/div> <!-- close row --> <\/div><\/p>\n","protected":false},"excerpt":{"rendered":"<p>\u2018DAHA G\u00dcZEL B\u0130R BAFRA\u2019 \u0130\u00c7\u0130N \u00c7ALI\u015eMALARINI ARALIKSIZ S\u00dcRD\u00dcREN BAFRA BELED\u0130YES\u0130, \u0130L\u00c7E GENEL\u0130NDEK\u0130 \u00c7ALI\u015eMALARINI HAFTA SONLARI DA S\u00dcRD\u00dcR\u00dcYOR.<\/p>\n","protected":false},"author":1,"featured_media":16455,"comment_status":"closed","ping_status":"open","sticky":false,"template":"","format":"standard","meta":{"jetpack_post_was_ever_published":false,"_jetpack_newsletter_access":"","_jetpack_dont_email_post_to_subs":false,"_jetpack_newsletter_tier_id":0,"_jetpack_memberships_contains_paywalled_content":false,"_jetpack_memberships_contains_paid_content":false,"footnotes":"","jetpack_publicize_message":"","jetpack_publicize_feature_enabled":true,"jetpack_social_post_already_shared":false,"jetpack_social_options":{"image_generator_settings":{"template":"highway","default_image_id":0,"font":"","enabled":false},"version":2}},"categories":[9],"tags":[118,119,5053,2640],"class_list":["post-16454","post","type-post","status-publish","format-standard","has-post-thumbnail","hentry","category-siyaset","tag-bafra","tag-belediyesinden","tag-mesai","tag-yogun"],"jetpack_publicize_connections":[],"jetpack_featured_media_url":"https:\/\/i0.wp.com\/www.tvturk.com\/wp-content\/uploads\/2019\/02\/bafra-belediyesinden-yogun-mesai_d7b4576.jpg?fit=1000%2C666","jetpack_sharing_enabled":true,"jetpack_shortlink":"https:\/\/wp.me\/paKIfm-4ho","_links":{"self":[{"href":"http:\/\/www.tvturk.com\/index.php\/wp-json\/wp\/v2\/posts\/16454","targetHints":{"allow":["GET"]}}],"collection":[{"href":"http:\/\/www.tvturk.com\/index.php\/wp-json\/wp\/v2\/posts"}],"about":[{"href":"http:\/\/www.tvturk.com\/index.php\/wp-json\/wp\/v2\/types\/post"}],"author":[{"embeddable":true,"href":"http:\/\/www.tvturk.com\/index.php\/wp-json\/wp\/v2\/users\/1"}],"replies":[{"embeddable":true,"href":"http:\/\/www.tvturk.com\/index.php\/wp-json\/wp\/v2\/comments?post=16454"}],"version-history":[{"count":1,"href":"http:\/\/www.tvturk.com\/index.php\/wp-json\/wp\/v2\/posts\/16454\/revisions"}],"predecessor-version":[{"id":16459,"href":"http:\/\/www.tvturk.com\/index.php\/wp-json\/wp\/v2\/posts\/16454\/revisions\/16459"}],"wp:featuredmedia":[{"embeddable":true,"href":"http:\/\/www.tvturk.com\/index.php\/wp-json\/wp\/v2\/media\/16455"}],"wp:attachment":[{"href":"http:\/\/www.tvturk.com\/index.php\/wp-json\/wp\/v2\/media?parent=16454"}],"wp:term":[{"taxonomy":"category","embeddable":true,"href":"http:\/\/www.tvturk.com\/index.php\/wp-json\/wp\/v2\/categories?post=16454"},{"taxonomy":"post_tag","embeddable":true,"href":"http:\/\/www.tvturk.com\/index.php\/wp-json\/wp\/v2\/tags?post=16454"}],"curies":[{"name":"wp","href":"https:\/\/api.w.org\/{rel}","templated":true}]}}