{"id":164549,"date":"2019-05-31T14:59:23","date_gmt":"2019-05-31T11:59:23","guid":{"rendered":"http:\/\/www.tvturk.com\/index.php\/dunya-kudus-gununde-abd-ve-israil-protesto-edildi\/"},"modified":"2019-05-31T14:59:23","modified_gmt":"2019-05-31T11:59:23","slug":"dunya-kudus-gununde-abd-ve-israil-protesto-edildi","status":"publish","type":"post","link":"http:\/\/www.tvturk.com\/index.php\/dunya-kudus-gununde-abd-ve-israil-protesto-edildi\/","title":{"rendered":"D\u00fcnya Kud\u00fcs G\u00fcn\u00fc\u2019nde ABD ve \u0130srail protesto edildi"},"content":{"rendered":"<p>Gaziantep\u2019te d\u00fczenlenen \u2018D\u00fcnya Kud\u00fcs G\u00fcn\u00fc\u2019 etkinli\u011finde ABD ve \u0130srail protesto edildi.<\/p>\n<p>Bal\u0131kl\u0131 Park\u0131\u2019nda \u00f6\u011fleden sonra Mustazaflar Cemiyeti Gaziantep \u015eube Ba\u015fkanl\u0131\u011f\u0131 \u00f6nc\u00fcl\u00fc\u011f\u00fcnde bir araya gelen kalabal\u0131k grup, \u2018D\u00fcnya Kud\u00fcs G\u00fcn\u00fc\u2019 etkinli\u011fi d\u00fczenledi. D\u00fczenlenen etkinlikte pankart ve d\u00f6vizler a\u00e7arak ABD ve \u0130srail\u2019i protesto eden kalabal\u0131k grup, sloganlar atarak Filistin halk\u0131n\u0131n yan\u0131nda olduklar\u0131n\u0131 s\u00f6yledi. Grup ad\u0131na bas\u0131n a\u00e7\u0131klamas\u0131n\u0131 okuyan Mustazaflar Cemiyeti Gaziantep \u015eube Ba\u015fkan\u0131 Ekrem Kaplan, \u0130srail\u2019in Filistin halk\u0131na 71 y\u0131ld\u0131r zulmetti\u011fini ifade ederek, &#8220;1948 y\u0131l\u0131ndan beri siyonist \u00e7ete ve destek\u00e7ilerinin \u0130slam \u00fcmmetinin ba\u011fr\u0131nda a\u00e7t\u0131\u011f\u0131 yara g\u00fcnbeg\u00fcn artarak devam etmektedir. 71 kara y\u0131l\u0131 bize ya\u015fatan ter\u00f6r \u015febekesi ve ifrit yarda\u011f\u0131 y\u00f6neticilerimiz, krallar\u0131m\u0131z bize t\u00fcrl\u00fc t\u00fcrl\u00fc ac\u0131lar\u0131 ya\u015fatt\u0131lar. Zillet kemendini Mazlum Filistin halk\u0131n\u0131n boynuna atmaya \u00e7al\u0131\u015ft\u0131lar, her t\u00fcrl\u00fc zorbal\u0131k ve madrabazl\u0131klar\u0131n\u0131 bu \u00fcmmetin mazlum evlatlar\u0131 \u00fczerinde uygulad\u0131lar. Benli\u011fi, Senli\u011fi kenara at\u0131p Bizli\u011fe kavu\u015fmadan \u0130slam beldelerinde huzurun olmayaca\u011f\u0131n\u0131 bir kez daha g\u00f6rmeliyiz. Kadir Gecesini ya\u015fayaca\u011f\u0131m\u0131z bu m\u00fcbarek g\u00fcnde ellerimizi semaya a\u00e7t\u0131\u011f\u0131m\u0131zda, yaln\u0131zca Kud\u00fcs\u2019\u00fcn \u00f6zg\u00fcrl\u00fc\u011f\u00fcn\u00fc de\u011fil \u0130slam \u00dcmmetinin de yekv\u00fccut olmas\u0131 i\u00e7in dualar edelim. Kendi ya\u015fant\u0131m\u0131zda kavli dualar\u0131m\u0131z\u0131 fiiliyata d\u00f6kelim. \u0130slam co\u011frafyas\u0131ndaki sava\u015flar, zul\u00fcmler, akan kanlar ve \u00e7i\u011fnenen mukaddesatlar \u00fcmmetin vahdetiyle son bulaca\u011f\u0131n\u0131 ve Kud\u00fcs\u2019\u00fcn \u00f6zg\u00fcrl\u00fc\u011f\u00fcne kavu\u015faca\u011f\u0131n\u0131 bilelim. Kud\u00fcs\u2019\u00fcn \u00f6zg\u00fcrl\u00fc\u011f\u00fc, Filistin\u2019in \u00f6zg\u00fcrl\u00fc\u011f\u00fc; Yemen\u2019in, Suriye\u2019nin ve di\u011fer \u0130slam beldelerinin \u00f6zg\u00fcrl\u00fc\u011f\u00fc olaca\u011f\u0131n\u0131 unutmayal\u0131m. M\u00fcsl\u00fcmanlar karde\u015f olduklar\u0131n\u0131n fark\u0131na vard\u0131\u011f\u0131nda, birbirleriyle ilgili \u00f6tekile\u015ftirici, \u00e7at\u0131\u015fmac\u0131 dili b\u0131rakt\u0131klar\u0131nda, art\u0131k namlular\u0131n y\u00f6n\u00fcn\u00fc birbirlerine do\u011frultmad\u0131klar\u0131nda muzaffer olacaklard\u0131r. Kud\u00fcs, bizim birle\u015fmemizi beklemektedir&#8221; diye konu\u015ftu. A\u00e7\u0131klaman\u0131n ard\u0131ndan grup sessizce da\u011f\u0131ld\u0131.<\/p>\n","protected":false},"excerpt":{"rendered":"<p>GAZ\u0130ANTEP\u2019TE D\u00dcZENLENEN \u2018D\u00dcNYA KUD\u00dcS G\u00dcN\u00dc\u2019 ETK\u0130NL\u0130\u011e\u0130NDE ABD VE \u0130SRA\u0130L PROTESTO ED\u0130LD\u0130.<\/p>\n","protected":false},"author":1,"featured_media":164550,"comment_status":"closed","ping_status":"open","sticky":false,"template":"","format":"standard","meta":{"jetpack_post_was_ever_published":false,"_jetpack_newsletter_access":"","_jetpack_dont_email_post_to_subs":false,"_jetpack_newsletter_tier_id":0,"_jetpack_memberships_contains_paywalled_content":false,"_jetpack_memberships_contains_paid_content":false,"footnotes":"","jetpack_publicize_message":"","jetpack_publicize_feature_enabled":true,"jetpack_social_post_already_shared":true,"jetpack_social_options":{"image_generator_settings":{"template":"highway","default_image_id":0,"font":"","enabled":false},"version":2}},"categories":[1],"tags":[349,1936,857,2246,8494,20768,831],"class_list":["post-164549","post","type-post","status-publish","format-standard","has-post-thumbnail","hentry","category-genel","tag-dunya","tag-abd","tag-edildi","tag-gununde","tag-israil","tag-kudus","tag-protesto"],"jetpack_publicize_connections":[],"jetpack_featured_media_url":"https:\/\/i0.wp.com\/www.tvturk.com\/wp-content\/uploads\/2019\/05\/dunya-kudus-gununde-abd-ve-israil-protesto-edildi_66600c3.jpg?fit=1000%2C666","jetpack_sharing_enabled":true,"jetpack_shortlink":"https:\/\/wp.me\/paKIfm-GO1","_links":{"self":[{"href":"http:\/\/www.tvturk.com\/index.php\/wp-json\/wp\/v2\/posts\/164549","targetHints":{"allow":["GET"]}}],"collection":[{"href":"http:\/\/www.tvturk.com\/index.php\/wp-json\/wp\/v2\/posts"}],"about":[{"href":"http:\/\/www.tvturk.com\/index.php\/wp-json\/wp\/v2\/types\/post"}],"author":[{"embeddable":true,"href":"http:\/\/www.tvturk.com\/index.php\/wp-json\/wp\/v2\/users\/1"}],"replies":[{"embeddable":true,"href":"http:\/\/www.tvturk.com\/index.php\/wp-json\/wp\/v2\/comments?post=164549"}],"version-history":[{"count":0,"href":"http:\/\/www.tvturk.com\/index.php\/wp-json\/wp\/v2\/posts\/164549\/revisions"}],"wp:featuredmedia":[{"embeddable":true,"href":"http:\/\/www.tvturk.com\/index.php\/wp-json\/wp\/v2\/media\/164550"}],"wp:attachment":[{"href":"http:\/\/www.tvturk.com\/index.php\/wp-json\/wp\/v2\/media?parent=164549"}],"wp:term":[{"taxonomy":"category","embeddable":true,"href":"http:\/\/www.tvturk.com\/index.php\/wp-json\/wp\/v2\/categories?post=164549"},{"taxonomy":"post_tag","embeddable":true,"href":"http:\/\/www.tvturk.com\/index.php\/wp-json\/wp\/v2\/tags?post=164549"}],"curies":[{"name":"wp","href":"https:\/\/api.w.org\/{rel}","templated":true}]}}