{"id":164557,"date":"2019-05-31T15:10:09","date_gmt":"2019-05-31T12:10:09","guid":{"rendered":"http:\/\/www.tvturk.com\/index.php\/vezirkoprude-mezuniyet-coskusu\/"},"modified":"2019-05-31T15:10:09","modified_gmt":"2019-05-31T12:10:09","slug":"vezirkoprude-mezuniyet-coskusu","status":"publish","type":"post","link":"http:\/\/www.tvturk.com\/index.php\/vezirkoprude-mezuniyet-coskusu\/","title":{"rendered":"Vezirk\u00f6pr\u00fc\u2019de mezuniyet co\u015fkusu"},"content":{"rendered":"<p>Ondokuz May\u0131s \u00dcniversitesi (OM\u00dc) Vezirk\u00f6pr\u00fc Meslek Y\u00fcksekokulu (MYO) 2018-2019 y\u0131l\u0131 mezuniyet t\u00f6reninde b\u00fcy\u00fck co\u015fku ya\u015fand\u0131.<\/p>\n<p>Sayg\u0131 duru\u015fu ve \u0130stiklal Mar\u015f\u0131 ile ba\u015flayan t\u00f6ren konu\u015fmalarla devam etti. 1060 \u00f6\u011frencinin e\u011fitim g\u00f6rd\u00fc\u011f\u00fc Vezirk\u00f6pr\u00fc MYO\u2019dan 2018-2019 e\u011fitim-\u00f6\u011fretim y\u0131l\u0131nda 189 \u00f6\u011frencinin mezun oldu\u011fu belirtildi.<\/p>\n<p>T\u00f6rende ilk konu\u015fmay\u0131 yapan Vezirk\u00f6pr\u00fc MYO M\u00fcd\u00fcr\u00fc Prof. Dr. Kemalettin \u015eahin okul hakk\u0131nda genel bilgi vererek, \u00f6\u011frencilerin mezuniyet sevincine ortak olmak i\u00e7in t\u00f6rene kat\u0131lanlara te\u015fekk\u00fcr etti. \u015eahin, b\u00fcnyesinde 7 b\u00f6l\u00fcm ve 9 program bulunan okulda birinci ve ikinci \u00f6\u011fretimde toplam 1060 kay\u0131tl\u0131 \u00f6\u011frencinin e\u011fitim g\u00f6rd\u00fc\u011f\u00fcn\u00fc s\u00f6yledi. \u00d6\u011frencilerden okuldaki ba\u015far\u0131lar\u0131n\u0131 mezun olduktan sonrada devam ettirmelerini isteyen \u015eahin, il\u00e7enin temel ge\u00e7im kayna\u011f\u0131n\u0131n tar\u0131m ve hayvanc\u0131l\u0131\u011fa dayand\u0131\u011f\u0131n\u0131, il\u00e7enin kalk\u0131nmas\u0131nda s\u00fcrd\u00fcr\u00fclebilir turizm ve tar\u0131m ve hayvanc\u0131l\u0131\u011fa dayal\u0131 sanayi oldu\u011funu dile getirdi.<\/p>\n<p>Kenevir ve turizm vurgusu<\/p>\n<p>Belediye Ba\u015fkan\u0131 \u0130brahim Sad\u0131k Edis yapt\u0131\u011f\u0131 konu\u015fmada \u00f6\u011frencilerin ve velilerin b\u00fcy\u00fck bir heyecan ya\u015fad\u0131\u011f\u0131n\u0131 ifade ederek, \u00f6\u011frencilerin ailelerine ve topluma kar\u015f\u0131 \u00f6rnek davran\u0131\u015f sergileyerek g\u00f6revlerini en iyi \u015fekilde yerine getireceklerine inand\u0131\u011f\u0131n\u0131 kaydetti. \u0130l\u00e7edeki kenevir \u00fcretiminin \u00f6nemine de\u011finen Edis, kenevirin kullan\u0131ld\u0131\u011f\u0131 alanlar\u0131 belirterek bu konuda \u00fcretimde \u00f6n plana \u00e7\u0131kmak istediklerini s\u00f6yledi. Turizm \u00e7al\u0131\u015fmalar\u0131 hakk\u0131nda da bilgi veren Edis, il\u00e7e i\u00e7in Meslek Y\u00fcksekokulu b\u00fcnyesindeki turizm b\u00f6l\u00fcm\u00fcn\u00fcn \u00f6nemli oldu\u011funu anlatt\u0131.<\/p>\n<p>&#8220;Hem kendinize hem ailenize hem de \u00fclkenize katk\u0131 yapacaks\u0131n\u0131z\u201d<\/p>\n<p>Rekt\u00f6r Dan\u0131\u015fman\u0131 ve Turizm Fak\u00fcltesi Dekan\u0131 Prof. Ali Uzun, il\u00e7e tar\u0131m\u0131nda kenevir \u00fcretimine dikkat \u00e7ekerek bu konuda Tar\u0131msal Ara\u015ft\u0131rma Enstit\u00fcs\u00fc kuruldu\u011funu hat\u0131rlatt\u0131. Bu konuda il\u00e7e ve \u00fclke i\u00e7in ellerinden gelen gayreti g\u00f6sterdiklerini belirten Uzun, \u00f6\u011frencilere seslenerek, \u201cSizler mezun olarak okulun k\u00fclt\u00fcr el\u00e7ileri oldunuz. \u0130\u015f hayat\u0131n\u0131za, mesle\u011finize evrensel k\u00fclt\u00fcre katk\u0131 yapacaks\u0131n\u0131z. Bu i\u015f mezun olmakla bitmeyecek. S\u00fcrekli \u00e7al\u0131\u015facaks\u0131n\u0131z. Hem kendinize hem ailenize hem de \u00fclkenize katk\u0131 yapacaks\u0131n\u0131z\u201d dedi.<\/p>\n<p>Konu\u015fmalar\u0131n ard\u0131ndan dereceye giren \u00f6\u011frencilere plaketleri protokol taraf\u0131ndan verildi. Okul birincisi Ormanc\u0131l\u0131k ve Orman \u00dcr\u00fcnleri B\u00f6l\u00fcm\u00fc \u00f6\u011frencisi Melek Y\u0131ld\u0131r\u0131m, \u00f6d\u00fcl\u00fcn\u00fc Kaymakam Kudret Kurnaz\u2019dan alarak ya\u015f k\u00fct\u00fc\u011f\u00fcne 13. plaketi \u00e7akt\u0131. T\u00fcm \u00f6\u011frencilere ba\u015far\u0131 belgelerinin verilmesinin ard\u0131ndan mezun olan 189 \u00f6\u011frenci gelecek i\u00e7in keplerini f\u0131rlatt\u0131.<\/p>\n<p>Mezuniyet t\u00f6renine \u0130l\u00e7e Emniyet M\u00fcd\u00fcr\u00fc Koray Ya\u011fc\u0131, kamu kurum ve kurulu\u015flar\u0131n\u0131n amir ve m\u00fcd\u00fcrleri, \u00f6\u011fretim g\u00f6revlileri ve veliler kat\u0131ld\u0131.<\/p>\n","protected":false},"excerpt":{"rendered":"<p>KEPLER\u0130 GELECEK \u0130\u00c7\u0130N FIRLATTILAR<\/p>\n","protected":false},"author":1,"featured_media":164558,"comment_status":"closed","ping_status":"open","sticky":false,"template":"","format":"standard","meta":{"jetpack_post_was_ever_published":false,"_jetpack_newsletter_access":"","_jetpack_dont_email_post_to_subs":false,"_jetpack_newsletter_tier_id":0,"_jetpack_memberships_contains_paywalled_content":false,"_jetpack_memberships_contains_paid_content":false,"footnotes":"","jetpack_publicize_message":"","jetpack_publicize_feature_enabled":true,"jetpack_social_post_already_shared":true,"jetpack_social_options":{"image_generator_settings":{"template":"highway","default_image_id":0,"font":"","enabled":false},"version":2}},"categories":[1],"tags":[6596,820,39114],"class_list":["post-164557","post","type-post","status-publish","format-standard","has-post-thumbnail","hentry","category-genel","tag-coskusu","tag-mezuniyet","tag-vezirkoprude"],"jetpack_publicize_connections":[],"jetpack_featured_media_url":"https:\/\/i0.wp.com\/www.tvturk.com\/wp-content\/uploads\/2019\/05\/vezirkoprude-mezuniyet-coskusu_d8a1516.jpg?fit=1000%2C562","jetpack_sharing_enabled":true,"jetpack_shortlink":"https:\/\/wp.me\/paKIfm-GO9","_links":{"self":[{"href":"http:\/\/www.tvturk.com\/index.php\/wp-json\/wp\/v2\/posts\/164557","targetHints":{"allow":["GET"]}}],"collection":[{"href":"http:\/\/www.tvturk.com\/index.php\/wp-json\/wp\/v2\/posts"}],"about":[{"href":"http:\/\/www.tvturk.com\/index.php\/wp-json\/wp\/v2\/types\/post"}],"author":[{"embeddable":true,"href":"http:\/\/www.tvturk.com\/index.php\/wp-json\/wp\/v2\/users\/1"}],"replies":[{"embeddable":true,"href":"http:\/\/www.tvturk.com\/index.php\/wp-json\/wp\/v2\/comments?post=164557"}],"version-history":[{"count":0,"href":"http:\/\/www.tvturk.com\/index.php\/wp-json\/wp\/v2\/posts\/164557\/revisions"}],"wp:featuredmedia":[{"embeddable":true,"href":"http:\/\/www.tvturk.com\/index.php\/wp-json\/wp\/v2\/media\/164558"}],"wp:attachment":[{"href":"http:\/\/www.tvturk.com\/index.php\/wp-json\/wp\/v2\/media?parent=164557"}],"wp:term":[{"taxonomy":"category","embeddable":true,"href":"http:\/\/www.tvturk.com\/index.php\/wp-json\/wp\/v2\/categories?post=164557"},{"taxonomy":"post_tag","embeddable":true,"href":"http:\/\/www.tvturk.com\/index.php\/wp-json\/wp\/v2\/tags?post=164557"}],"curies":[{"name":"wp","href":"https:\/\/api.w.org\/{rel}","templated":true}]}}