{"id":164583,"date":"2019-05-31T16:04:56","date_gmt":"2019-05-31T13:04:56","guid":{"rendered":"http:\/\/www.tvturk.com\/index.php\/merkel-pompeo-ile-gorustu\/"},"modified":"2019-05-31T16:04:56","modified_gmt":"2019-05-31T13:04:56","slug":"merkel-pompeo-ile-gorustu","status":"publish","type":"post","link":"http:\/\/www.tvturk.com\/index.php\/merkel-pompeo-ile-gorustu\/","title":{"rendered":"Merkel, Pompeo ile g\u00f6r\u00fc\u015ft\u00fc"},"content":{"rendered":"<p>Almanya Ba\u015fbakan\u0131 Angela Merkel, ba\u015fkent Berlin\u2019e gelen ABD D\u0131\u015fi\u015fleri Bakan\u0131 Mike Pompeo ile g\u00f6r\u00fc\u015ft\u00fc.<\/p>\n<p>Almanya\u2019n\u0131n ba\u015fkenti Berlin\u2019de ABD D\u0131\u015fi\u015fleri Bakan\u0131 Mike Pompeo ile bir araya gelen Almanya Ba\u015fbakan\u0131 Angela Merkel, iki \u00fclke aras\u0131ndaki yak\u0131n ili\u015fkilerin ilerleyen d\u00f6nemde de g\u00fc\u00e7lenerek devam edece\u011fini vurgulad\u0131. Merkel, 45 dakika s\u00fcren g\u00f6r\u00fc\u015fme sonras\u0131 farkl\u0131l\u0131klara ra\u011fmen ABD\u2019nin \u201cAlmanya\u2019n\u0131n en yak\u0131n orta\u011f\u0131\u201d oldu\u011funu yineledi.<\/p>\n<p>Pompeo her iki \u00fclkenin de \u00f6nemli \u00e7al\u0131\u015fmalar\u0131 oldu\u011funu s\u00f6yleyerek Almanya\u2019y\u0131 \u201c\u00d6nemli bir ortak ve m\u00fcttefik\u201d olarak nitelendirdi. ABD D\u0131\u015fi\u015fleri Bakan\u0131 Mike Pompeo, Merkel\u2019le g\u00f6r\u00fc\u015fmesinden \u00f6nce Alman mevkida\u015f\u0131 Haiko Maas\u2019la ba\u015fkent Berlin\u2019de bir araya gelmi\u015f, g\u00f6r\u00fc\u015fmede \u0130ran, uluslararas\u0131 sorunlar ve Almanya-ABD ili\u015fkileri ele al\u0131nm\u0131\u015ft\u0131.<\/p>\n","protected":false},"excerpt":{"rendered":"<p>ALMANYA BA\u015eBAKANI ANGELA MERKEL, BA\u015eKENT BERL\u0130N&#8217;E GELEN ABD DI\u015e\u0130\u015eLER\u0130 BAKANI M\u0130KE POMPEO \u0130LE G\u00d6R\u00dc\u015eT\u00dc.<\/p>\n","protected":false},"author":1,"featured_media":164584,"comment_status":"closed","ping_status":"open","sticky":false,"template":"","format":"standard","meta":{"jetpack_post_was_ever_published":false,"_jetpack_newsletter_access":"","_jetpack_dont_email_post_to_subs":false,"_jetpack_newsletter_tier_id":0,"_jetpack_memberships_contains_paywalled_content":false,"_jetpack_memberships_contains_paid_content":false,"footnotes":"","jetpack_publicize_message":"","jetpack_publicize_feature_enabled":true,"jetpack_social_post_already_shared":true,"jetpack_social_options":{"image_generator_settings":{"template":"highway","default_image_id":0,"font":"","enabled":false},"version":2}},"categories":[10],"tags":[316,192,14460,11054],"class_list":["post-164583","post","type-post","status-publish","format-standard","has-post-thumbnail","hentry","category-dunya","tag-gorustu","tag-ile","tag-merkel","tag-pompeo"],"jetpack_publicize_connections":[],"jetpack_featured_media_url":"https:\/\/i0.wp.com\/www.tvturk.com\/wp-content\/uploads\/2019\/05\/merkel-pompeo-ile-gorustu_fd23373.jpg?fit=1000%2C701","jetpack_sharing_enabled":true,"jetpack_shortlink":"https:\/\/wp.me\/paKIfm-GOz","_links":{"self":[{"href":"http:\/\/www.tvturk.com\/index.php\/wp-json\/wp\/v2\/posts\/164583","targetHints":{"allow":["GET"]}}],"collection":[{"href":"http:\/\/www.tvturk.com\/index.php\/wp-json\/wp\/v2\/posts"}],"about":[{"href":"http:\/\/www.tvturk.com\/index.php\/wp-json\/wp\/v2\/types\/post"}],"author":[{"embeddable":true,"href":"http:\/\/www.tvturk.com\/index.php\/wp-json\/wp\/v2\/users\/1"}],"replies":[{"embeddable":true,"href":"http:\/\/www.tvturk.com\/index.php\/wp-json\/wp\/v2\/comments?post=164583"}],"version-history":[{"count":0,"href":"http:\/\/www.tvturk.com\/index.php\/wp-json\/wp\/v2\/posts\/164583\/revisions"}],"wp:featuredmedia":[{"embeddable":true,"href":"http:\/\/www.tvturk.com\/index.php\/wp-json\/wp\/v2\/media\/164584"}],"wp:attachment":[{"href":"http:\/\/www.tvturk.com\/index.php\/wp-json\/wp\/v2\/media?parent=164583"}],"wp:term":[{"taxonomy":"category","embeddable":true,"href":"http:\/\/www.tvturk.com\/index.php\/wp-json\/wp\/v2\/categories?post=164583"},{"taxonomy":"post_tag","embeddable":true,"href":"http:\/\/www.tvturk.com\/index.php\/wp-json\/wp\/v2\/tags?post=164583"}],"curies":[{"name":"wp","href":"https:\/\/api.w.org\/{rel}","templated":true}]}}