{"id":164605,"date":"2019-05-31T16:22:16","date_gmt":"2019-05-31T13:22:16","guid":{"rendered":"http:\/\/www.tvturk.com\/index.php\/sehidin-ismi-kutuphanede-yasayacak\/"},"modified":"2019-05-31T16:22:16","modified_gmt":"2019-05-31T13:22:16","slug":"sehidin-ismi-kutuphanede-yasayacak","status":"publish","type":"post","link":"http:\/\/www.tvturk.com\/index.php\/sehidin-ismi-kutuphanede-yasayacak\/","title":{"rendered":"\u015eehidin ismi k\u00fct\u00fcphanede ya\u015fayacak"},"content":{"rendered":"<p>\u015e\u0131rnak\u2019\u0131n Cizre il\u00e7esinde 2015 y\u0131l\u0131nda PKK\u2019l\u0131 ter\u00f6ristler taraf\u0131ndan yap\u0131lan sald\u0131r\u0131da \u015fehit olan Jandarma Uzman \u00c7avu\u015f Serhan Has\u2019\u0131n ismi \u015e\u0131rnak Gazipa\u015fa Ortaokulunda yap\u0131lan bir k\u00fct\u00fcphaneye verildi.<\/p>\n<p>\u015e\u0131rnak\u2019\u0131n Cizre il\u00e7esinde, Ya\u015fayan \u015eehit K\u00fct\u00fcphaneleri Projesi kapsam\u0131nda, \u015e\u0131rnak Gazipa\u015fa Ortaokulunda a\u00e7\u0131lan k\u00fct\u00fcphaneye, 2015 y\u0131l\u0131nda Cizre\u2019nin Cudi Mahallesi\u2019nde d\u00fczenlenen ter\u00f6r operasyonunda \u015fehit olan Jandarma Uzman \u00c7avu\u015f Serkan Has\u2019\u0131n ismi verildi.<\/p>\n<p>\u015eehit Jandarma Uzman \u00c7avu\u015f Serkan Has ad\u0131na haz\u0131rlanan k\u00fct\u00fcphane, d\u00fczenlenen t\u00f6renle hizmete a\u00e7\u0131ld\u0131. A\u00e7\u0131l\u0131\u015f kurdelesini \u015e\u0131rnak Valisi Mehmet Akta\u015f ve \u015e\u0131rnak Belediye Ba\u015fkan\u0131 Mehmet Yarka kesti.<\/p>\n<p>Kurdele kesimi s\u0131ras\u0131nda konu\u015fma yapan \u015e\u0131rnak Valisi Mehmet Akta\u015f, \u201c2015 y\u0131l\u0131nda \u00e7ukur ve barikat ter\u00f6r\u00fc ile birlikte m\u00fccadele esnas\u0131nda \u015fehit olan \u015eehit Jandarma Uzman \u00c7avu\u015f Serkan Has\u2019\u0131n ismini ebedile\u015ftirmek i\u00e7in Gazipa\u015fa Ortaokulunda \u015fehidimiz ad\u0131na bir k\u00fct\u00fcphane a\u00e7\u0131ld\u0131 ve bu g\u00fcn hizmete sunmu\u015f olduk. Ba\u015fka \u015fehitlerimiz ad\u0131na da bir\u00e7ok okulumuzda k\u00fct\u00fcphane hizmete sunmu\u015f olduk. Biz bug\u00fcn rahat ya\u015fayabiliyorsak, rahat rahat nefes alabiliyorsak, bu \u015fehitlerimizin son nefesini bizim i\u00e7in vermelerin sonucudur. Onlar vatan\u0131m\u0131z\u0131n birli\u011fi ve b\u00fct\u00fcnl\u00fc\u011f\u00fc i\u00e7in, milletimizin namusu i\u00e7in, dinimiz i\u00e7in, bayra\u011f\u0131m\u0131z ve ezan\u0131m\u0131z i\u00e7in g\u00f6zlerini hi\u00e7 k\u0131rpmadan canlar\u0131n\u0131 feda ettiler. \u015eehadet mertebesine ula\u015ft\u0131lar. Bize d\u00fc\u015fen onlar\u0131 hay\u0131rla ve dua ile yad etmektir. Onlar\u0131n miras\u0131na sahip \u00e7\u0131kmak ve onlara mahcup olmamak i\u00e7in elimizden geleni yapaca\u011f\u0131z. \u00d6\u011frencilerimize ve gen\u00e7lerimize bu bilinci verece\u011fiz. Ben \u015fehidimize Allah\u2019tan rahmet diliyorum. Bu eserin buraya kazand\u0131r\u0131lmas\u0131nda eme\u011fi ge\u00e7enlere de te\u015fekk\u00fcr ediyorum\u201d dedi.<\/p>\n<p>Ya\u015fayan \u015eehit K\u00fct\u00fcphaneleri Projesinin \u015e\u0131rnak temsilcisi Fadime Y\u0131k\u0131lmaz Da\u011fa\u015fan da \u201cBug\u00fcn burada 28\u2019inci ya\u015fayan \u015fehit k\u00fct\u00fcphanesini kurmak i\u00e7in bulunduk. Biz \u015e\u0131rnak\u2019ta her \u015fehidin her kahraman\u0131n g\u00f6lgesinde bir k\u00fct\u00fcphane olsun istedik. Gen\u00e7lik ve Spor Bakanl\u0131\u011f\u0131ndan olurunu ald\u0131ktan sonra biz k\u00fct\u00fcphane olu\u015fturmaya ba\u015flad\u0131k. Bug\u00fcn \u015e\u0131rnak\u2019ta 6\u2019nc\u0131 k\u00fct\u00fcphanemizi a\u00e7t\u0131k. \u015eehitlerimizin an\u0131s\u0131n\u0131 ya\u015fatmak i\u00e7in biz sadece okyanusta bir damlay\u0131z. Sizlerde evinizde tozlu raflarda bulunan kitaplar\u0131n\u0131z\u0131 Ya\u015fayan \u015fehit k\u00fct\u00fcphaneleri i\u00e7in ba\u015flarsan\u0131z \u00e7ok seviniriz\u201d diye konu\u015ftu.<\/p>\n<p>Konu\u015fmalar\u0131n ard\u0131ndan \u015e\u0131rnak Valisi Mehmet Akta\u015f ve beraberindekiler k\u00fct\u00fcphaneyi gezdi.<\/p>\n","protected":false},"excerpt":{"rendered":"<p>\u015eIRNAK\u2019IN C\u0130ZRE \u0130L\u00c7ES\u0130NDE 2015 YILINDA PKK\u2019LI TER\u00d6R\u0130STLER TARAFINDAN YAPILAN SALDIRIDA \u015eEH\u0130T OLAN JANDARMA UZMAN \u00c7AVU\u015e SERHAN HAS\u2019IN \u0130SM\u0130 \u015eIRNAK GAZ\u0130PA\u015eA ORTAOKULU\u2019NDA YAPILAN B\u0130R K\u00dcT\u00dcPHANEYE VER\u0130LD\u0130.<\/p>\n","protected":false},"author":1,"featured_media":164606,"comment_status":"closed","ping_status":"open","sticky":false,"template":"","format":"standard","meta":{"jetpack_post_was_ever_published":false,"_jetpack_newsletter_access":"","_jetpack_dont_email_post_to_subs":false,"_jetpack_newsletter_tier_id":0,"_jetpack_memberships_contains_paywalled_content":false,"_jetpack_memberships_contains_paid_content":false,"footnotes":"","jetpack_publicize_message":"","jetpack_publicize_feature_enabled":true,"jetpack_social_post_already_shared":true,"jetpack_social_options":{"image_generator_settings":{"template":"highway","default_image_id":0,"font":"","enabled":false},"version":2}},"categories":[1],"tags":[633,28191,632,339],"class_list":["post-164605","post","type-post","status-publish","format-standard","has-post-thumbnail","hentry","category-genel","tag-ismi","tag-kutuphanede","tag-sehidin","tag-yasayacak"],"jetpack_publicize_connections":[],"jetpack_featured_media_url":"https:\/\/i0.wp.com\/www.tvturk.com\/wp-content\/uploads\/2019\/05\/sehidin-ismi-kutuphanede-yasayacak_074f5b3.jpg?fit=1000%2C664","jetpack_sharing_enabled":true,"jetpack_shortlink":"https:\/\/wp.me\/paKIfm-GOV","_links":{"self":[{"href":"http:\/\/www.tvturk.com\/index.php\/wp-json\/wp\/v2\/posts\/164605","targetHints":{"allow":["GET"]}}],"collection":[{"href":"http:\/\/www.tvturk.com\/index.php\/wp-json\/wp\/v2\/posts"}],"about":[{"href":"http:\/\/www.tvturk.com\/index.php\/wp-json\/wp\/v2\/types\/post"}],"author":[{"embeddable":true,"href":"http:\/\/www.tvturk.com\/index.php\/wp-json\/wp\/v2\/users\/1"}],"replies":[{"embeddable":true,"href":"http:\/\/www.tvturk.com\/index.php\/wp-json\/wp\/v2\/comments?post=164605"}],"version-history":[{"count":0,"href":"http:\/\/www.tvturk.com\/index.php\/wp-json\/wp\/v2\/posts\/164605\/revisions"}],"wp:featuredmedia":[{"embeddable":true,"href":"http:\/\/www.tvturk.com\/index.php\/wp-json\/wp\/v2\/media\/164606"}],"wp:attachment":[{"href":"http:\/\/www.tvturk.com\/index.php\/wp-json\/wp\/v2\/media?parent=164605"}],"wp:term":[{"taxonomy":"category","embeddable":true,"href":"http:\/\/www.tvturk.com\/index.php\/wp-json\/wp\/v2\/categories?post=164605"},{"taxonomy":"post_tag","embeddable":true,"href":"http:\/\/www.tvturk.com\/index.php\/wp-json\/wp\/v2\/tags?post=164605"}],"curies":[{"name":"wp","href":"https:\/\/api.w.org\/{rel}","templated":true}]}}