{"id":164641,"date":"2019-05-31T17:16:06","date_gmt":"2019-05-31T14:16:06","guid":{"rendered":"http:\/\/www.tvturk.com\/index.php\/meksika-devlet-baskani-obradordan-trumpa-vergi-tepkisi\/"},"modified":"2019-05-31T17:16:06","modified_gmt":"2019-05-31T14:16:06","slug":"meksika-devlet-baskani-obradordan-trumpa-vergi-tepkisi","status":"publish","type":"post","link":"http:\/\/www.tvturk.com\/index.php\/meksika-devlet-baskani-obradordan-trumpa-vergi-tepkisi\/","title":{"rendered":"Meksika Devlet Ba\u015fkan\u0131 Obrador\u2019dan Trump\u2019a vergi tepkisi"},"content":{"rendered":"<p>Meksika Devlet Ba\u015fkan\u0131 Manuel Lopez Obrador, Meksika mallar\u0131na g\u00fcmr\u00fck vergisi koyma tehdidinde bulunan ABD\u2019ye b\u00fcy\u00fck bir titizlikle cevap vereceklerini s\u00f6yledi.<\/p>\n<p>Meksika Devlet Ba\u015fkan\u0131 Manuel Lopez Obrador, ABD Devlet Ba\u015fkan\u0131 Donald Trump\u2019\u0131n, Meksika yasa d\u0131\u015f\u0131 g\u00f6\u00e7 krizini hafifletmedik\u00e7e 10 Haziran\u2019dan ba\u015flayarak Meksika\u2019dan ithal edilen t\u00fcm mallara y\u00fczde 5\u2019lik bir tarife koyaca\u011f\u0131n\u0131 belirtmesine tepki verdi. ABD\u2019nin Meksika mallar\u0131na g\u00fcmr\u00fck vergisi koyma tehdidine b\u00fcy\u00fck bir titizlikle cevap vereceklerini s\u00f6yleyen Obrador, Meksikal\u0131lar\u0131 bu zorlukla ba\u015fa \u00e7\u0131kmak i\u00e7in bir araya gelmeye \u00e7a\u011f\u0131rd\u0131. Obrador, &#8220;T\u00fcm Meksikal\u0131lara inan\u00e7l\u0131 olmalar\u0131n\u0131 s\u00f6yl\u00fcyorum, ABD h\u00fck\u00fcmetinin bu tutumunun \u00fcstesinden gelece\u011fiz, d\u00fczeltme yapacaklar \u00e7\u00fcnk\u00fc Meksika halk\u0131 bu \u015fekilde muamele edilmeyi hak etmiyor&#8221; dedi.<\/p>\n<p>Obrador, ABD tarifelerinin Kuzey Amerika ticaret anla\u015fmas\u0131n\u0131n onaylanmas\u0131n\u0131 durdurmayaca\u011f\u0131n\u0131 belirterek, &#8220;Bu, anla\u015fmay\u0131 onaylamak i\u00e7in ba\u015flayan s\u00fcreci durdurmaz. \u0130lerlemeye devam edece\u011fiz&#8221; dedi.<\/p>\n","protected":false},"excerpt":{"rendered":"<p>MEKS\u0130KA DEVLET BA\u015eKANI MANUEL LOPEZ OBRADOR, MEKS\u0130KA MALLARINA G\u00dcMR\u00dcK VERG\u0130S\u0130 KOYMA TEHD\u0130D\u0130NDE ABD&#8217;YE B\u00dcY\u00dcK B\u0130R T\u0130T\u0130ZL\u0130KLE CEVAP VERECEKLER\u0130N\u0130 S\u00d6YLED\u0130.<\/p>\n","protected":false},"author":1,"featured_media":164642,"comment_status":"closed","ping_status":"open","sticky":false,"template":"","format":"standard","meta":{"jetpack_post_was_ever_published":false,"_jetpack_newsletter_access":"","_jetpack_dont_email_post_to_subs":false,"_jetpack_newsletter_tier_id":0,"_jetpack_memberships_contains_paywalled_content":false,"_jetpack_memberships_contains_paid_content":false,"footnotes":"","jetpack_publicize_message":"","jetpack_publicize_feature_enabled":true,"jetpack_social_post_already_shared":true,"jetpack_social_options":{"image_generator_settings":{"template":"highway","default_image_id":0,"font":"","enabled":false},"version":2}},"categories":[10],"tags":[216,1564,21613,39140,9601,13248,7596],"class_list":["post-164641","post","type-post","status-publish","format-standard","has-post-thumbnail","hentry","category-dunya","tag-baskani","tag-devlet","tag-meksika","tag-obradordan","tag-tepkisi","tag-trumpa","tag-vergi"],"jetpack_publicize_connections":[],"jetpack_featured_media_url":"https:\/\/i0.wp.com\/www.tvturk.com\/wp-content\/uploads\/2019\/05\/meksika-devlet-baskani-obradordan-trumpa-vergi-tepkisi_593a8a3.jpg?fit=1000%2C725","jetpack_sharing_enabled":true,"jetpack_shortlink":"https:\/\/wp.me\/paKIfm-GPv","_links":{"self":[{"href":"http:\/\/www.tvturk.com\/index.php\/wp-json\/wp\/v2\/posts\/164641","targetHints":{"allow":["GET"]}}],"collection":[{"href":"http:\/\/www.tvturk.com\/index.php\/wp-json\/wp\/v2\/posts"}],"about":[{"href":"http:\/\/www.tvturk.com\/index.php\/wp-json\/wp\/v2\/types\/post"}],"author":[{"embeddable":true,"href":"http:\/\/www.tvturk.com\/index.php\/wp-json\/wp\/v2\/users\/1"}],"replies":[{"embeddable":true,"href":"http:\/\/www.tvturk.com\/index.php\/wp-json\/wp\/v2\/comments?post=164641"}],"version-history":[{"count":0,"href":"http:\/\/www.tvturk.com\/index.php\/wp-json\/wp\/v2\/posts\/164641\/revisions"}],"wp:featuredmedia":[{"embeddable":true,"href":"http:\/\/www.tvturk.com\/index.php\/wp-json\/wp\/v2\/media\/164642"}],"wp:attachment":[{"href":"http:\/\/www.tvturk.com\/index.php\/wp-json\/wp\/v2\/media?parent=164641"}],"wp:term":[{"taxonomy":"category","embeddable":true,"href":"http:\/\/www.tvturk.com\/index.php\/wp-json\/wp\/v2\/categories?post=164641"},{"taxonomy":"post_tag","embeddable":true,"href":"http:\/\/www.tvturk.com\/index.php\/wp-json\/wp\/v2\/tags?post=164641"}],"curies":[{"name":"wp","href":"https:\/\/api.w.org\/{rel}","templated":true}]}}