{"id":164659,"date":"2019-05-31T17:48:42","date_gmt":"2019-05-31T14:48:42","guid":{"rendered":"http:\/\/www.tvturk.com\/index.php\/e-yeni-malatyaspor-baskanligina-aday-olan-sevket-salikten-tuzuk-tepkisi\/"},"modified":"2019-05-31T17:48:42","modified_gmt":"2019-05-31T14:48:42","slug":"e-yeni-malatyaspor-baskanligina-aday-olan-sevket-salikten-tuzuk-tepkisi","status":"publish","type":"post","link":"http:\/\/www.tvturk.com\/index.php\/e-yeni-malatyaspor-baskanligina-aday-olan-sevket-salikten-tuzuk-tepkisi\/","title":{"rendered":"E. Yeni Malatyaspor Ba\u015fkanl\u0131\u011f\u0131na aday olan \u015eevket Salik\u2019ten t\u00fcz\u00fck tepkisi"},"content":{"rendered":"<p>Haziran ay\u0131n\u0131n ilk haftas\u0131 kongreye gidecek olan Evkur Yeni Malatyaspor\u2019da ba\u015fkanl\u0131\u011fa aday olan \u015eevket Salik, t\u00fcz\u00fck gere\u011fi kul\u00fcbe \u00fcye olmamas\u0131 nedeniyle se\u00e7ime kat\u0131lamad\u0131\u011f\u0131n\u0131 ifade ederek, tepki g\u00f6sterdi. Mevcut Ba\u015fkan\u0131n da \u00fcye olmadan kul\u00fcp y\u00f6netimine geldi\u011fini \u00f6ne s\u00fcren Salik, \u201c\u015eu an ki t\u00fcz\u00fck mevcut y\u00f6netimin bu kul\u00fcb\u00fc \u00f6m\u00fcr boyu y\u00f6netmesi i\u00e7in \u015fekillendirilmi\u015f durumda\u201d dedi.<\/p>\n<p>S\u00fcper Toto S\u00fcper Lig\u2019de m\u00fccadele eden Evkur Yeni Malatyaspor\u2019da 9 Haziran\u2019da yap\u0131lacak olan se\u00e7imli kongre \u00f6ncesi t\u00fcz\u00fck gere\u011fi ba\u015fkanl\u0131\u011fa aday olamayan \u0130\u015fadam\u0131 \u015eevket Salik d\u00fczenledi\u011fi bas\u0131n toplant\u0131s\u0131 ile mevcut y\u00f6netimi ve divan ba\u015fkanl\u0131\u011f\u0131n\u0131 ele\u015ftirdi.<\/p>\n<p>Ge\u00e7ti\u011fimiz g\u00fcn bas\u0131n a\u00e7\u0131klamas\u0131 yapan Yeni Malatyaspor Divan Kurulu Ba\u015fkan\u0131 Naci \u015eavata\u2019n\u0131n g\u00fcl\u00fcn\u00e7 duruma d\u00fc\u015ft\u00fc\u011f\u00fcn\u00fc ifade eden Salik, \u201cDivan ba\u015fkan\u0131 yapt\u0131\u011f\u0131 a\u00e7\u0131klamayla \u00e7ok g\u00fcl\u00fcn\u00e7 olmu\u015ftur, \u00e7\u00fcnk\u00fc ak\u015fam adayl\u0131\u011f\u0131n\u0131 a\u00e7\u0131klay\u0131p, sabah ba\u015fkan olan Adil Gevrek\u2019tir. \u00dc\u00e7 ay \u00fczerinde \u00e7al\u0131\u015f\u0131lan t\u00fcz\u00fckle ilgili a\u00e7\u0131klama ile \u2018kul\u00fcp t\u00fcz\u00fc\u011f\u00fc asla de\u011fi\u015ftirilemez\u2019 denilmi\u015fti. Fakat mevcut y\u00f6netim kurulu ve divan ba\u015fkanl\u0131\u011f\u0131 say\u0131n Adil Gevrek i\u00e7in t\u00fcz\u00fc\u011f\u00fc pa\u00e7avraya \u00e7evirmi\u015ftir\u201d ifadelerine yer verdi.<\/p>\n<p>Mevcut Ba\u015fkan Adil Gevrek\u2019in ilk ba\u015fkanl\u0131\u011fa aday oldu\u011fu s\u00fcre\u00e7te t\u00fcz\u00fck gere\u011fi yapmas\u0131 gereken 100 bin TL\u2019lik ba\u011f\u0131\u015f makbuzunu kamuoyuna a\u00e7\u0131klamas\u0131 gerekti\u011fini de dile getiren Salik, \u201cAdil Gevrek o d\u00f6nemde bu ba\u011f\u0131\u015f\u0131 yapm\u0131\u015f m\u0131d\u0131r? O tarihi ihtiva eden dekontu kamuoyuyla payla\u015fs\u0131n\u201d dedi.<\/p>\n<p>De\u011fi\u015ftirilen t\u00fcz\u00fck gere\u011fi ba\u011f\u0131\u015f ile aday olmak i\u00e7in divan kurulu ba\u015fkan\u0131 ile g\u00f6r\u00fc\u015ft\u00fc\u011f\u00fcn\u00fc ancak \u00fcye olmamas\u0131 nedeniyle ba\u015fkan olamayaca\u011f\u0131n\u0131n kendisine a\u00e7\u0131kland\u0131\u011f\u0131n\u0131 ifade eden Salik, a\u00e7\u0131klamas\u0131n\u0131 \u015f\u00f6yle s\u00fcrd\u00fcrd\u00fc:<\/p>\n<p>\u201cBenim vermem gereken miktar 500 bin TL de\u011fil, y\u00f6netim kurulu ve yedek \u00fcyelerle beraber kul\u00fcbe ba\u011f\u0131\u015flamam gereken miktar 1 milyon 550 bin lirad\u0131r. Bu miktar\u0131 da divan ba\u015fkan\u0131na hemen yat\u0131rabilece\u011fimi s\u00f6yledim, fakat kabul etmeyip \u2018bu paray\u0131 kul\u00fcbe ba\u011f\u0131\u015f yapsan bile yine aday olamazs\u0131n\u2019 dedi. Malatya\u2019m\u0131z\u0131n ortak de\u011feri oldu\u011funa inand\u0131\u011f\u0131m\u0131z Yeni Malatyaspor\u2019a hizmet i\u00e7in \u00e7\u0131kt\u0131\u011f\u0131m\u0131z yolda ne yaz\u0131k ki engellerle kar\u015f\u0131 kar\u015f\u0131ya kald\u0131k. Bir d\u00f6nem mevcut ba\u015fkan i\u00e7in uygulanmayan t\u00fcz\u00fck \u015fartlar\u0131 bu d\u00f6nemde bizim kar\u015f\u0131m\u0131za olmazsa olmaz ifadeleri ile \u00e7\u0131kar\u0131lm\u0131\u015f aday olmam\u0131z engellenmi\u015ftir. Biz zor olana talip olduk. Bizler nas\u0131l bir g\u00f6reve talip oldu\u011fumuzu bilecek ya\u015fta, ciddiyette ve olgunluktay\u0131z. Projelerimiz ve ekibimizle bu i\u015fe talipli oldu\u011fumuzda hi\u00e7bir kurulu\u015f ve resmi kurumu yan\u0131m\u0131za maddi olarak almad\u0131k.\u201d<\/p>\n<p>Kul\u00fcb\u00fcn en son ba\u015fkan\u0131 olan Gevrek\u2019in hangi t\u00fcz\u00fck ve hangi usul ile g\u00f6reve geldi\u011finin sorgulanmas\u0131 gerekti\u011fini ifade eden \u015eevket Salik, \u201cT\u00fcz\u00fck incelemesinde Adil Gevrek nas\u0131l \u00fcye de\u011filken gece para\u015f\u00fctle mi geldi hemen t\u00fcz\u00fc\u011f\u00fc Adil Beye g\u00f6re uyarlayarak ba\u015fkan yapt\u0131n\u0131z diye sormak gerekti\u011fini d\u00fc\u015f\u00fcnmekteyim. Adil Gevrek ba\u015fkanl\u0131\u011fa talip oldu\u011funda hemen o g\u00fcn ne kadar ba\u011f\u0131\u015fta bulundu ve \u00fcyelik k\u0131demi ne kadard\u0131 say\u0131n ba\u015fkanl\u0131k divan\u0131n\u0131n a\u00e7\u0131klamas\u0131 laz\u0131m\u201d ifadelerini kulland\u0131.<\/p>\n<p>Y\u00f6netime aday olmas\u0131n\u0131n ba\u015fkanl\u0131k divan\u0131 ve t\u00fcz\u00fckle engellendi\u011fini ileri s\u00fcren Salik, \u201cOysaki Adil Gevrek\u2019e yap\u0131lan ayn\u0131 imtiyazlar\u0131n biz aday adaylar\u0131na da e\u015fitlik ilkesi gere\u011fi ve demokrasi ad\u0131na elzemdir. \u0130ddiam\u0131z kul\u00fcb\u00fc daha g\u00fc\u00e7l\u00fc bir yap\u0131ya b\u00fcr\u00fcnd\u00fcrmek alt yap\u0131s\u0131 ve profesyonel tak\u0131m\u0131 ile Malatya\u2019y\u0131 b\u00f6lgenin futbol kenti yapmak\u201d diye konu\u015ftu.<\/p>\n<p>\u015eu an y\u00f6netime bu t\u00fcz\u00fck gere\u011fi kimsenin aday olamayaca\u011f\u0131n\u0131 da ifade eden Salik, \u201c\u00c7ok a\u00e7\u0131k s\u00f6yl\u00fcyorum, bug\u00fcn Yeni Malatyaspor\u2019a mevcut t\u00fcz\u00fck \u015fartlar\u0131 ile ba\u015fkan olunabilmesi m\u00fcmk\u00fcn de\u011fil, hatta imkans\u0131zd\u0131r. Yani divan ve olu\u015fturulan t\u00fcz\u00fck mevcut y\u00f6netimin bu kul\u00fcb\u00fc \u00f6m\u00fcr boyu y\u00f6netmesi i\u00e7in \u015fekillendirilmi\u015f durumda. Yar\u0131\u015f\u0131n ve alternatiflerin olamayaca\u011f\u0131 ortamlardan kal\u0131c\u0131 ve uzun s\u00fcreli ba\u015far\u0131lar sa\u011flanmas\u0131 m\u00fcmk\u00fcn de\u011fildir. Zaten \u015fu anki y\u00f6netimde bu durumun rahatl\u0131\u011f\u0131 i\u00e7erisindedir.<\/p>\n<p>Yeni Malatyaspor Kul\u00fcb\u00fcn\u00fcn b\u00fct\u00e7esini inceledi\u011fini ve kesinti, ceza, faiz, avukat, icra ve di\u011fer giderler ad\u0131 alt\u0131nda 23 milyon 600 bin lira zarara u\u011frat\u0131ld\u0131\u011f\u0131n\u0131 da ifade eden Salik, \u201c17 lig ve 3 de kupa ma\u00e7\u0131nda g\u00f6revli \u00f6zel g\u00fcvenlik personeline 2 milyon 323 bin lira \u00f6denmi\u015ftir. Bu g\u00fcvenlik \u015firketi ve ortaklar\u0131 kimlerdir\u201d diye konu\u015ftu.<\/p>\n","protected":false},"excerpt":{"rendered":"<p>HAZ\u0130RAN AYININ \u0130LK HAFTASI KONGREYE G\u0130DECEK OLAN EVKUR YEN\u0130 MALATYASPOR\u2019DA BA\u015eKANLI\u011eA ADAY OLAN \u015eEVKET SAL\u0130K, T\u00dcZ\u00dcK GERE\u011e\u0130 K\u00dcL\u00dcNE \u00dcYE OLMAMASI NEDEN\u0130YLE SE\u00c7\u0130ME KATILAMADI\u011eINI \u0130FADE EDEREK TEPK\u0130 G\u00d6STERD\u0130.<\/p>\n","protected":false},"author":1,"featured_media":164660,"comment_status":"closed","ping_status":"open","sticky":false,"template":"","format":"standard","meta":{"jetpack_post_was_ever_published":false,"_jetpack_newsletter_access":"","_jetpack_dont_email_post_to_subs":false,"_jetpack_newsletter_tier_id":0,"_jetpack_memberships_contains_paywalled_content":false,"_jetpack_memberships_contains_paid_content":false,"footnotes":"","jetpack_publicize_message":"","jetpack_publicize_feature_enabled":true,"jetpack_social_post_already_shared":true,"jetpack_social_options":{"image_generator_settings":{"template":"highway","default_image_id":0,"font":"","enabled":false},"version":2}},"categories":[657],"tags":[10017,541,907,528,572,39145,9601,39146,87],"class_list":["post-164659","post","type-post","status-publish","format-standard","has-post-thumbnail","hentry","category-spor","tag-sevket","tag-aday","tag-baskanligina","tag-malatyaspor","tag-olan","tag-salikten","tag-tepkisi","tag-tuzuk","tag-yeni"],"jetpack_publicize_connections":[],"jetpack_featured_media_url":"https:\/\/i0.wp.com\/www.tvturk.com\/wp-content\/uploads\/2019\/05\/e-yeni-malatyaspor-baskanligina-aday-olan-sevket-salikten-tuzuk-tepkisi_1928425.jpg?fit=1000%2C666","jetpack_sharing_enabled":true,"jetpack_shortlink":"https:\/\/wp.me\/paKIfm-GPN","_links":{"self":[{"href":"http:\/\/www.tvturk.com\/index.php\/wp-json\/wp\/v2\/posts\/164659","targetHints":{"allow":["GET"]}}],"collection":[{"href":"http:\/\/www.tvturk.com\/index.php\/wp-json\/wp\/v2\/posts"}],"about":[{"href":"http:\/\/www.tvturk.com\/index.php\/wp-json\/wp\/v2\/types\/post"}],"author":[{"embeddable":true,"href":"http:\/\/www.tvturk.com\/index.php\/wp-json\/wp\/v2\/users\/1"}],"replies":[{"embeddable":true,"href":"http:\/\/www.tvturk.com\/index.php\/wp-json\/wp\/v2\/comments?post=164659"}],"version-history":[{"count":0,"href":"http:\/\/www.tvturk.com\/index.php\/wp-json\/wp\/v2\/posts\/164659\/revisions"}],"wp:featuredmedia":[{"embeddable":true,"href":"http:\/\/www.tvturk.com\/index.php\/wp-json\/wp\/v2\/media\/164660"}],"wp:attachment":[{"href":"http:\/\/www.tvturk.com\/index.php\/wp-json\/wp\/v2\/media?parent=164659"}],"wp:term":[{"taxonomy":"category","embeddable":true,"href":"http:\/\/www.tvturk.com\/index.php\/wp-json\/wp\/v2\/categories?post=164659"},{"taxonomy":"post_tag","embeddable":true,"href":"http:\/\/www.tvturk.com\/index.php\/wp-json\/wp\/v2\/tags?post=164659"}],"curies":[{"name":"wp","href":"https:\/\/api.w.org\/{rel}","templated":true}]}}