{"id":164675,"date":"2019-05-31T18:46:29","date_gmt":"2019-05-31T15:46:29","guid":{"rendered":"http:\/\/www.tvturk.com\/index.php\/ibb-sehir-hatlari-yaz-tarifesine-geciyor\/"},"modified":"2019-05-31T18:46:29","modified_gmt":"2019-05-31T15:46:29","slug":"ibb-sehir-hatlari-yaz-tarifesine-geciyor","status":"publish","type":"post","link":"http:\/\/www.tvturk.com\/index.php\/ibb-sehir-hatlari-yaz-tarifesine-geciyor\/","title":{"rendered":"\u0130BB \u015eehir Hatlar\u0131 yaz tarifesine ge\u00e7iyor"},"content":{"rendered":"<p>\u0130stanbul B\u00fcy\u00fck\u015fehir Belediyesi \u015eehir Hatlar\u0131\u2019n\u0131n yaz tarifesi 3 Haziran Pazartesi g\u00fcn\u00fc ba\u015fl\u0131yor. Yaz sezonuna g\u00f6re d\u00fczenlenen seferler 3 Haziran-15 Eyl\u00fcl 2019 tarihleri aras\u0131nda ge\u00e7erli olacak.<\/p>\n<p>Yolcular\u0131na g\u00fcvenli, konforlu, nostaljik toplu ula\u015f\u0131m hizmeti sunan \u0130stanbul B\u00fcy\u00fck\u015fehir Belediyesi \u015eehir Hatlar\u0131 \u015eehir Hatlar\u0131 sefer saatlerini yaz aylar\u0131na g\u00f6re d\u00fczenledi. Yaz sezonunun hareketlili\u011fi dikkate al\u0131narak d\u00fczenlenen tarifeyle merkez hatlar olarak hizmet verilen Kad\u0131k\u00f6y &#8211; Karak\u00f6y &#8211; Emin\u00f6n\u00fc &#8211; Be\u015fikta\u015f ve \u00dcsk\u00fcdar hatlar\u0131nda ge\u00e7 sefer uygulamalar\u0131 yaz tarifesinde devam edecek.<\/p>\n<p>Yolculardan gelen talep \u00fczerine k\u0131y\u0131ya paralel hatlardan Rumeli Kava\u011f\u0131 &#8211; Emin\u00f6n\u00fc seferlerinde B\u00fcy\u00fckdere \u0130skelesi de hizmet vermeye ba\u015flad\u0131.  Bo\u011faz Hatlar\u0131ndan Be\u015fikta\u015f &#8211; K\u00fc\u00e7\u00fcksu seferleri Kabata\u015f\u2019a kadar uzat\u0131l\u0131rken, Karak\u00f6y &#8211; Bostanc\u0131 seferleri de Kabata\u015f kalk\u0131\u015fl\u0131 hale getiriliyor.  Yaz tarifesinde artt\u0131r\u0131lan Adalar seferlerinde Be\u015fikta\u015f &#8211; Heybeliada &#8211; B\u00fcy\u00fckada ve Be\u015fikta\u015f &#8211; K\u0131nal\u0131ada &#8211; Burgazada \u015feklinde, Kabata\u015f &#8211; Emi\u00f6n\u00fc kalk\u0131\u015fl\u0131 seferler Kad\u0131k\u00f6y u\u011framal\u0131 K\u0131nal\u0131ada &#8211; Burgazada &#8211; Heybeliada &#8211; B\u00fcy\u00fckada olarak yap\u0131lmaya devam edecek. G\u00fcn i\u00e7erisindeki Adalar seferlerinin bir k\u0131sm\u0131 Bostanc\u0131 ba\u011flant\u0131l\u0131 olacak. Adalar hatt\u0131nda bu yaz uygulanacak 23.50 seferi Bostanc\u0131\u2019ya kadar uzat\u0131ld\u0131. B\u00f6ylece vapur seferlerinde gece yar\u0131s\u0131ndan sonra da Adalar anakaraya ba\u011flanm\u0131\u015f olacak.<\/p>\n<p>Pazar ve resmi tatil g\u00fcnlerinde Emin\u00f6n\u00fc &#8211; Kad\u0131k\u00f6y ile Karak\u00f6y &#8211; Kad\u0131k\u00f6y hatlar\u0131 birle\u015ftirilerek ring hale getirildi.<\/p>\n<p>Sedef Adas\u0131, Poyrazk\u00f6y ve Mehtap Gezisi seferleri yaz tarifesinde yerini al\u0131rken, Sedef Adas\u0131 seferleri 8\u2019e \u00e7\u0131kart\u0131ld\u0131. Sedef Adas\u0131 seferlerini kullanan yolcular B\u00fcy\u00fckada\u2019da \u00fccretsiz aktarma yapabilecek. Anadolu yakas\u0131n\u0131n \u015firin k\u00f6ylerinden Poyraz seferleri 1 Eyl\u00fcl\u2019e kadar her g\u00fcn sabah ve ak\u015fam olarak d\u00fczenlendi.<\/p>\n<p>Bo\u011faz\u0131n iki yakas\u0131n\u0131 denizden 8 dakikal\u0131k ge\u00e7i\u015fle birbirine ba\u011flayan \u0130stinye &#8211; \u00c7ubuklu arabal\u0131 vapur hatt\u0131nda hafta i\u00e7i g\u00fcnl\u00fck 106 seferle yolcular\u0131na zaman ve fiyat avantaj\u0131 sa\u011flayacak.<\/p>\n<p>\u0130BB \u015eehir Hatlar\u0131\u2019n\u0131n Bo\u011fazi\u00e7i Turlar\u0131ndan \u2018Nostaljik Tur\u2019 her g\u00fcn 10.35 ve 13.35, \u2018K\u0131sa Bo\u011faz Turu\u2019 14.30\u2019da Emin\u00f6n\u00fc\u2019nden hareket edecek. Yaz ak\u015famlar\u0131n\u0131n keyfi \u2018M\u00fczikli Mehtap Turlar\u0131\u2019da her Cumartesi Bostanc\u0131\u2019dan Anadolu Kava\u011f\u0131\u2019na uzanacak.<\/p>\n<p>\u015eehir Hatlar\u0131 2019 yaz tarifesinde 24 farkl\u0131 hatta her g\u00fcn ortalama 700 operasyonel sefer d\u00fczenleyecek. Bo\u011fazi\u00e7i, Adalar, Hali\u00e7 ve Arabal\u0131 Vapur hatlar\u0131 ile Bo\u011faz Turlar\u0131n\u0131n seferlerinin yaz tarifesi 15 Eyl\u00fcl\u2019e kadar ge\u00e7erli olacak.<\/p>\n<p>2019 Yaz tarifesi kitap\u00e7\u0131klar\u0131na \u015eehir Hatlar\u0131 iskelelerinden, Alo 153 Beyaz Masa dan\u0131\u015fma hatt\u0131ndan ve www.sehirhatlari.istanbul web adresinden eri\u015fim sa\u011flanabiliyor.<\/p>\n","protected":false},"excerpt":{"rendered":"<p>\u0130STANBUL B\u00dcY\u00dcK\u015eEH\u0130R BELED\u0130YES\u0130 \u015eEH\u0130R HATLARI\u2019NIN YAZ TAR\u0130FES\u0130 3 HAZ\u0130RAN PAZARTES\u0130 G\u00dcN\u00dc BA\u015eLIYOR. YAZ SEZONUNA G\u00d6RE D\u00dcZENLENEN SEFERLER 3 HAZ\u0130RAN-15 EYL\u00dcL 2019 TAR\u0130HLER\u0130 ARASINDA GE\u00c7ERL\u0130 OLACAK.<\/p>\n","protected":false},"author":1,"featured_media":164676,"comment_status":"closed","ping_status":"open","sticky":false,"template":"","format":"standard","meta":{"jetpack_post_was_ever_published":false,"_jetpack_newsletter_access":"","_jetpack_dont_email_post_to_subs":false,"_jetpack_newsletter_tier_id":0,"_jetpack_memberships_contains_paywalled_content":false,"_jetpack_memberships_contains_paid_content":false,"footnotes":"","jetpack_publicize_message":"","jetpack_publicize_feature_enabled":true,"jetpack_social_post_already_shared":true,"jetpack_social_options":{"image_generator_settings":{"template":"highway","default_image_id":0,"font":"","enabled":false},"version":2}},"categories":[1],"tags":[8825,4164,21126,553,39153,183],"class_list":["post-164675","post","type-post","status-publish","format-standard","has-post-thumbnail","hentry","category-genel","tag-geciyor","tag-hatlari","tag-ibb","tag-sehir","tag-tarifesine","tag-yaz"],"jetpack_publicize_connections":[],"jetpack_featured_media_url":"https:\/\/i0.wp.com\/www.tvturk.com\/wp-content\/uploads\/2019\/05\/ibb-sehir-hatlari-yaz-tarifesine-geciyor_32c0b13.jpg?fit=1000%2C525","jetpack_sharing_enabled":true,"jetpack_shortlink":"https:\/\/wp.me\/paKIfm-GQ3","_links":{"self":[{"href":"http:\/\/www.tvturk.com\/index.php\/wp-json\/wp\/v2\/posts\/164675","targetHints":{"allow":["GET"]}}],"collection":[{"href":"http:\/\/www.tvturk.com\/index.php\/wp-json\/wp\/v2\/posts"}],"about":[{"href":"http:\/\/www.tvturk.com\/index.php\/wp-json\/wp\/v2\/types\/post"}],"author":[{"embeddable":true,"href":"http:\/\/www.tvturk.com\/index.php\/wp-json\/wp\/v2\/users\/1"}],"replies":[{"embeddable":true,"href":"http:\/\/www.tvturk.com\/index.php\/wp-json\/wp\/v2\/comments?post=164675"}],"version-history":[{"count":0,"href":"http:\/\/www.tvturk.com\/index.php\/wp-json\/wp\/v2\/posts\/164675\/revisions"}],"wp:featuredmedia":[{"embeddable":true,"href":"http:\/\/www.tvturk.com\/index.php\/wp-json\/wp\/v2\/media\/164676"}],"wp:attachment":[{"href":"http:\/\/www.tvturk.com\/index.php\/wp-json\/wp\/v2\/media?parent=164675"}],"wp:term":[{"taxonomy":"category","embeddable":true,"href":"http:\/\/www.tvturk.com\/index.php\/wp-json\/wp\/v2\/categories?post=164675"},{"taxonomy":"post_tag","embeddable":true,"href":"http:\/\/www.tvturk.com\/index.php\/wp-json\/wp\/v2\/tags?post=164675"}],"curies":[{"name":"wp","href":"https:\/\/api.w.org\/{rel}","templated":true}]}}