{"id":164687,"date":"2019-05-31T20:31:40","date_gmt":"2019-05-31T17:31:40","guid":{"rendered":"http:\/\/www.tvturk.com\/index.php\/kediler-yakaladi-duyarli-vatandas-kurtardi\/"},"modified":"2019-05-31T20:31:40","modified_gmt":"2019-05-31T17:31:40","slug":"kediler-yakaladi-duyarli-vatandas-kurtardi","status":"publish","type":"post","link":"http:\/\/www.tvturk.com\/index.php\/kediler-yakaladi-duyarli-vatandas-kurtardi\/","title":{"rendered":"Kediler yakalad\u0131, duyarl\u0131 vatanda\u015f kurtard\u0131"},"content":{"rendered":"<p>\u0130stanbul Bak\u0131rk\u00f6y\u2019de bir apartman\u0131n bah\u00e7esinde kedilerin eline d\u00fc\u015fen ebabil ku\u015funa duyarl\u0131 vatanda\u015flar sahip \u00e7\u0131kt\u0131. \u0130lk ba\u015fta s\u0131\u011f\u0131rc\u0131k ku\u015fu oldu\u011funu, veterinere gittiklerinde ebabil oldu\u011funu anlay\u0131nca \u015fa\u015f\u0131rd\u0131klar\u0131n\u0131 belirten aile yetkililere haber verdi.<\/p>\n<p>Bak\u0131rk\u00f6y, Atak\u00f6y\u2019de Aliye Polat isimli vatanda\u015f, evin bah\u00e7esinde kedilerin bir ku\u015f yakalad\u0131\u011f\u0131n\u0131 g\u00f6rd\u00fc. H\u0131zl\u0131ca kedilerin elinden kurtarmaya \u00e7al\u0131\u015ft\u0131\u011f\u0131 ku\u015fun s\u0131rt\u0131ndan yaraland\u0131\u011f\u0131n\u0131 anlay\u0131nca k\u0131z\u0131 ile birlikte veteriner hekimli\u011fine g\u00f6t\u00fcrd\u00fc. Burada da buldu\u011fu ku\u015fun Kuran\u2019\u0131 Kerim\u2019de Fil suresinin anlatt\u0131\u011f\u0131 ve bir \u00e7ok dini hikayeye konu olan Ebabil ku\u015fu oldu\u011funu \u00f6\u011frenince \u00e7ok \u015fa\u015f\u0131rd\u0131.<\/p>\n<p>\u201cKediler ba\u015f\u0131ndayken buldum\u201d<\/p>\n<p>Ku\u015fu kedilerin aras\u0131ndan \u00e7\u0131kart\u0131p kurtard\u0131\u011f\u0131n\u0131 belirten Aliye Polat, \u201cArka bah\u00e7ede kediler ba\u015f\u0131ndayken buldum. \u0130ki saat evde durdu ard\u0131ndan k\u0131z\u0131m veterinere g\u00f6t\u00fcrd\u00fc. Veteriner de ebabil ku\u015fu oldu\u011funu s\u00f6yledi. Ard\u0131ndan Orman, Su i\u015fleri M\u00fcd\u00fcrl\u00fc\u011f\u00fcn\u00fc arad\u0131k, gelece\u011fiz dediler. Ben bun \u00fcz\u00fcl\u00fcyorum bir \u015fey yemiyor. \u015eu anda ne yapaca\u011f\u0131m\u0131z\u0131 bilmiyorum\u201d dedi.<\/p>\n<p>\u201cBakt\u0131m, \u00e7ok de\u011ferli bir ku\u015f\u201d<\/p>\n<p>Annesinin ku\u015fu bulduktan sonra veterinere g\u00f6t\u00fcrd\u00fc\u011f\u00fcn\u00fc ve orada da ebabil ku\u015fu oldu\u011funu \u00f6\u011frendiklerini s\u00f6yleyen \u015eirvan Polat, \u201cVeterinere g\u00f6t\u00fcrd\u00fcm ilk ba\u015fta. O zaman ebabil ku\u015fu oldu\u011funu bilmiyordum. \u0130lk ba\u015fta s\u0131\u011f\u0131rc\u0131k ku\u015fu diye d\u00fc\u015f\u00fcnd\u00fcm. Adam \u2018buna bakamazs\u0131n\u0131z, \u00e7ok k\u00fc\u00e7\u00fck yavru bu\u2019 dedi. \u2018Orman ve su \u0130\u015fleri yetkililerini aray\u0131n\u2019 dedi. Ard\u0131ndan ara\u015ft\u0131ray\u0131m dedim. Bakt\u0131m, \u00e7ok de\u011ferli bir ku\u015fmu\u015f, koruma alt\u0131ndaym\u0131\u015f. \u00d6lmesin \u00e7ok k\u00fc\u00e7\u00fck. \u0130n\u015fallah iyile\u015fir\u201d ifadelerini kuland\u0131.<\/p>\n<p>Yaral\u0131 Ebabil Ku\u015fa yetkililer gelene kadar duyarl\u0131 aile evinde bakacaklar\u0131n\u0131 belirtti.<\/p>\n","protected":false},"excerpt":{"rendered":"<p>\u0130STANBUL BAKIRK\u00d6Y\u2019DE B\u0130R APARTMANIN BAH\u00c7ES\u0130NDE KED\u0130LER\u0130N EL\u0130NE D\u00dc\u015eEN EBAB\u0130L KU\u015eUNA DUYARLI VATANDA\u015eLAR SAH\u0130P \u00c7IKTI. \u0130LK BA\u015eTA SI\u011eIRCIK KU\u015eU OLDU\u011eUNU, VETER\u0130NERE G\u0130TT\u0130KLER\u0130NDE EBAB\u0130L OLDU\u011eUNU ANLAYINCA \u015eA\u015eIRDIKLARINI BEL\u0130RTEN A\u0130LE YETK\u0130L\u0130LERE HABER VERD\u0130.<\/p>\n","protected":false},"author":1,"featured_media":164688,"comment_status":"closed","ping_status":"open","sticky":false,"template":"","format":"standard","meta":{"jetpack_post_was_ever_published":false,"_jetpack_newsletter_access":"","_jetpack_dont_email_post_to_subs":false,"_jetpack_newsletter_tier_id":0,"_jetpack_memberships_contains_paywalled_content":false,"_jetpack_memberships_contains_paid_content":false,"footnotes":"","jetpack_publicize_message":"","jetpack_publicize_feature_enabled":true,"jetpack_social_post_already_shared":true,"jetpack_social_options":{"image_generator_settings":{"template":"highway","default_image_id":0,"font":"","enabled":false},"version":2}},"categories":[1],"tags":[2862,20962,477,1626,6248],"class_list":["post-164687","post","type-post","status-publish","format-standard","has-post-thumbnail","hentry","category-genel","tag-duyarli","tag-kediler","tag-kurtardi","tag-vatandas","tag-yakaladi"],"jetpack_publicize_connections":[],"jetpack_featured_media_url":"https:\/\/i0.wp.com\/www.tvturk.com\/wp-content\/uploads\/2019\/05\/kediler-yakaladi-duyarli-vatandas-kurtardi_0a4780f.jpg?fit=1000%2C562","jetpack_sharing_enabled":true,"jetpack_shortlink":"https:\/\/wp.me\/paKIfm-GQf","_links":{"self":[{"href":"http:\/\/www.tvturk.com\/index.php\/wp-json\/wp\/v2\/posts\/164687","targetHints":{"allow":["GET"]}}],"collection":[{"href":"http:\/\/www.tvturk.com\/index.php\/wp-json\/wp\/v2\/posts"}],"about":[{"href":"http:\/\/www.tvturk.com\/index.php\/wp-json\/wp\/v2\/types\/post"}],"author":[{"embeddable":true,"href":"http:\/\/www.tvturk.com\/index.php\/wp-json\/wp\/v2\/users\/1"}],"replies":[{"embeddable":true,"href":"http:\/\/www.tvturk.com\/index.php\/wp-json\/wp\/v2\/comments?post=164687"}],"version-history":[{"count":0,"href":"http:\/\/www.tvturk.com\/index.php\/wp-json\/wp\/v2\/posts\/164687\/revisions"}],"wp:featuredmedia":[{"embeddable":true,"href":"http:\/\/www.tvturk.com\/index.php\/wp-json\/wp\/v2\/media\/164688"}],"wp:attachment":[{"href":"http:\/\/www.tvturk.com\/index.php\/wp-json\/wp\/v2\/media?parent=164687"}],"wp:term":[{"taxonomy":"category","embeddable":true,"href":"http:\/\/www.tvturk.com\/index.php\/wp-json\/wp\/v2\/categories?post=164687"},{"taxonomy":"post_tag","embeddable":true,"href":"http:\/\/www.tvturk.com\/index.php\/wp-json\/wp\/v2\/tags?post=164687"}],"curies":[{"name":"wp","href":"https:\/\/api.w.org\/{rel}","templated":true}]}}