{"id":164703,"date":"2019-05-31T22:38:24","date_gmt":"2019-05-31T19:38:24","guid":{"rendered":"http:\/\/www.tvturk.com\/index.php\/kadir-gecesinde-camiler-doldu-tasti\/"},"modified":"2019-05-31T22:38:24","modified_gmt":"2019-05-31T19:38:24","slug":"kadir-gecesinde-camiler-doldu-tasti","status":"publish","type":"post","link":"http:\/\/www.tvturk.com\/index.php\/kadir-gecesinde-camiler-doldu-tasti\/","title":{"rendered":"Kadir Gecesi\u2019nde camiler doldu ta\u015ft\u0131"},"content":{"rendered":"<p>Kur\u2019an-\u0131 Kerim\u2019in indirildi\u011fi ve bin aydan daha hay\u0131rl\u0131 olan Kadir Gecesi\u2019nde Elaz\u0131\u011f\u2019daki camiler doldu ta\u015ft\u0131.<\/p>\n<p>T\u00fcrkiye genelinde oldu\u011fu gibi Elaz\u0131\u011f\u2019da da Kadir Gecesi nedeniyle vatanda\u015flar ba\u015fta \u0130zzetpa\u015fa Camii olmak \u00fczere t\u00fcm camileri doldurdu. Kur\u2019an-\u0131 Kerim\u2019in indirildi\u011fi ve bin aydan daha hay\u0131rl\u0131 olan gecede  cemaat geceyi namaz k\u0131l\u0131p dualarla ge\u00e7irdi. Yap\u0131lan dualar\u0131n ard\u0131ndan vatanda\u015flar teravih namaz\u0131 k\u0131ld\u0131.<\/p>\n","protected":false},"excerpt":{"rendered":"<p>KUR&#8217;AN-I KER\u0130M&#8217;\u0130N \u0130ND\u0130R\u0130LD\u0130\u011e\u0130 VE B\u0130N AYDAN DAHA HAYIRLI OLAN KAD\u0130R GECES\u0130&#8217;NDE ELAZI\u011e&#8217;DAK\u0130 CAM\u0130LER DOLDU TA\u015eTI.<\/p>\n","protected":false},"author":1,"featured_media":164704,"comment_status":"closed","ping_status":"open","sticky":false,"template":"","format":"standard","meta":{"jetpack_post_was_ever_published":false,"_jetpack_newsletter_access":"","_jetpack_dont_email_post_to_subs":false,"_jetpack_newsletter_tier_id":0,"_jetpack_memberships_contains_paywalled_content":false,"_jetpack_memberships_contains_paid_content":false,"footnotes":"","jetpack_publicize_message":"","jetpack_publicize_feature_enabled":true,"jetpack_social_post_already_shared":true,"jetpack_social_options":{"image_generator_settings":{"template":"highway","default_image_id":0,"font":"","enabled":false},"version":2}},"categories":[1],"tags":[20222,7688,10307,4383,4666],"class_list":["post-164703","post","type-post","status-publish","format-standard","has-post-thumbnail","hentry","category-genel","tag-camiler","tag-doldu","tag-gecesinde","tag-kadir","tag-tasti"],"jetpack_publicize_connections":[],"jetpack_featured_media_url":"https:\/\/i0.wp.com\/www.tvturk.com\/wp-content\/uploads\/2019\/05\/kadir-gecesinde-camiler-doldu-tasti_6d2b0eb.jpg?fit=1000%2C666","jetpack_sharing_enabled":true,"jetpack_shortlink":"https:\/\/wp.me\/paKIfm-GQv","_links":{"self":[{"href":"http:\/\/www.tvturk.com\/index.php\/wp-json\/wp\/v2\/posts\/164703","targetHints":{"allow":["GET"]}}],"collection":[{"href":"http:\/\/www.tvturk.com\/index.php\/wp-json\/wp\/v2\/posts"}],"about":[{"href":"http:\/\/www.tvturk.com\/index.php\/wp-json\/wp\/v2\/types\/post"}],"author":[{"embeddable":true,"href":"http:\/\/www.tvturk.com\/index.php\/wp-json\/wp\/v2\/users\/1"}],"replies":[{"embeddable":true,"href":"http:\/\/www.tvturk.com\/index.php\/wp-json\/wp\/v2\/comments?post=164703"}],"version-history":[{"count":0,"href":"http:\/\/www.tvturk.com\/index.php\/wp-json\/wp\/v2\/posts\/164703\/revisions"}],"wp:featuredmedia":[{"embeddable":true,"href":"http:\/\/www.tvturk.com\/index.php\/wp-json\/wp\/v2\/media\/164704"}],"wp:attachment":[{"href":"http:\/\/www.tvturk.com\/index.php\/wp-json\/wp\/v2\/media?parent=164703"}],"wp:term":[{"taxonomy":"category","embeddable":true,"href":"http:\/\/www.tvturk.com\/index.php\/wp-json\/wp\/v2\/categories?post=164703"},{"taxonomy":"post_tag","embeddable":true,"href":"http:\/\/www.tvturk.com\/index.php\/wp-json\/wp\/v2\/tags?post=164703"}],"curies":[{"name":"wp","href":"https:\/\/api.w.org\/{rel}","templated":true}]}}