{"id":164707,"date":"2019-05-31T22:51:31","date_gmt":"2019-05-31T19:51:31","guid":{"rendered":"http:\/\/www.tvturk.com\/index.php\/kadir-gecesinde-bursalilar-ulu-camiye-akin-etti\/"},"modified":"2019-05-31T22:51:31","modified_gmt":"2019-05-31T19:51:31","slug":"kadir-gecesinde-bursalilar-ulu-camiye-akin-etti","status":"publish","type":"post","link":"http:\/\/www.tvturk.com\/index.php\/kadir-gecesinde-bursalilar-ulu-camiye-akin-etti\/","title":{"rendered":"Kadir Gecesi\u2019nde Bursal\u0131lar Ulu Cami\u2019ye ak\u0131n etti"},"content":{"rendered":"<p>Bin aydan daha hay\u0131rl\u0131 olan Kadir Gecesi\u2019nde on binlerce vatanda\u015f, Bursa Ulu Cami\u2019ye ak\u0131n etti.<\/p>\n<p>T\u00fcm \u0130slam aleminin en \u00f6nemli gecelerinden biri olan Kadir Gecesi Bursa\u2019da Ulu Cami\u2019de hu\u015fu i\u00e7inde ge\u00e7irildi. Kadir Gecesi m\u00fcnasebetiyle on binlerce vatanda\u015f Ulu Cami\u2019ye s\u0131\u011fmad\u0131. Binlerce vatanda\u015f, 7\u2019den 70\u2019e Ulu Cami avlusunda ve \u00e7evresinde dualarla Kadir Gecesi\u2019ni kutlad\u0131. Kur\u2019an-\u0131 Kerim tilavetinin ard\u0131ndan teravih namaz\u0131n\u0131 da k\u0131lan gen\u00e7, ya\u015fl\u0131, \u00e7ocuk binlerce vatanda\u015f, ge\u00e7 saatlere kadar ibadetlerini ger\u00e7ekle\u015ftirdi.<\/p>\n<p>Ayr\u0131ca Jandarma Te\u015fkilat\u0131n\u0131n kurulu\u015funun 180. y\u0131l\u0131 m\u00fcnasebetiyle Bursa \u0130l Jandarma Komutanl\u0131\u011f\u0131 ba\u011fl\u0131 ekipler Ulu Cami bah\u00e7esinde ikramlarda bulunarak, gazi ve \u015fehitler i\u00e7in Mevlid-i \u015eerif okuttu.<\/p>\n","protected":false},"excerpt":{"rendered":"<p>B\u0130N AYDAN DAHA HAYIRLI OLAN KAD\u0130R GECES\u0130&#8217;NDE ON B\u0130NLERCE VATANDA\u015e, BURSA ULU CAM\u0130\u2019YE AKIN ETT\u0130.<\/p>\n","protected":false},"author":1,"featured_media":164708,"comment_status":"closed","ping_status":"open","sticky":false,"template":"","format":"standard","meta":{"jetpack_post_was_ever_published":false,"_jetpack_newsletter_access":"","_jetpack_dont_email_post_to_subs":false,"_jetpack_newsletter_tier_id":0,"_jetpack_memberships_contains_paywalled_content":false,"_jetpack_memberships_contains_paid_content":false,"footnotes":"","jetpack_publicize_message":"","jetpack_publicize_feature_enabled":true,"jetpack_social_post_already_shared":true,"jetpack_social_options":{"image_generator_settings":{"template":"highway","default_image_id":0,"font":"","enabled":false},"version":2}},"categories":[1],"tags":[328,12471,7788,207,10307,4383,5239],"class_list":["post-164707","post","type-post","status-publish","format-standard","has-post-thumbnail","hentry","category-genel","tag-akin","tag-bursalilar","tag-camiye","tag-etti","tag-gecesinde","tag-kadir","tag-ulu"],"jetpack_publicize_connections":[],"jetpack_featured_media_url":"https:\/\/i0.wp.com\/www.tvturk.com\/wp-content\/uploads\/2019\/05\/kadir-gecesinde-bursalilar-ulu-camiye-akin-etti_1141fd3.jpg?fit=1000%2C666","jetpack_sharing_enabled":true,"jetpack_shortlink":"https:\/\/wp.me\/paKIfm-GQz","_links":{"self":[{"href":"http:\/\/www.tvturk.com\/index.php\/wp-json\/wp\/v2\/posts\/164707","targetHints":{"allow":["GET"]}}],"collection":[{"href":"http:\/\/www.tvturk.com\/index.php\/wp-json\/wp\/v2\/posts"}],"about":[{"href":"http:\/\/www.tvturk.com\/index.php\/wp-json\/wp\/v2\/types\/post"}],"author":[{"embeddable":true,"href":"http:\/\/www.tvturk.com\/index.php\/wp-json\/wp\/v2\/users\/1"}],"replies":[{"embeddable":true,"href":"http:\/\/www.tvturk.com\/index.php\/wp-json\/wp\/v2\/comments?post=164707"}],"version-history":[{"count":0,"href":"http:\/\/www.tvturk.com\/index.php\/wp-json\/wp\/v2\/posts\/164707\/revisions"}],"wp:featuredmedia":[{"embeddable":true,"href":"http:\/\/www.tvturk.com\/index.php\/wp-json\/wp\/v2\/media\/164708"}],"wp:attachment":[{"href":"http:\/\/www.tvturk.com\/index.php\/wp-json\/wp\/v2\/media?parent=164707"}],"wp:term":[{"taxonomy":"category","embeddable":true,"href":"http:\/\/www.tvturk.com\/index.php\/wp-json\/wp\/v2\/categories?post=164707"},{"taxonomy":"post_tag","embeddable":true,"href":"http:\/\/www.tvturk.com\/index.php\/wp-json\/wp\/v2\/tags?post=164707"}],"curies":[{"name":"wp","href":"https:\/\/api.w.org\/{rel}","templated":true}]}}