{"id":164765,"date":"2019-06-01T09:49:25","date_gmt":"2019-06-01T06:49:25","guid":{"rendered":"http:\/\/www.tvturk.com\/index.php\/bursada-kadir-gecesi-camiler-doldu-tasti\/"},"modified":"2019-06-01T09:49:25","modified_gmt":"2019-06-01T06:49:25","slug":"bursada-kadir-gecesi-camiler-doldu-tasti","status":"publish","type":"post","link":"http:\/\/www.tvturk.com\/index.php\/bursada-kadir-gecesi-camiler-doldu-tasti\/","title":{"rendered":"Bursa\u2019da Kadir Gecesi camiler doldu ta\u015ft\u0131"},"content":{"rendered":"<p>Bursa B\u00fcy\u00fck\u015fehir Belediye Ba\u015fkan\u0131 Alinur Akta\u015f, Kadir gecesi nedeniyle Demirta\u015f Merkez Camisi\u2019ne ak\u0131n eden vatanda\u015flar\u0131n manevi co\u015fkusuna ortak oldu. Bin aydan daha hay\u0131rl\u0131 Kadir Gecesi\u2019nin toplumsal birlik ve beraberli\u011fin artmas\u0131na vesile oldu\u011funu belirten Ba\u015fkan Akta\u015f, teravih namaz\u0131 sonras\u0131 vatanda\u015flara sohbet etti.<\/p>\n<p>\u0130slam alemi i\u00e7in en de\u011ferli ve en \u00f6nemli gecelerden birine kavu\u015fman\u0131n mutlulu\u011funu ya\u015fayan Bursal\u0131lar camilere ak\u0131n etti. Bursa Ulu Camii ba\u015fta olmak \u00fczere t\u00fcm camiler adeta doldu ta\u015ft\u0131. Camilere s\u0131\u011fmayan vatanda\u015flar, 7\u2019den 70\u2019e cami avlular\u0131nda ve \u00e7evresinde dualarla Kadir Gecesi\u2019ni kutlad\u0131. B\u00fcy\u00fck\u015fehir Belediye Ba\u015fkan\u0131 Alinur Akta\u015f da Kadir Gecesi\u2019nde teravih namaz\u0131n\u0131 Demirta\u015f Merkez Camisi\u2019nde k\u0131ld\u0131. Ba\u015fkan Akta\u015f, namaz\u0131n ard\u0131ndan cami bah\u00e7esinde vatanda\u015flar\u0131n yo\u011fun ilgisiyle kar\u015f\u0131la\u015f\u0131rken, B\u00fcy\u00fck\u015fehir Belediyesince namaz sonras\u0131 vatanda\u015flara helva ikram edildi.<\/p>\n<p>T\u00fcm Bursal\u0131lar\u0131n Kadir Gecesi\u2019ni ve yakla\u015fan Ramazan Bayram\u0131\u2019n\u0131 tebrik eden Ba\u015fkan Akta\u015f, &#8220;Ba\u015f\u0131 rahmet, ortas\u0131 ma\u011ffiret, sonu cehennem azab\u0131ndan kurtulu\u015f olan Ramazan ay\u0131n\u0131n art\u0131k son g\u00fcnlerine geldik. Bu ak\u015fam 27\u2019nci teravihimizi Demirta\u015f\u2019ta Merkez Camimizde eda ettik. Ben \u00f6ncelikle Kadir Gecesi olmas\u0131 nedeniyle de \u00fclkemizin ve t\u00fcm \u0130slam aleminin Kadir Gecesi\u2019ni tebrik ediyorum. Kur\u2019an-\u0131 Kerim\u2019in indirildi\u011fi an olan Kadir Gecesi b\u00fcy\u00fck bir co\u015fku ve heyecanla kutlan\u0131yor. Camimiz de Allah\u2019a hamdolsun dolu doluydu, yer yoktu. D\u0131\u015far\u0131ya doldu ta\u015ft\u0131. Vatanda\u015flar\u0131m\u0131zla sohbet ettik, helva ikram\u0131nda bulunduk. Ben bu vesileyle de cenab\u0131 haktan di\u011fer ramazanlara da bizleri sa\u011fl\u0131kla ve s\u0131hhatle eri\u015ftirmesini diliyorum. Kadir Gecemizin ve akabinde Ramazan Bayram\u0131\u2019n\u0131n hem Demirta\u015f\u2019a hem Bursa\u2019m\u0131za hem \u00fclkemize hay\u0131rlar getirmesini diliyorum&#8221; diye konu\u015ftu.<\/p>\n","protected":false},"excerpt":{"rendered":"<p>BURSA B\u00dcY\u00dcK\u015eEH\u0130R BELED\u0130YE BA\u015eKANI AL\u0130NUR AKTA\u015e, KAD\u0130R GECES\u0130 NEDEN\u0130YLE DEM\u0130RTA\u015e MERKEZ CAM\u0130\u0130&#8217;NE AKIN EDEN VATANDA\u015eLARIN MANEV\u0130 CO\u015eKUSUNA ORTAK OLDU.<\/p>\n","protected":false},"author":1,"featured_media":164766,"comment_status":"closed","ping_status":"open","sticky":false,"template":"","format":"standard","meta":{"jetpack_post_was_ever_published":false,"_jetpack_newsletter_access":"","_jetpack_dont_email_post_to_subs":false,"_jetpack_newsletter_tier_id":0,"_jetpack_memberships_contains_paywalled_content":false,"_jetpack_memberships_contains_paid_content":false,"footnotes":"","jetpack_publicize_message":"","jetpack_publicize_feature_enabled":true,"jetpack_social_post_already_shared":true,"jetpack_social_options":{"image_generator_settings":{"template":"highway","default_image_id":0,"font":"","enabled":false},"version":2}},"categories":[1],"tags":[1032,20222,7688,3456,4383,4666],"class_list":["post-164765","post","type-post","status-publish","format-standard","has-post-thumbnail","hentry","category-genel","tag-bursada","tag-camiler","tag-doldu","tag-gecesi","tag-kadir","tag-tasti"],"jetpack_publicize_connections":[],"jetpack_featured_media_url":"https:\/\/i0.wp.com\/www.tvturk.com\/wp-content\/uploads\/2019\/06\/bursada-kadir-gecesi-camiler-doldu-tasti_199ec2c.jpg?fit=1000%2C666","jetpack_sharing_enabled":true,"jetpack_shortlink":"https:\/\/wp.me\/paKIfm-GRv","_links":{"self":[{"href":"http:\/\/www.tvturk.com\/index.php\/wp-json\/wp\/v2\/posts\/164765","targetHints":{"allow":["GET"]}}],"collection":[{"href":"http:\/\/www.tvturk.com\/index.php\/wp-json\/wp\/v2\/posts"}],"about":[{"href":"http:\/\/www.tvturk.com\/index.php\/wp-json\/wp\/v2\/types\/post"}],"author":[{"embeddable":true,"href":"http:\/\/www.tvturk.com\/index.php\/wp-json\/wp\/v2\/users\/1"}],"replies":[{"embeddable":true,"href":"http:\/\/www.tvturk.com\/index.php\/wp-json\/wp\/v2\/comments?post=164765"}],"version-history":[{"count":0,"href":"http:\/\/www.tvturk.com\/index.php\/wp-json\/wp\/v2\/posts\/164765\/revisions"}],"wp:featuredmedia":[{"embeddable":true,"href":"http:\/\/www.tvturk.com\/index.php\/wp-json\/wp\/v2\/media\/164766"}],"wp:attachment":[{"href":"http:\/\/www.tvturk.com\/index.php\/wp-json\/wp\/v2\/media?parent=164765"}],"wp:term":[{"taxonomy":"category","embeddable":true,"href":"http:\/\/www.tvturk.com\/index.php\/wp-json\/wp\/v2\/categories?post=164765"},{"taxonomy":"post_tag","embeddable":true,"href":"http:\/\/www.tvturk.com\/index.php\/wp-json\/wp\/v2\/tags?post=164765"}],"curies":[{"name":"wp","href":"https:\/\/api.w.org\/{rel}","templated":true}]}}