{"id":164777,"date":"2019-06-01T10:00:30","date_gmt":"2019-06-01T07:00:30","guid":{"rendered":"http:\/\/www.tvturk.com\/index.php\/avrupanin-en-buyuk-capli-teleskobu-erzurumda-insa-ediliyor\/"},"modified":"2019-06-01T10:00:30","modified_gmt":"2019-06-01T07:00:30","slug":"avrupanin-en-buyuk-capli-teleskobu-erzurumda-insa-ediliyor","status":"publish","type":"post","link":"http:\/\/www.tvturk.com\/index.php\/avrupanin-en-buyuk-capli-teleskobu-erzurumda-insa-ediliyor\/","title":{"rendered":"Avrupa\u2019n\u0131n en b\u00fcy\u00fck \u00e7apl\u0131 teleskobu Erzurum\u2019da in\u015fa ediliyor"},"content":{"rendered":"<p>Do\u011fu Anadolu g\u00f6zlem evi yerle\u015fkesi in\u015fas\u0131nda incelemelerde bulunan Erzurum Valisi Okay Memi\u015f, 3 bin 170 metrede Konakl\u0131 Karakaya tepelerinde T\u00fcrkiye\u2019nin en b\u00fcy\u00fck \u00e7apl\u0131 teleskop yap\u0131m\u0131 in\u015faat\u0131n\u0131 ziyaret etti.<\/p>\n<p>Bar\u0131nd\u0131rd\u0131\u011f\u0131 teknoloji a\u00e7\u0131s\u0131ndan Uluslararas\u0131 bir g\u00f6zlem evi oldu\u011fu i\u00e7in d\u00fcnya \u00e7a\u011f\u0131nda bulu\u015flara ve ara\u015ft\u0131rmalara ev sahipli\u011fi yapacak ara\u015ft\u0131rma merkezinde Avrupa\u2019n\u0131n en b\u00fcy\u00fck teleskobu yer al\u0131yor.<\/p>\n<p>Erzurum Valisi Okay Memi\u015f\u2019in  Atat\u00fcrk \u00dcniversitesi Rekt\u00f6r\u00fc Prof. Dr. \u00d6mer \u00c7omakl\u0131 ile beraber ziyaret etti\u011fi \u201cTuristik bir lokasyon olan bilime ve astrofizi\u011fe merakl\u0131 insanlar\u0131 Erzurum\u2019a \u00e7ekece\u011fiz diye niteledi\u011fi g\u00f6zlem evinin ziyareti s\u0131ras\u0131nda ATASAM Ba\u015fkan\u0131 Astrofizik B\u00f6l\u00fcm\u00fc Do\u00e7. Dr. Cahit Ye\u015filyaprak\u2019dan bilgi ald\u0131.<\/p>\n<p>Ejder tepesiyle e\u015fde\u011fer rak\u0131ma sahip 3170 metre rak\u0131mda, Atat\u00fcrk \u00fcniversitesi b\u00fcnyesinde d\u00fcnyan\u0131n en  \u00f6nemli g\u00f6zlem merkezine yakla\u015f\u0131k 4 metre kar e\u015fli\u011finde \u00e7\u0131k\u0131ld\u0131. Manzaras\u0131 ve do\u011fas\u0131yla b\u00fcy\u00fcleyen Karakaya tepeleri Vali Okay Memi\u015f\u2019i adeta b\u00fcy\u00fcledi.<\/p>\n<p>Okay Memi\u015f, \u201cBuray\u0131 g\u00f6rmek istedim, Burada Erzurum bilim \u00fcretecek ve sadece bu teleskop sayesinde bir bilim \u015fehri olacak biz bu yolu  \u0131slah edece\u011fiz bu tepeye \u00e7\u0131kan yol \u00e7ok k\u00f6t\u00fc durumda yaz k\u0131\u015f bu alan\u0131 hem kayak merkezi olarak hem de bilim adamlar\u0131m\u0131z i\u00e7in kullanaca\u011f\u0131z. Turistik bir lokasyon olan bilime ve astrofizi\u011fe merakl\u0131 insanlar\u0131 Erzurum\u2019a \u00e7ekece\u011fiz. Bilim adamlar\u0131n\u0131 vatanda\u015flar\u0131, \u00f6\u011frencileri buraya \u00e7ekece\u011fiz. D\u00fcnyan\u0131n en \u00f6nemli teleskoplar\u0131ndan biri \u015fuan in\u015fa ediliyor ve 2020\u2019nin sonunda bitmesi planlanan bu muhte\u015fem do\u011fa ve b\u00fcy\u00fcleyici bir atmosfere sahip bir b\u00f6lge buras\u0131, Havaalan\u0131ndan yar\u0131m saatte ula\u015fabilece\u011finiz bir teleskop olacak yakla\u015f\u0131k 200 milyon TL ye mal oldu bilimsel yat\u0131r\u0131mlarla art\u0131k bat\u0131ya imrenmeyip kendi yat\u0131r\u0131m merkezlerimizi yeti\u015ftirece\u011fiz. Art\u0131k yeni yat\u0131r\u0131m ve projelerle bilim aln\u0131nda iki \u00e7ift laf s\u00f6yleyecek vaziyete gelmek istiyoruz\u201d dedi.<\/p>\n<p>\u201c\u0130lime bilime hakim olan bir nesil yeti\u015ftirmeyi, \u00f6zg\u00fcveni y\u00fcksek vatanda\u015flar olmay\u0131 ama\u00e7l\u0131yoruz\u201d  diyen Memi\u015f, \u201cBilime hakim olan d\u00fcnyay\u0131 tan\u0131r, Bilime hakim olan d\u00fcnyay\u0131 tan\u0131r, Cenab\u0131 Hakk\u0131 tan\u0131r\u201d ifadelerinde bulundu.<\/p>\n<p>Atat\u00fcrk \u00dcniversitesi Rekt\u00f6r\u00fc Prof. Dr. \u00d6mer \u00c7omakl\u0131 ise \u201cBuraya kurulan teleskop Avrupa\u2019da kurulmu\u015f en b\u00fcy\u00fck \u00e7apl\u0131 (4 metre \u00e7apl\u0131) teleskop olma \u00f6zelli\u011fine sahip, buras\u0131 bir turizm \u015fehri ula\u015f\u0131m konusunda Teleskop \u0130talya\u2019da deneme a\u015famas\u0131nda, bu y\u0131l ta\u015f\u0131yaca\u011f\u0131z Rusya\u2019da aynam\u0131z var bu y\u0131l\u0131n sonuna do\u011fru kubbe montaj\u0131n\u0131 tamamlayaca\u011f\u0131z seneye \u0131\u015f\u0131k g\u00f6rmeyi hedefliyoruz\u201d dedi.<\/p>\n<p>Teleskop tamamland\u0131\u011f\u0131nda belirli g\u00fcnlerde, ziyaret\u00e7ilerin teleskopla bakmas\u0131na izin verilece\u011fi \u00f6\u011frenildi.<\/p>\n<p>Yama\u00e7 para\u015f\u00fct\u00fc ve ofroad gibi sporlar\u0131nda yap\u0131labilece\u011fi b\u00f6lge,  \u0130kinci Ejder pisti niteli\u011finde g\u00f6r\u00fcl\u00fcyor ayn\u0131 zamanda, insanlar\u0131n hem kayakla hem astrofizikle ilgilenmesinin ama\u00e7lan\u0131yor.<\/p>\n","protected":false},"excerpt":{"rendered":"<p>DO\u011eU ANADOLU G\u00d6ZLEM EV\u0130 YERLE\u015eKES\u0130 \u0130N\u015eASINDA \u0130NCELEMELERDE BULUNAN ERZURUM VAL\u0130S\u0130 OKAY MEM\u0130\u015e, 3 B\u0130N 170 METREDE KONAKLI KARAKAYA TEPELER\u0130NDE T\u00dcRK\u0130YE&#8217;N\u0130N EN B\u00dcY\u00dcK \u00c7APLI TELESKOP YAPIMI \u0130N\u015eAATINI Z\u0130YARET ETT\u0130.<\/p>\n","protected":false},"author":1,"featured_media":164778,"comment_status":"closed","ping_status":"open","sticky":false,"template":"","format":"standard","meta":{"jetpack_post_was_ever_published":false,"_jetpack_newsletter_access":"","_jetpack_dont_email_post_to_subs":false,"_jetpack_newsletter_tier_id":0,"_jetpack_memberships_contains_paywalled_content":false,"_jetpack_memberships_contains_paid_content":false,"footnotes":"","jetpack_publicize_message":"","jetpack_publicize_feature_enabled":true,"jetpack_social_post_already_shared":true,"jetpack_social_options":{"image_generator_settings":{"template":"highway","default_image_id":0,"font":"","enabled":false},"version":2}},"categories":[24],"tags":[6082,545,11675,2716,2474,3148,39189],"class_list":["post-164777","post","type-post","status-publish","format-standard","has-post-thumbnail","hentry","category-teknoloji","tag-avrupanin","tag-buyuk","tag-capli","tag-ediliyor","tag-erzurumda","tag-insa","tag-teleskobu"],"jetpack_publicize_connections":[],"jetpack_featured_media_url":"https:\/\/i0.wp.com\/www.tvturk.com\/wp-content\/uploads\/2019\/06\/avrupanin-en-buyuk-capli-teleskobu-erzurumda-insa-ediliyor_a1e7ce5.jpg?fit=1000%2C665","jetpack_sharing_enabled":true,"jetpack_shortlink":"https:\/\/wp.me\/paKIfm-GRH","_links":{"self":[{"href":"http:\/\/www.tvturk.com\/index.php\/wp-json\/wp\/v2\/posts\/164777","targetHints":{"allow":["GET"]}}],"collection":[{"href":"http:\/\/www.tvturk.com\/index.php\/wp-json\/wp\/v2\/posts"}],"about":[{"href":"http:\/\/www.tvturk.com\/index.php\/wp-json\/wp\/v2\/types\/post"}],"author":[{"embeddable":true,"href":"http:\/\/www.tvturk.com\/index.php\/wp-json\/wp\/v2\/users\/1"}],"replies":[{"embeddable":true,"href":"http:\/\/www.tvturk.com\/index.php\/wp-json\/wp\/v2\/comments?post=164777"}],"version-history":[{"count":0,"href":"http:\/\/www.tvturk.com\/index.php\/wp-json\/wp\/v2\/posts\/164777\/revisions"}],"wp:featuredmedia":[{"embeddable":true,"href":"http:\/\/www.tvturk.com\/index.php\/wp-json\/wp\/v2\/media\/164778"}],"wp:attachment":[{"href":"http:\/\/www.tvturk.com\/index.php\/wp-json\/wp\/v2\/media?parent=164777"}],"wp:term":[{"taxonomy":"category","embeddable":true,"href":"http:\/\/www.tvturk.com\/index.php\/wp-json\/wp\/v2\/categories?post=164777"},{"taxonomy":"post_tag","embeddable":true,"href":"http:\/\/www.tvturk.com\/index.php\/wp-json\/wp\/v2\/tags?post=164777"}],"curies":[{"name":"wp","href":"https:\/\/api.w.org\/{rel}","templated":true}]}}