{"id":164807,"date":"2019-06-01T10:27:45","date_gmt":"2019-06-01T07:27:45","guid":{"rendered":"http:\/\/www.tvturk.com\/index.php\/zonguldakta-lgs-heyecani\/"},"modified":"2019-06-01T10:27:45","modified_gmt":"2019-06-01T07:27:45","slug":"zonguldakta-lgs-heyecani","status":"publish","type":"post","link":"http:\/\/www.tvturk.com\/index.php\/zonguldakta-lgs-heyecani\/","title":{"rendered":"Zonguldak\u2019ta LGS heyecan\u0131"},"content":{"rendered":"<p>Zonguldak\u2019ta Liselere Ge\u00e7i\u015f S\u0131nav\u0131 (LGS) saat 09.30\u2019da ba\u015flad\u0131. S\u0131nava dakikalar kala okula gelen k\u0131z \u00f6\u011frenci kimli\u011fini annesinde unutunca s\u0131nava al\u0131nmad\u0131. \u00c7evrede bekleyen ailelerden \u00f6\u011frenciye yard\u0131mc\u0131 olan vatanda\u015flar n\u00fcfus m\u00fcd\u00fcrl\u00fc\u011f\u00fcne giderek kimlik \u00e7\u0131kartarak s\u0131nava yeti\u015ftirdi.<\/p>\n<p>Y\u00fcz binlerce 8\u2019inci s\u0131n\u0131f \u00f6\u011frencisinin kat\u0131laca\u011f\u0131 Liselere Ge\u00e7i\u015f S\u0131nav\u0131 (LGS) ba\u015flad\u0131. Adaylar saat 09.30\u2019da ba\u015flayan s\u0131nav \u00f6ncesi okullara gelerek s\u0131nav heyecan\u0131n\u0131 ya\u015fad\u0131. S\u0131nava dakikalar kala okula gelen k\u0131z \u00f6\u011frenci kimli\u011fini bulamay\u0131nca s\u0131nava al\u0131nmad\u0131. \u00c7evrede bekleyen ailelerden \u00f6\u011frenciye yard\u0131mc\u0131 olan vatanda\u015flar n\u00fcfus m\u00fcd\u00fcrl\u00fc\u011f\u00fcne giderek kimlik \u00e7\u0131kartarak s\u0131nava son anda yeti\u015ftirdi.<\/p>\n<p>\u00d6\u011frenciyi s\u0131nava son anda yeti\u015ftiren Baykal G\u00fcng\u00f6r, \u201cKimli\u011fi annesinde unutmu\u015f n\u00fcfus m\u00fcd\u00fcrl\u00fc\u011f\u00fcne giderek n\u00fcfus kay\u0131t \u00f6rne\u011fi \u00e7\u0131kartt\u0131rd\u0131k. Memur arkada\u015flarda yard\u0131mc\u0131 oldu. S\u0131k\u0131nt\u0131 olmad\u0131 hallettik \u00e7ocu\u011fun gelece\u011fini kurtard\u0131k\u201d \u015feklinde konu\u015ftu.<\/p>\n<p>S\u0131nava girecek adaylarla birlikte s\u0131nav heyecan\u0131n\u0131 \u00f6\u011frencilerin aileleri de ya\u015fad\u0131. S\u0131nav bitene kadar okul \u00f6n\u00fcnden ayr\u0131lmayan veliler, \u00e7ocuklar\u0131n s\u0131navdan \u00e7\u0131kmas\u0131n\u0131 bekledi. LGS\u2019de adaylara say\u0131sal ve s\u00f6zel olarak iki b\u00f6l\u00fcmde 90 soru y\u00f6neltilecek. ilk oturum i\u00e7in \u00f6\u011frenci ve veliler, okul bah\u00e7elerinde yerini almaya ba\u015flad\u0131. \u00d6\u011frencilere s\u00f6zel b\u00f6l\u00fcmde T\u00fcrk\u00e7e, din k\u00fclt\u00fcr\u00fc ve ahlak bilgisi, T.C. \u0130nk\u0131lap Tarihi ve Atat\u00fcrk\u00e7\u00fcl\u00fck ile yabanc\u0131 dilden toplam 50 soru y\u00f6neltilecek. \u0130lk oturum 75 dakika s\u00fcrecek. \u00d6\u011frenciler, 10.45\u2019te s\u0131navdan \u00e7\u0131kacak. 45 dakikal\u0131k ara sonras\u0131nda ikinci oturuma girecek.<\/p>\n","protected":false},"excerpt":{"rendered":"<p>ZONGULDAK\u2019TA L\u0130SELERE GE\u00c7\u0130\u015e SINAVI (LGS) SAAT 09.30\u2019DA BA\u015eLADI. SINAVA DAK\u0130KALAR KALA OKULA GELEN KIZ \u00d6\u011eRENC\u0130 K\u0130ML\u0130\u011e\u0130N\u0130 ANNES\u0130NDE UNUTUNCA SINAVA ALINMADI. \u00c7EVREDE BEKLEYEN A\u0130LELERDEN \u00d6\u011eRENC\u0130YE YARDIMCI OLAN VATANDA\u015eLAR N\u00dcFUS M\u00dcD\u00dcRL\u00dc\u011e\u00dcNE G\u0130DEREK K\u0130ML\u0130K \u00c7IKARTARAK SINAVA YET\u0130\u015eT\u0130RD\u0130.<\/p>\n","protected":false},"author":1,"featured_media":164808,"comment_status":"closed","ping_status":"open","sticky":false,"template":"","format":"standard","meta":{"jetpack_post_was_ever_published":false,"_jetpack_newsletter_access":"","_jetpack_dont_email_post_to_subs":false,"_jetpack_newsletter_tier_id":0,"_jetpack_memberships_contains_paywalled_content":false,"_jetpack_memberships_contains_paid_content":false,"footnotes":"","jetpack_publicize_message":"","jetpack_publicize_feature_enabled":true,"jetpack_social_post_already_shared":true,"jetpack_social_options":{"image_generator_settings":{"template":"highway","default_image_id":0,"font":"","enabled":false},"version":2}},"categories":[1],"tags":[1179,29400,4102],"class_list":["post-164807","post","type-post","status-publish","format-standard","has-post-thumbnail","hentry","category-genel","tag-heyecani","tag-lgs","tag-zonguldakta"],"jetpack_publicize_connections":[],"jetpack_featured_media_url":"https:\/\/i0.wp.com\/www.tvturk.com\/wp-content\/uploads\/2019\/06\/zonguldakta-lgs-heyecani_6bd6d8e.jpg?fit=1000%2C666","jetpack_sharing_enabled":true,"jetpack_shortlink":"https:\/\/wp.me\/paKIfm-GSb","_links":{"self":[{"href":"http:\/\/www.tvturk.com\/index.php\/wp-json\/wp\/v2\/posts\/164807","targetHints":{"allow":["GET"]}}],"collection":[{"href":"http:\/\/www.tvturk.com\/index.php\/wp-json\/wp\/v2\/posts"}],"about":[{"href":"http:\/\/www.tvturk.com\/index.php\/wp-json\/wp\/v2\/types\/post"}],"author":[{"embeddable":true,"href":"http:\/\/www.tvturk.com\/index.php\/wp-json\/wp\/v2\/users\/1"}],"replies":[{"embeddable":true,"href":"http:\/\/www.tvturk.com\/index.php\/wp-json\/wp\/v2\/comments?post=164807"}],"version-history":[{"count":0,"href":"http:\/\/www.tvturk.com\/index.php\/wp-json\/wp\/v2\/posts\/164807\/revisions"}],"wp:featuredmedia":[{"embeddable":true,"href":"http:\/\/www.tvturk.com\/index.php\/wp-json\/wp\/v2\/media\/164808"}],"wp:attachment":[{"href":"http:\/\/www.tvturk.com\/index.php\/wp-json\/wp\/v2\/media?parent=164807"}],"wp:term":[{"taxonomy":"category","embeddable":true,"href":"http:\/\/www.tvturk.com\/index.php\/wp-json\/wp\/v2\/categories?post=164807"},{"taxonomy":"post_tag","embeddable":true,"href":"http:\/\/www.tvturk.com\/index.php\/wp-json\/wp\/v2\/tags?post=164807"}],"curies":[{"name":"wp","href":"https:\/\/api.w.org\/{rel}","templated":true}]}}