{"id":164825,"date":"2019-06-01T10:47:26","date_gmt":"2019-06-01T07:47:26","guid":{"rendered":"http:\/\/www.tvturk.com\/index.php\/sahil-manzarali-10-bin-kisilik-iftar\/"},"modified":"2019-06-01T10:47:26","modified_gmt":"2019-06-01T07:47:26","slug":"sahil-manzarali-10-bin-kisilik-iftar","status":"publish","type":"post","link":"http:\/\/www.tvturk.com\/index.php\/sahil-manzarali-10-bin-kisilik-iftar\/","title":{"rendered":"Sahil manzaral\u0131 10 bin ki\u015filik iftar"},"content":{"rendered":"<p>Tekirda\u011f S\u00fcleymanpa\u015fa Belediyesi\u2019nin her ak\u015fam ayr\u0131 bir mahallede kurdu\u011fu G\u00f6n\u00fcl Sofralar\u0131, Ba\u011fc\u0131lar Belediyesi i\u015fbirli\u011finde T\u00fcrkiye B\u00fcy\u00fck Millet Meclisi Ba\u015fkan\u0131 Prof. Dr. Mustafa \u015eentop, milletvekilleri ve belediye ba\u015fkanlar\u0131n\u0131n da kat\u0131l\u0131m\u0131yla sahil dolgu alanda 10 bin S\u00fcleymanpa\u015fal\u0131y\u0131 ayn\u0131 sofrada bulu\u015fturdu.<\/p>\n<p>Tekirda\u011f S\u00fcleymanpa\u015fa Belediyesi ve \u0130stanbul Ba\u011fc\u0131lar Belediyesi i\u015fbirli\u011finde sahil dolgu alanda 10 bin ki\u015filik G\u00f6n\u00fcl Sofras\u0131 kuruldu.<\/p>\n<p>Tekirda\u011f S\u00fcleymanpa\u015fa Belediye Ba\u015fkan\u0131 C\u00fcneyt Y\u00fcksel\u2019in ev sahipli\u011finde ger\u00e7ekle\u015fen organizasyona T\u00fcrkiye B\u00fcy\u00fck Millet Meclisi Ba\u015fkan\u0131 Prof. Dr. Mustafa \u015eentop, AK Parti Tekirda\u011f Milletvekilli Mustafa Yel, Tekirda\u011f Valisi Aziz Y\u0131ld\u0131r\u0131m, \u0130stanbul Ba\u011fc\u0131lar Belediye Ba\u015fkan\u0131 Lokman \u00c7a\u011fr\u0131c\u0131lar, Edirne Ke\u015fan Belediye Ba\u015fkan\u0131 Mustafa Helvac\u0131o\u011flu, AK Parti Tekirda\u011f \u0130l Ba\u015fkan\u0131 Mestan \u00d6zcan, AK Parti S\u00fcleymanpa\u015fa \u0130l\u00e7e Ba\u015fkan\u0131 Sezayi \u00c7etin, \u0130l Emniyet M\u00fcd\u00fcr\u00fc Mustafa Ayd\u0131n, \u0130l Jandarma Komutan\u0131 Albay \u015eahin Karaka\u015f, protokol \u00fcyeleri ve yakla\u015f\u0131k 10 bin S\u00fcleymanpa\u015fal\u0131 kat\u0131ld\u0131.<\/p>\n<p>10 bin kandil simidi ikram edildi<\/p>\n<p>\u0130ftar \u00f6ncesi S\u00fcleymanpa\u015fa Belediyesi taraf\u0131ndan 10 bin kandil simidinin de vatanda\u015flara ikram edildi\u011fi G\u00f6n\u00fcl Sofras\u0131 program\u0131 Salih Demirci\u2019nin seslendirdi\u011fi ilahiler ba\u015flarken Kur\u2019an tilaveti ve dualar\u0131n okunmas\u0131yla oru\u00e7lar hep birlikte a\u00e7\u0131ld\u0131.<\/p>\n<p>\u201cG\u00f6n\u00fcl sofralar\u0131 ile hem\u015fehrilerimizin birlik ve beraberli\u011fini artt\u0131ral\u0131m istedik\u201d<\/p>\n<p>\u0130ftar sonras\u0131 vatanda\u015flara seslenen Tekirda\u011f S\u00fcleymanpa\u015fa Belediye Ba\u015fkan\u0131 C\u00fcneyt Y\u00fcksel; \u201cBu ramazan ay\u0131nda biz G\u00f6n\u00fcl Sofralar\u0131 ad\u0131 alt\u0131nda bulu\u015fal\u0131m, hem\u015fehrilerimizin birlik ve beraberli\u011fini artt\u0131ral\u0131m istedik. Geldi\u011fimizde 30 bin ki\u015filik iftar organizasyonu planlanm\u0131\u015ft\u0131. Yakla\u015f\u0131k da 300 bin TL\u2019lik bir ihale planlanm\u0131\u015f. Gelir gelmez biz o ihaleyi iptal ettik. Tekirda\u011f\u2019daki i\u015f adamlar\u0131m\u0131z ile tek tek oturup konu\u015ftuk \u2018Bu konuda katk\u0131 sa\u011flar m\u0131s\u0131n\u0131z?\u2019 dedik. Bir bakt\u0131k ki onlarca isim geldi kar\u015f\u0131m\u0131z. Her birinden Allah raz\u0131 olsun. S\u00fcleymanpa\u015fa Belediyesi\u2019nin kasas\u0131ndan 1 kuru\u015fu \u00e7\u0131kmadan bu g\u00fczel iftar organizasyonunu ve her biri birbirinden g\u00fczel insanlar\u0131 bir araya getirmeyi ba\u015farabilmi\u015fiz. Ben Allaha hamdolsun diyorum. Binlerce kez \u015f\u00fck\u00fcrler olsun diyorum\u201d dedi.<\/p>\n<p>Ba\u015fkan Y\u00fcksel\u2019in ard\u0131ndan Ba\u011fc\u0131lar Belediye Ba\u015fkan\u0131 Lokmam \u00c7a\u011f\u0131r\u0131c\u0131 vatanda\u015flara hitap etmek \u00fczere sahneye davet edildi.<\/p>\n<p>\u201c20 y\u0131l \u00f6nce belediyeye ba\u015flad\u0131\u011f\u0131m heyecan\u0131n \u00e7ok daha fazlas\u0131n\u0131 kendisinde g\u00f6r\u00fcyorum\u201d<\/p>\n<p>Ba\u015fkan \u00c7a\u011f\u0131r\u0131c\u0131; \u201cRamazan ve Kadir Gecesi\u2019nin bulu\u015ftu\u011fu bu g\u00fczel gecede G\u00f6n\u00fcl Sofras\u0131\u2019nda burada olmaktan dolay\u0131 mutluluk duyuyorum. Ba\u011fc\u0131lar n\u00fcfus ve yap\u0131 itibari ile asl\u0131nda balkan co\u011frafyas\u0131ndan kurulmaya ba\u015flayan bir il\u00e7e. 1924 m\u00fcbadele ile kurulmaya ba\u015flam\u0131\u015f, daha sonra Bulgaristan a\u011f\u0131rl\u0131kl\u0131 balkan co\u011frafyas\u0131 ve t\u00fcm T\u00fcrkiye\u2019den g\u00f6\u00e7 ile olu\u015fan k\u00fclt\u00fcr mozai\u011fi. Bu sofralar\u0131 biz daha \u00f6nce Diyarbak\u0131r\u2019da da, A\u011fr\u0131\u2019da da, Almanya\u2019da da, Kazakistan\u2019da da, K\u0131br\u0131s\u2019ta da kurduk. Her birinin ayr\u0131 bir anlam\u0131 ayr\u0131 bir g\u00fczelli\u011fi oldu. Bu ak\u015fam\u0131n g\u00fczelli\u011fi de \u00e7ok de\u011ferli S\u00fcleymanpa\u015fa Belediye Ba\u015fkan\u0131m\u0131za bir hay\u0131rl\u0131 olsun sofras\u0131 olmu\u015f oldu. \u015eunu sizlere ifade etmek isterim ki ba\u015fkan\u0131m\u0131z\u0131n heyecan\u0131ndan anl\u0131yorum. 20 y\u0131l \u00f6nce belediyeye ba\u015flad\u0131\u011f\u0131m heyecan\u0131n \u00e7ok daha fazlas\u0131n\u0131 kendisinde g\u00f6r\u00fcyorum. Kendisinin ba\u015far\u0131lar\u0131n\u0131n devam\u0131n\u0131 diliyorum.\u201d diye konu\u015ftu.<\/p>\n<p>Son olarak T\u00fcrkiye B\u00fcy\u00fck Millet Meclisi Ba\u015fkan\u0131 Prof. Dr. Mustafa \u015eentop konu\u015fmas\u0131n\u0131 yapmak \u00fczere sahneye davet edildi.<\/p>\n<p>\u201cT\u00fcrkiye\u2019nin temel meselelerinde siyasi g\u00f6r\u00fc\u015f fark\u0131 olmaz\u201d<\/p>\n<p>Konu\u015fmas\u0131nda T\u00fcrkiye\u2019nin birlik ve beraberli\u011fine dikkat \u00e7eken T\u00fcrkiye B\u00fcy\u00fck Millet Meclisi Ba\u015fkan\u0131 Prof. Dr. Mustafa \u015eentop; \u201cBundan 12 g\u00fcn kadar \u00f6nce 19 May\u0131s 1919\u2019un 100\u2019\u00fcnc\u00fc y\u0131ld\u00f6n\u00fcm\u00fc Samsun\u2019da Cumhurba\u015fkan\u0131m\u0131z\u0131n liderli\u011finde t\u00fcm siyasi partilerin genel ba\u015fkanlar\u0131n\u0131n da kat\u0131ld\u0131\u011f\u0131 bir t\u00f6renle an\u0131ld\u0131. Yani 19 May\u0131s itibar\u0131 ile milli m\u00fccadelenin, istiklal m\u00fccadelesinin 100 y\u0131l kutlamalar\u0131n\u0131 anma t\u00f6renlerini ba\u015flatm\u0131\u015f olduk. Orada verilen g\u00f6r\u00fcnt\u00fc \u00e7ok g\u00fczel bir g\u00f6r\u00fcnt\u00fcyd\u00fc. Mesele \u015fudur; T\u00fcrkiye\u2019nin temel meselelerinde, milli meselelerinde siyasi parti fark\u0131, siyasi g\u00f6r\u00fc\u015f fark\u0131 olmaz. Orada birlikte hareket ederiz. Bunun d\u0131\u015f\u0131nda kalan her meselede tart\u0131\u015fabiliriz. Farkl\u0131 g\u00f6r\u00fc\u015flere de sahip olabiliriz. T\u00fcrkiye\u2019ye bunu hep beraber g\u00f6stermi\u015f olduk, oradaki toplant\u0131da. Tabi \u00f6n\u00fcm\u00fczdeki y\u0131l 23 Nisan\u2019da T\u00fcrkiye B\u00fcy\u00fck Millet Meclisi\u2019nin a\u00e7\u0131l\u0131\u015f\u0131n\u0131n 100\u2019\u00fcnc\u00fc y\u0131l d\u00f6n\u00fcm\u00fc, onunla ilgili bir\u00e7ok \u00e7al\u0131\u015fmay\u0131 organize ediyoruz. Arkas\u0131ndan \u0130stiklal Mar\u015f\u0131\u2019n\u0131n kabul\u00fcn\u00fcn 100\u2019\u00fcnc\u00fc y\u0131ld\u00f6n\u00fcm\u00fc. Hemen arkas\u0131ndan nihayetinde de 29 Ekim Cumhuriyetimizin kurulu\u015funun 100\u2019\u00fcnc\u00fc y\u0131l d\u00f6n\u00fcm\u00fc. Dolay\u0131s\u0131yla \u00e7ok \u00f6nemli bir tarihi d\u00f6n\u00fcm noktas\u0131ndan ge\u00e7iyoruz. T\u00fcrkiye tarihinin, T\u00fcrkiye Cumhuriyeti\u2019nin kurulu\u015funun 100\u2019\u00fcnc\u00fc y\u0131l d\u00f6n\u00fcm\u00fc, bir as\u0131rl\u0131k \u00e7\u0131nardan bahsediyoruz. Bu bizim hem k\u00f6k\u00fcm\u00fcz\u00fcn sa\u011flaml\u0131\u011f\u0131n\u0131, tarihi derinli\u011fini g\u00f6steriyor hem de hangi perspektifle bakaca\u011f\u0131m\u0131z\u0131, hep beraber bu s\u00fcre i\u00e7erisinde m\u00fczakere etme, de\u011ferlendirme imkan\u0131 bulaca\u011f\u0131z.\u201d ifadelerini kulland\u0131.<\/p>\n<p>G\u00f6n\u00fcl sofralar\u0131na katk\u0131 veren i\u015f adamlar\u0131na plaket verildi<\/p>\n<p>Konu\u015fmalar\u0131n ard\u0131ndan Tekirda\u011f S\u00fcleymanpa\u015fa Belediye Ba\u015fkan\u0131 C\u00fcneyt Y\u00fcksel iftar organizasyonlar\u0131na katk\u0131 sa\u011flayan i\u015f adamlar\u0131na te\u015fekk\u00fcr ederek plaket takdim etmesiyle G\u00f6n\u00fcl Sofras\u0131 organizasyonu sona erdi.<\/p>\n<p>G\u00f6n\u00fcl sofralar\u0131\u2019nda son 2 nokta Aydo\u011fdu ve yavuz mahallesi olacak<\/p>\n<p>Ramazan ay\u0131 boyunca her ak\u015fam ayr\u0131 bir mahallede ger\u00e7ekle\u015ftirilen G\u00f6n\u00fcl Sofralar\u0131 cumartesi ak\u015fam\u0131 Aydo\u011fdu Mahallesi ile devam ederken Pazar ak\u015fam\u0131 Yavuz Mahallesi ile sona erecek.<\/p>\n","protected":false},"excerpt":{"rendered":"<p>TEK\u0130RDA\u011e S\u00dcLEYMANPA\u015eA BELED\u0130YES\u0130\u2019N\u0130N HER AK\u015eAM AYRI B\u0130R MAHALLEDE KURDU\u011eU G\u00d6N\u00dcL SOFRALARI, BA\u011eCILAR BELED\u0130YES\u0130 \u0130\u015eB\u0130RL\u0130\u011e\u0130NDE T\u00dcRK\u0130YE B\u00dcY\u00dcK M\u0130LLET MECL\u0130S\u0130 BA\u015eKANI PROF. DR. MUSTAFA \u015eENTOP, M\u0130LLETVEK\u0130LLER\u0130 VE BELED\u0130YE BA\u015eKANLARININ DA KATILIMIYLA SAH\u0130L DOLGU ALANDA 10 B\u0130N S\u00dcLEYMANPA\u015eALIYI AYNI SOFRADA BULU\u015eTURDU.<\/p>\n","protected":false},"author":1,"featured_media":164826,"comment_status":"closed","ping_status":"open","sticky":false,"template":"","format":"standard","meta":{"jetpack_post_was_ever_published":false,"_jetpack_newsletter_access":"","_jetpack_dont_email_post_to_subs":false,"_jetpack_newsletter_tier_id":0,"_jetpack_memberships_contains_paywalled_content":false,"_jetpack_memberships_contains_paid_content":false,"footnotes":"","jetpack_publicize_message":"","jetpack_publicize_feature_enabled":true,"jetpack_social_post_already_shared":true,"jetpack_social_options":{"image_generator_settings":{"template":"highway","default_image_id":0,"font":"","enabled":false},"version":2}},"categories":[1],"tags":[213,30333,566,14657,8591],"class_list":["post-164825","post","type-post","status-publish","format-standard","has-post-thumbnail","hentry","category-genel","tag-bin","tag-iftar","tag-kisilik","tag-manzarali","tag-sahil"],"jetpack_publicize_connections":[],"jetpack_featured_media_url":"https:\/\/i0.wp.com\/www.tvturk.com\/wp-content\/uploads\/2019\/06\/sahil-manzarali-10-bin-kisilik-iftar_f7bb7be.jpg?fit=1000%2C562","jetpack_sharing_enabled":true,"jetpack_shortlink":"https:\/\/wp.me\/paKIfm-GSt","_links":{"self":[{"href":"http:\/\/www.tvturk.com\/index.php\/wp-json\/wp\/v2\/posts\/164825","targetHints":{"allow":["GET"]}}],"collection":[{"href":"http:\/\/www.tvturk.com\/index.php\/wp-json\/wp\/v2\/posts"}],"about":[{"href":"http:\/\/www.tvturk.com\/index.php\/wp-json\/wp\/v2\/types\/post"}],"author":[{"embeddable":true,"href":"http:\/\/www.tvturk.com\/index.php\/wp-json\/wp\/v2\/users\/1"}],"replies":[{"embeddable":true,"href":"http:\/\/www.tvturk.com\/index.php\/wp-json\/wp\/v2\/comments?post=164825"}],"version-history":[{"count":0,"href":"http:\/\/www.tvturk.com\/index.php\/wp-json\/wp\/v2\/posts\/164825\/revisions"}],"wp:featuredmedia":[{"embeddable":true,"href":"http:\/\/www.tvturk.com\/index.php\/wp-json\/wp\/v2\/media\/164826"}],"wp:attachment":[{"href":"http:\/\/www.tvturk.com\/index.php\/wp-json\/wp\/v2\/media?parent=164825"}],"wp:term":[{"taxonomy":"category","embeddable":true,"href":"http:\/\/www.tvturk.com\/index.php\/wp-json\/wp\/v2\/categories?post=164825"},{"taxonomy":"post_tag","embeddable":true,"href":"http:\/\/www.tvturk.com\/index.php\/wp-json\/wp\/v2\/tags?post=164825"}],"curies":[{"name":"wp","href":"https:\/\/api.w.org\/{rel}","templated":true}]}}