{"id":164835,"date":"2019-06-01T10:52:11","date_gmt":"2019-06-01T07:52:11","guid":{"rendered":"http:\/\/www.tvturk.com\/index.php\/baskent-parklarinda-iftar\/"},"modified":"2019-06-01T10:52:11","modified_gmt":"2019-06-01T07:52:11","slug":"baskent-parklarinda-iftar","status":"publish","type":"post","link":"http:\/\/www.tvturk.com\/index.php\/baskent-parklarinda-iftar\/","title":{"rendered":"Ba\u015fkent parklar\u0131nda iftar"},"content":{"rendered":"<p>Payla\u015fman\u0131n, dayan\u0131\u015fman\u0131n, birlik ve beraberli\u011fin simgesi olan Ramazan ay\u0131n\u0131n g\u00fczelli\u011fini parklara ta\u015f\u0131yan ba\u015fkentliler, a\u00e7\u0131k havada iftar yapman\u0131n tad\u0131n\u0131 \u00e7\u0131kar\u0131yor.<\/p>\n<p>B\u00fcy\u00fck\u015fehir Belediyesinin rekreasyon alanlar\u0131n\u0131 dolduran Ankaral\u0131lar, sahur vaktine kadar vakit ge\u00e7irdikleri parklardan, yemye\u015fil bir ortamda nostaljik Ramazanlar\u0131 aratmayan an\u0131larla ayr\u0131l\u0131yor.<\/p>\n<p>Ankara B\u00fcy\u00fck\u015fehir Belediyesi b\u00fcnyesinde hizmet veren ba\u015fta G\u00f6ksu, Mogan ve Harikalar Diyar\u0131 olmak \u00fczere t\u00fcm parklar\u0131 ve mesire alanlar\u0131n\u0131 Ramazan ay\u0131nda da tercih eden ba\u015fkentliler, hem g\u00fcn\u00fcn yorgunlu\u011funu at\u0131yor hem de oru\u00e7lar\u0131n\u0131 hep birlikte a\u00e7man\u0131n duygu y\u00fckl\u00fc hazz\u0131n\u0131 ya\u015f\u0131yor. A\u00e7\u0131k havada haz\u0131rlanan iftar sofralar\u0131nda ailesi, kom\u015fular\u0131 ya da arkada\u015flar\u0131yla birlikte orucunu a\u00e7an Ba\u015fkentliler, piknik masalar\u0131nda, kamelyalarda ya da \u00e7imlerin \u00fczerinde iftar\u0131n\u0131 a\u00e7\u0131yor.<\/p>\n<p>Rengarenk g\u00f6r\u00fcnt\u00fclere sahne olan parklarda \u00e7ocuklar doyas\u0131ya e\u011flenirken, y\u00fcr\u00fcy\u00fc\u015f yapan, bisiklete binan \u00e7ok say\u0131da vatanda\u015f da iftar saatine kadar keyifli sohbetlere dal\u0131yor.<\/p>\n<p>G\u00fcvenli ve huzurlu ortam<\/p>\n<p>Otoparklardan \u00e7ocuk oyun alanlar\u0131na, spor sahalar\u0131ndan kamelyalara kadar bir\u00e7ok ayr\u0131nt\u0131n\u0131n bulundu\u011fu rekreasyon alanlar\u0131 iftar\u0131n ard\u0131ndan sahuru da a\u00e7\u0131k havada kar\u015f\u0131lamak isteyenlerle adeta dolup ta\u015f\u0131yor.<\/p>\n<p>Ba\u015fkentliler, oru\u00e7lar\u0131n\u0131 a\u00e7t\u0131ktan sonra semaverde demlenen \u00e7aylar\u0131n\u0131 yudumlayarak b\u00fcy\u00fck\u015fehir belediyesinin g\u00fcvenli ve huzurlu rekreasyon alanlar\u0131nda unutulmaz an\u0131lar biriktiriyor.<\/p>\n<p>Mogan Park\u2019a iftar\u0131n\u0131 a\u00e7mak i\u00e7in gelen Hayriye Tanr\u0131verdi duygular\u0131n\u0131, \u201cAilece piknik yapmay\u0131 \u00e7ok severiz. Ramazan Ay\u0131 da havalar\u0131n \u0131s\u0131nd\u0131\u011f\u0131 bir d\u00f6neme rastlay\u0131nca iftar\u0131m\u0131z\u0131 burada yapmak istedik. \u0130htiya\u00e7 duydu\u011fumuz her \u015fey d\u00fc\u015f\u00fcn\u00fclm\u00fc\u015f, keyifle geliyoruz\u201d s\u00f6zleriyle payla\u015f\u0131rken, \u0130\u015f arkada\u015flar\u0131yla birlikte iftar yapan Kadir Serhat \u00d6zkan da &#8220;Hep birlikte iftar\u0131 beklemenin, oru\u00e7 a\u00e7man\u0131n g\u00fczelli\u011fini piknikte ya\u015famak ayr\u0131ca keyifli oluyor. Olduk\u00e7a temiz d\u00fczenli ve bak\u0131ml\u0131 bir park buras\u0131. S\u0131k s\u0131k gelmeye \u00e7al\u0131\u015f\u0131yoruz\u201d diyerek d\u00fc\u015f\u00fcncelerini dile getirdi.<\/p>\n","protected":false},"excerpt":{"rendered":"<p>PAYLA\u015eMANIN, DAYANI\u015eMANIN, B\u0130RL\u0130K VE BERABERL\u0130\u011e\u0130N S\u0130MGES\u0130 OLAN RAMAZAN AYI&#8217;NIN G\u00dcZELL\u0130\u011e\u0130N\u0130 PARKLARA TA\u015eIYAN BA\u015eKENTL\u0130LER, A\u00c7IK HAVADA \u0130FTAR YAPMANIN TADINI \u00c7IKARIYOR.<\/p>\n","protected":false},"author":1,"featured_media":164836,"comment_status":"closed","ping_status":"open","sticky":false,"template":"","format":"standard","meta":{"jetpack_post_was_ever_published":false,"_jetpack_newsletter_access":"","_jetpack_dont_email_post_to_subs":false,"_jetpack_newsletter_tier_id":0,"_jetpack_memberships_contains_paywalled_content":false,"_jetpack_memberships_contains_paid_content":false,"footnotes":"","jetpack_publicize_message":"","jetpack_publicize_feature_enabled":true,"jetpack_social_post_already_shared":true,"jetpack_social_options":{"image_generator_settings":{"template":"highway","default_image_id":0,"font":"","enabled":false},"version":2}},"categories":[1],"tags":[24391,30333,27092],"class_list":["post-164835","post","type-post","status-publish","format-standard","has-post-thumbnail","hentry","category-genel","tag-baskent","tag-iftar","tag-parklarinda"],"jetpack_publicize_connections":[],"jetpack_featured_media_url":"https:\/\/i0.wp.com\/www.tvturk.com\/wp-content\/uploads\/2019\/06\/baskent-parklarinda-iftar_6b956a6.jpg?fit=1000%2C666","jetpack_sharing_enabled":true,"jetpack_shortlink":"https:\/\/wp.me\/paKIfm-GSD","_links":{"self":[{"href":"http:\/\/www.tvturk.com\/index.php\/wp-json\/wp\/v2\/posts\/164835","targetHints":{"allow":["GET"]}}],"collection":[{"href":"http:\/\/www.tvturk.com\/index.php\/wp-json\/wp\/v2\/posts"}],"about":[{"href":"http:\/\/www.tvturk.com\/index.php\/wp-json\/wp\/v2\/types\/post"}],"author":[{"embeddable":true,"href":"http:\/\/www.tvturk.com\/index.php\/wp-json\/wp\/v2\/users\/1"}],"replies":[{"embeddable":true,"href":"http:\/\/www.tvturk.com\/index.php\/wp-json\/wp\/v2\/comments?post=164835"}],"version-history":[{"count":0,"href":"http:\/\/www.tvturk.com\/index.php\/wp-json\/wp\/v2\/posts\/164835\/revisions"}],"wp:featuredmedia":[{"embeddable":true,"href":"http:\/\/www.tvturk.com\/index.php\/wp-json\/wp\/v2\/media\/164836"}],"wp:attachment":[{"href":"http:\/\/www.tvturk.com\/index.php\/wp-json\/wp\/v2\/media?parent=164835"}],"wp:term":[{"taxonomy":"category","embeddable":true,"href":"http:\/\/www.tvturk.com\/index.php\/wp-json\/wp\/v2\/categories?post=164835"},{"taxonomy":"post_tag","embeddable":true,"href":"http:\/\/www.tvturk.com\/index.php\/wp-json\/wp\/v2\/tags?post=164835"}],"curies":[{"name":"wp","href":"https:\/\/api.w.org\/{rel}","templated":true}]}}