{"id":164875,"date":"2019-06-01T11:45:20","date_gmt":"2019-06-01T08:45:20","guid":{"rendered":"http:\/\/www.tvturk.com\/index.php\/okula-gelen-dag-kecisini-uzaklastiran-personel-o-anlari-anlatti\/"},"modified":"2019-06-01T11:45:20","modified_gmt":"2019-06-01T08:45:20","slug":"okula-gelen-dag-kecisini-uzaklastiran-personel-o-anlari-anlatti","status":"publish","type":"post","link":"http:\/\/www.tvturk.com\/index.php\/okula-gelen-dag-kecisini-uzaklastiran-personel-o-anlari-anlatti\/","title":{"rendered":"Okula gelen da\u011f ke\u00e7isini uzakla\u015ft\u0131ran personel, o anlar\u0131 anlatt\u0131"},"content":{"rendered":"<p>Nesli t\u00fckenme tehlikesi alt\u0131nda oldu\u011fu i\u00e7in korunma alt\u0131nda olan ve Elaz\u0131\u011f\u2019da bir okula giren da\u011f ke\u00e7isini, ba\u015fta taz\u0131 zanneden ard\u0131ndan durumu fark eden personel o anlar\u0131 anlatt\u0131.<\/p>\n<p>Ge\u00e7ti\u011fimiz pazartesi g\u00fcn\u00fc Kent merkezinde \u00c7ayda \u00c7\u0131ra Mahallesi Adliye Saray\u0131 \u00fczerinde bulunan \u00c7ubukbey Anadolu Lisesi bah\u00e7esine nesli t\u00fckenme tehlikesi alt\u0131nda oldu\u011fu i\u00e7in koruma alt\u0131nda bulunan da\u011f ke\u00e7isi girdi. Okulun bah\u00e7esine giren ve bir s\u00fcre ko\u015fturan da\u011f ke\u00e7isini d\u0131\u015far\u0131 \u00e7\u0131kartmak i\u00e7in b\u00fcy\u00fck \u00e7aba sarf eden Necip Faz\u0131l K\u0131sak\u00fcrek Anadolu Lisesi Personeli Yusuf Arslan hayat\u0131nda ilk defa ya\u015fad\u0131\u011f\u0131  o anlar\u0131 anlatt\u0131.<\/p>\n<p>Olay g\u00fcn\u00fc Mustafa \u00f6\u011fretmenle okulun balkonunda olduklar\u0131n\u0131 ifade eden Yusuf Arslan, &#8220;Necip Faz\u0131l K\u0131sak\u00fcrek Lisesinde balkonda iddiaya girdik. De\u011fi\u015fik bir hayvan g\u00f6r\u00fcnce Mustafa hocam dedi ki orada bir geyi\u011fe benzeyen bir hayvan var bende dedim ki yok taz\u0131ya benziyor. Dedi gel iddiaya girelim girdik. Ben bah\u00e7eye yakla\u015f\u0131nca z\u0131plamaya ba\u015flad\u0131. Da\u011f ke\u00e7isi oldu\u011funu anlad\u0131m. Mustafa hocam orada bekledi tel \u00f6rg\u00fclere \u00e7ok \u00e7arp\u0131nca sa\u011fa sola ko\u015fu\u015fturuyor sonra kap\u0131n\u0131n a\u00e7\u0131k oldu\u011funu g\u00f6rd\u00fcm 15 dakika falan buralarda oyaland\u0131. Ondan sonra d\u0131\u015f kap\u0131ya do\u011fru y\u00f6nlendirdim. Kap\u0131y\u0131 g\u00f6rd\u00fc oradan \u00e7\u0131kt\u0131. \u00c7\u0131kt\u0131 \u0130l \u00d6zel \u0130daresine do\u011fru gitti orada araba g\u00f6r\u00fcnce tekrar bana do\u011fru geldi. Bu sefer bu taraf\u0131n tel \u00f6rg\u00fclerine \u00e7arpmaya ba\u015flad\u0131. Demir ca\u011fl\u0131\u011fa kafas\u0131n\u0131 soktu kurtulmaya \u00e7al\u0131\u015ft\u0131 kurtulamay\u0131nca ben yana\u015ft\u0131m yana\u015f\u0131nca birden s\u0131\u00e7rad\u0131. 5 metre falan geriye do\u011fru z\u0131plad\u0131. Ben korktum geri \u00e7\u0131kt\u0131m. Ondan sonra Anaokulunun bah\u00e7esine girdi. Orada y\u00fcksek bir duvar vard\u0131 oradan atlad\u0131 ormana do\u011fru \u00e7ok \u015f\u00fck\u00fcr kurtuldu. Vurdu\u011fu baz\u0131 yerlerde de ufak hasarlar var\u201d dedi.<\/p>\n","protected":false},"excerpt":{"rendered":"<p>NESL\u0130 T\u00dcKENME TEHL\u0130KES\u0130 ALTINDA OLDU\u011eU \u0130\u00c7\u0130N KORUNMA ALTINDA OLAN VE ELAZI\u011e&#8217;DA B\u0130R OKULA G\u0130REN DA\u011e KE\u00c7\u0130S\u0130N\u0130, BA\u015eTA TAZI ZANNEDEN ARDINDAN DURUMU FARK EDEN PERSONEL O ANLARI ANLATTI.<\/p>\n","protected":false},"author":1,"featured_media":164876,"comment_status":"closed","ping_status":"open","sticky":false,"template":"","format":"standard","meta":{"jetpack_post_was_ever_published":false,"_jetpack_newsletter_access":"","_jetpack_dont_email_post_to_subs":false,"_jetpack_newsletter_tier_id":0,"_jetpack_memberships_contains_paywalled_content":false,"_jetpack_memberships_contains_paid_content":false,"footnotes":"","jetpack_publicize_message":"","jetpack_publicize_feature_enabled":true,"jetpack_social_post_already_shared":true,"jetpack_social_options":{"image_generator_settings":{"template":"highway","default_image_id":0,"font":"","enabled":false},"version":2}},"categories":[1],"tags":[319,10060,356,384,307,35010,4317,39217],"class_list":["post-164875","post","type-post","status-publish","format-standard","has-post-thumbnail","hentry","category-genel","tag-personel","tag-anlari","tag-anlatti","tag-dag","tag-gelen","tag-kecisini","tag-okula","tag-uzaklastiran"],"jetpack_publicize_connections":[],"jetpack_featured_media_url":"https:\/\/i0.wp.com\/www.tvturk.com\/wp-content\/uploads\/2019\/06\/okula-gelen-dag-kecisini-uzaklastiran-personel-o-anlari-anlatti_e188f50.jpg?fit=463%2C327","jetpack_sharing_enabled":true,"jetpack_shortlink":"https:\/\/wp.me\/paKIfm-GTh","_links":{"self":[{"href":"http:\/\/www.tvturk.com\/index.php\/wp-json\/wp\/v2\/posts\/164875","targetHints":{"allow":["GET"]}}],"collection":[{"href":"http:\/\/www.tvturk.com\/index.php\/wp-json\/wp\/v2\/posts"}],"about":[{"href":"http:\/\/www.tvturk.com\/index.php\/wp-json\/wp\/v2\/types\/post"}],"author":[{"embeddable":true,"href":"http:\/\/www.tvturk.com\/index.php\/wp-json\/wp\/v2\/users\/1"}],"replies":[{"embeddable":true,"href":"http:\/\/www.tvturk.com\/index.php\/wp-json\/wp\/v2\/comments?post=164875"}],"version-history":[{"count":0,"href":"http:\/\/www.tvturk.com\/index.php\/wp-json\/wp\/v2\/posts\/164875\/revisions"}],"wp:featuredmedia":[{"embeddable":true,"href":"http:\/\/www.tvturk.com\/index.php\/wp-json\/wp\/v2\/media\/164876"}],"wp:attachment":[{"href":"http:\/\/www.tvturk.com\/index.php\/wp-json\/wp\/v2\/media?parent=164875"}],"wp:term":[{"taxonomy":"category","embeddable":true,"href":"http:\/\/www.tvturk.com\/index.php\/wp-json\/wp\/v2\/categories?post=164875"},{"taxonomy":"post_tag","embeddable":true,"href":"http:\/\/www.tvturk.com\/index.php\/wp-json\/wp\/v2\/tags?post=164875"}],"curies":[{"name":"wp","href":"https:\/\/api.w.org\/{rel}","templated":true}]}}