{"id":164881,"date":"2019-06-01T11:49:54","date_gmt":"2019-06-01T08:49:54","guid":{"rendered":"http:\/\/www.tvturk.com\/index.php\/ogrenciler-bu-okulda-tavuk-besliyor-sebze-ve-meyve-yetistiriyor\/"},"modified":"2019-06-01T11:49:54","modified_gmt":"2019-06-01T08:49:54","slug":"ogrenciler-bu-okulda-tavuk-besliyor-sebze-ve-meyve-yetistiriyor","status":"publish","type":"post","link":"http:\/\/www.tvturk.com\/index.php\/ogrenciler-bu-okulda-tavuk-besliyor-sebze-ve-meyve-yetistiriyor\/","title":{"rendered":"\u00d6\u011frenciler bu okulda tavuk besliyor, sebze ve meyve yeti\u015ftiriyor"},"content":{"rendered":"<p>Ordu\u2019nun Per\u015fembe il\u00e7esindeki bir okulda hayata ge\u00e7irilen uygulama bah\u00e7esi, sebzelerin \u00fcretildi\u011fi sera ve tavuklar\u0131n beslendi\u011fi k\u00fcmes sayesinde \u00f6\u011frenciler hem e\u011fleniyor hem de tar\u0131m yapmay\u0131 \u00f6\u011freniyor.<\/p>\n<p>\u0130l\u00e7ede bulunan \u00c7aka \u00c7aytepe Ortaokulunda hayata ge\u00e7irilen proje kapsam\u0131nda, \u00f6\u011frencilerin uygulama yapabildi\u011fi uygulama bah\u00e7esi, i\u00e7erisinde sebze ve meyvelerin yeti\u015ftirildi\u011fi sera yer al\u0131yor. Okul bah\u00e7esi s\u0131n\u0131rlar\u0131 i\u00e7erisinde yer alan tar\u0131m at\u00f6lyelerde \u00f6\u011frenciler, sebze ve meyve yeti\u015ftirmeyi \u00f6\u011freniyor. Okul idarecileri ve \u00f6\u011fretmenleri taraf\u0131ndan yap\u0131lan k\u00fcmeste de tavuklar besleniyor. \u00d6\u011frencilerin tar\u0131m\u0131 \u00f6\u011frenmelerini hedefleyen proje sayesinde ayr\u0131ca, organik olarak yeti\u015ftirilen \u00fcr\u00fcnler ve tavuklardan elde edilen yumurtalar ile \u00f6\u011frencilere kahvalt\u0131 verilmesi hedefleniyor.<\/p>\n<p>Proje hakk\u0131nda bilgi veren \u00c7aka \u00c7aytepe Ortaokulu M\u00fcd\u00fcr\u00fc Kenan Say\u0131l\u0131r, 2023 e\u011fitim vizyonu kapsam\u0131nda okulda kurduklar\u0131 at\u00f6lyelerden birinin de tar\u0131m \u00fczerine oldu\u011funu s\u00f6yledi. Tar\u0131m at\u00f6lyesindeki en b\u00fcy\u00fck hedefin, sofraya gelen \u00fcr\u00fcnlerin nas\u0131l yeti\u015ftirildi\u011fini \u00f6\u011frencilere uygulamal\u0131 olarak g\u00f6stermek oldu\u011funa de\u011finen Say\u0131l\u0131r, \u201cBunda da ba\u015far\u0131l\u0131 olduk. Fen bilgisi dersiyle uyumlu olarak \u00f6\u011frenciler \u00e7e\u015fitli sebze ve meyvelerin fidelerini toprakla bulu\u015fturdular. \u00d6\u011frencilerimiz her g\u00fcn \u00fcr\u00fcnlerin yan\u0131na giderek onlar\u0131n geli\u015fimini g\u00f6rd\u00fcler ve bu olay\u0131 \u00e7ok sevdiler\u201d dedi.<\/p>\n<p>Serada 8 \u00e7e\u015fit \u00fcr\u00fcn yeti\u015fiyor, tar\u0131m bah\u00e7esinde 9 adet meyve a\u011fac\u0131 b\u00fcy\u00fcmeyi bekliyor<\/p>\n<p>Serada yakla\u015f\u0131k 8 \u00e7e\u015fit sebze ve meyve \u00fcretimi yap\u0131ld\u0131\u011f\u0131n\u0131 anlatan M\u00fcd\u00fcr Say\u0131l\u0131r, \u201cBiber, patl\u0131can, domates, salatal\u0131k, kara lahana, fasulye, \u00e7ilek, gibi sebze ve meyve yeti\u015ftiriyoruz. D\u0131\u015far\u0131daki tar\u0131m alan\u0131m\u0131zda ayr\u0131ca 9 \u00e7e\u015fit meyve a\u011fac\u0131m\u0131z mevcut. \u0130lk defa sebze ve meyvenin yeti\u015fti\u011fini g\u00f6ren \u00f6\u011frencilerimiz var. \u00d6\u011frencilerimiz bunlar\u0131n bak\u0131m\u0131n\u0131 biz s\u00f6ylemeden yap\u0131yorlar, bu sayede sorumluluk bilin\u00e7leri de art\u0131yor\u201d \u015feklinde konu\u015ftu.<\/p>\n<p>Okul bah\u00e7esinde k\u00fcmes, \u00f6\u011frencilerin ilgi oda\u011f\u0131 oldu, gelecek d\u00f6nem \u00f6\u011frencilerin kahvalt\u0131lar\u0131ndaki yumurtalar organik olacak<\/p>\n<p>\u201cTar\u0131m at\u00f6lyemize ek olarak da \u00f6\u011fretmen arkada\u015flar\u0131m\u0131z ile birlikte k\u00fcmes olu\u015fturduk\u201d diyen M\u00fcd\u00fcr Say\u0131l\u0131r, \u201cBuradaki amac\u0131m\u0131z da \u00f6\u011frencilerimize hayvan sevgisini a\u015f\u0131lamakt\u0131. \u0130kinci amac\u0131m\u0131z ise, \u00f6\u011frencilerimizin \u00e7o\u011fu ta\u015f\u0131ma ile geldi\u011fi i\u00e7in sabah kahvalt\u0131s\u0131 yapm\u0131yor. Biz burada uzun bir teneff\u00fcs ayarlad\u0131k. Yakla\u015f\u0131k 25 \u00f6\u011frenci grubumuz kahvalt\u0131 yap\u0131yor. Daha \u00f6nce biz yumurtay\u0131 d\u0131\u015far\u0131dan al\u0131yorduk. Burada olu\u015fturdu\u011fumuz k\u00fcmeste bulunan 7 tavuktan elde edilen organik yumurtalar\u0131 pi\u015firip, \u00f6\u011frencilerimize sabah kahvalt\u0131lar\u0131nda sunmak istiyoruz. Bu en b\u00fcy\u00fck amac\u0131m\u0131z\u201d diye konu\u015ftu.<\/p>\n<p>\u00d6\u011frenciler ise seradaki \u00fcr\u00fcnleri yeti\u015ftirirken e\u011flenerek \u00f6\u011frendiklerini s\u00f6yledi. Baz\u0131 \u00f6\u011frenciler hayatlar\u0131nda ilk defa bir sebze ve meyvenin nas\u0131l yeti\u015fti\u011fini yak\u0131ndan g\u00f6rd\u00fc\u011f\u00fcn\u00fc s\u00f6ylerken, baz\u0131lar\u0131 ise daha \u00f6nce tar\u0131mla u\u011fra\u015ft\u0131klar\u0131n\u0131 anlatt\u0131. Okul i\u00e7erisinde k\u00fcmesteki tavuklarla yak\u0131ndan ilgilendiklerini s\u00f6yleyen \u00f6\u011frenciler, e\u011flenerek tar\u0131m \u00f6\u011frendiklerini ifade etti.<\/p>\n","protected":false},"excerpt":{"rendered":"<p>\u00d6\u011eRENC\u0130LER K\u00dcMESE G\u0130R\u0130P YUMURTALARI ALIYOR<\/p>\n","protected":false},"author":1,"featured_media":164882,"comment_status":"closed","ping_status":"open","sticky":false,"template":"","format":"standard","meta":{"jetpack_post_was_ever_published":false,"_jetpack_newsletter_access":"","_jetpack_dont_email_post_to_subs":false,"_jetpack_newsletter_tier_id":0,"_jetpack_memberships_contains_paywalled_content":false,"_jetpack_memberships_contains_paid_content":false,"footnotes":"","jetpack_publicize_message":"","jetpack_publicize_feature_enabled":true,"jetpack_social_post_already_shared":true,"jetpack_social_options":{"image_generator_settings":{"template":"highway","default_image_id":0,"font":"","enabled":false},"version":2}},"categories":[1],"tags":[4063,3753,1293,8737,2974,97,4347],"class_list":["post-164881","post","type-post","status-publish","format-standard","has-post-thumbnail","hentry","category-genel","tag-besliyor","tag-meyve","tag-ogrenciler","tag-okulda","tag-sebze","tag-tavuk","tag-yetistiriyor"],"jetpack_publicize_connections":[],"jetpack_featured_media_url":"https:\/\/i0.wp.com\/www.tvturk.com\/wp-content\/uploads\/2019\/06\/ogrenciler-bu-okulda-tavuk-besliyor-sebze-ve-meyve-yetistiriyor_36ecb9b.jpg?fit=1000%2C662","jetpack_sharing_enabled":true,"jetpack_shortlink":"https:\/\/wp.me\/paKIfm-GTn","_links":{"self":[{"href":"http:\/\/www.tvturk.com\/index.php\/wp-json\/wp\/v2\/posts\/164881","targetHints":{"allow":["GET"]}}],"collection":[{"href":"http:\/\/www.tvturk.com\/index.php\/wp-json\/wp\/v2\/posts"}],"about":[{"href":"http:\/\/www.tvturk.com\/index.php\/wp-json\/wp\/v2\/types\/post"}],"author":[{"embeddable":true,"href":"http:\/\/www.tvturk.com\/index.php\/wp-json\/wp\/v2\/users\/1"}],"replies":[{"embeddable":true,"href":"http:\/\/www.tvturk.com\/index.php\/wp-json\/wp\/v2\/comments?post=164881"}],"version-history":[{"count":0,"href":"http:\/\/www.tvturk.com\/index.php\/wp-json\/wp\/v2\/posts\/164881\/revisions"}],"wp:featuredmedia":[{"embeddable":true,"href":"http:\/\/www.tvturk.com\/index.php\/wp-json\/wp\/v2\/media\/164882"}],"wp:attachment":[{"href":"http:\/\/www.tvturk.com\/index.php\/wp-json\/wp\/v2\/media?parent=164881"}],"wp:term":[{"taxonomy":"category","embeddable":true,"href":"http:\/\/www.tvturk.com\/index.php\/wp-json\/wp\/v2\/categories?post=164881"},{"taxonomy":"post_tag","embeddable":true,"href":"http:\/\/www.tvturk.com\/index.php\/wp-json\/wp\/v2\/tags?post=164881"}],"curies":[{"name":"wp","href":"https:\/\/api.w.org\/{rel}","templated":true}]}}