{"id":16490,"date":"2019-02-09T17:50:59","date_gmt":"2019-02-09T14:50:59","guid":{"rendered":"http:\/\/www.tvturk.com\/index.php\/caldiranda-2-kar-ve-kayak-festivali\/"},"modified":"2019-02-09T17:51:04","modified_gmt":"2019-02-09T14:51:04","slug":"caldiranda-2-kar-ve-kayak-festivali","status":"publish","type":"post","link":"http:\/\/www.tvturk.com\/index.php\/caldiranda-2-kar-ve-kayak-festivali\/","title":{"rendered":"\u00c7ald\u0131ran\u2019da &#8220;2. kar ve kayak festivali&#8221;"},"content":{"rendered":"<p>Van\u2019\u0131n \u00c7ald\u0131ran il\u00e7esinde, \u20182\u2019nci Geleneksel Kar ve Kayak Festivali\u2019 d\u00fczenlendi.<\/p>\n<p>\u00c7ald\u0131ran Kaymakaml\u0131\u011f\u0131 ve \u00c7ald\u0131ran Belediye Ba\u015fkanl\u0131\u011f\u0131 taraf\u0131ndan bu y\u0131l 2\u2019ncisi d\u00fczenlenen ve vatanda\u015flar\u0131n yo\u011fun ilgi g\u00f6sterdi\u011fi &#8220;2.  Kar ve Kalan Festivali&#8221;ne \u00c7ald\u0131ran Kaymakam\u0131 ve Belediye Ba\u015fkan Vekili Rekin D\u00fcndar,  AK Parti Van Milletvekili Abdulahat Arvas,  \u0130pekyolu Kaymakam\u0131 ve Belediye Ba\u015fkan Vekili Cemil \u00d6zt\u00fcrk, \u0130l Jandarma Komutan Yard\u0131mc\u0131s\u0131 Levent Akay, \u00c7ald\u0131ran 6. Tugay Komutan Yard\u0131mc\u0131s\u0131  Piyade Albay \u00d6zkan Kantemir, \u0130l\u00e7e Jandarma Komutan\u0131 Jandarma Binba\u015f\u0131 Mehmet Diki , \u0130l\u00e7e Emniyet M\u00fcd\u00fcr\u00fc Korkmaz Polat, sivil toplum \u00f6rg\u00fctleri, siyasi parti temsilcileri ve vatanda\u015flar kat\u0131ld\u0131.<\/p>\n<p>Festivalde a\u00e7\u0131l\u0131\u015f konu\u015fmas\u0131n\u0131 yapan \u00c7ald\u0131ran Kaymakam\u0131 ve Belediye Ba\u015fkan Vekili Tekin D\u00fcndar,  Allah\u2019\u0131n hi\u00e7bir \u015feyi bo\u015fa yaratmad\u0131\u011f\u0131n\u0131 ifade ederek, \u201cBu kar\u0131n, k\u0131\u015f\u0131n i\u00e7erisinde olumsuzluklara yo\u011funla\u015fmadan, bunu nas\u0131l imkana, nas\u0131l nimete d\u00f6n\u00fc\u015ft\u00fcrebilece\u011fimizin pe\u015fine d\u00fc\u015ft\u00fck. Evet, buras\u0131 T\u00fcrkiye\u2019nin en so\u011fuk yeri olabilir, k\u0131\u015f\u0131n uzun ge\u00e7ti\u011fi bir yer olabilir, ama bunun daha yo\u011fununu ya\u015fayan bir\u00e7ok \u00fclkeler var. Bu \u00fclkeler bu g\u00fcn geli\u015fmi\u015f \u00fclkeler kategorisinde yer alan yerle\u015fim yerleri. Biz neden bunu yak\u0131nma sebebi olarak g\u00f6r\u00fcyoruz da, yararlanma sebebi olarak g\u00f6rm\u00fcyoruz diye d\u00fc\u015f\u00fcnd\u00fck ve tamamen yerli ve milli imkanlarla, yerel imkanlarla burada bu k\u00fc\u00e7\u00fck tesisi yapt\u0131k. Ama bu tesis, ileride yap\u0131lacak olan tesislerin n\u00fcvesi, tohumu, ilk ad\u0131m\u0131d\u0131r. Buras\u0131 T\u00fcrkiye\u2019nin en so\u011fuk yeri ama T\u00fcrkiye\u2019nin en s\u0131cak suyu da, en \u015fifal\u0131 suyu da burada \u00e7\u0131k\u0131yor. 93 dereceye varan hiper termal sular burada \u00e7\u0131k\u0131yor. Bu ikisini birle\u015ftirerek termal kayak konseptini d\u00fcnyada ve T\u00fcrkiye\u2019de ilk defa burada hayata ge\u00e7irdik. Tabi ki bunlar\u0131n hepsinin bir anda, bir y\u0131lda olmas\u0131 m\u00fcmk\u00fcn de\u011fil. Biz bir vizyon ortaya koyduk ve bu vizyonun geli\u015ftirilmesi bizden sonra gelecek olan arkada\u015flar\u0131m\u0131za ve buradaki yerel y\u00f6neticilere d\u00fc\u015f\u00fcyor. \u00c7\u00fcnk\u00fc burada istihdam oldu\u011funda, burada \u00fcretim oldu\u011funda i\u015fsizlikte biter, g\u00f6\u00e7 te biter. Huzur da gelir, g\u00fcvenlikte gelir\u201d dedi.<\/p>\n<p>AK Parti Van Milletvekili Abdulahat Arvas ise 1514 y\u0131l\u0131nda kazan\u0131lan \u00c7ald\u0131ran\u0131n Zaferinin K\u00fcrtlerin ve T\u00fcrklerin karde\u015flik zaferi oldu\u011funu ifade ederek, \u201cOsmanl\u0131n\u0131n 600 y\u0131ll\u0131k s\u00fcrecinde bir elman\u0131n iki par\u00e7as\u0131 \u015feklinde asli unsur olarak devam eden bu b\u00f6lge, bir\u00e7ok talihsizlikler ya\u015fad\u0131. Can\u0131n\u0131 hi\u00e7e sayan 120 tane Vanl\u0131 gencin, askerlere m\u00fchimmat g\u00f6t\u00fcrd\u00fc\u011f\u00fc s\u0131rada so\u011fuktan donarak \u015fehit olduklar\u0131n\u0131 da tarihlerden biliyoruz. Bu g\u00fcnde burada kayyumlar\u0131n hizmetlerine hepimiz \u015fahit oluyoruz. Bu festivalin devam\u0131n\u0131 diliyor, eme\u011fi ge\u00e7enlere te\u015fekk\u00fcr ediyorum\u201d ifadelerini kulland\u0131.<\/p>\n<p>Festivalde ilk defa kayak merkezinde kayman\u0131n keyfini ya\u015fayan B\u00fc\u015fra G\u00f6n\u00fcl isimli \u00f6\u011frenci,  buz pateni yap\u0131yoruz. \u00c7ok zevkli bir \u015fey\u201d ifadelerine yer verirken Beden E\u011fitim \u00d6\u011fretmeni Melek \u00d6zt\u00fcrk ise, \u201c\u00c7ald\u0131ran, \u00fclkemizin en so\u011fuk il\u00e7elerinden biri. Kar ve su s\u00fcrekli yerde var. Ama bu demek de\u011fil ki insanlar hi\u00e7bir \u015fey yapmadan s\u00fcrekli evde oturacaklar. Bunu spora ve e\u011flenceye d\u00f6n\u00fc\u015ft\u00fcrebiliriz. Biz de \u00e7ocuklarla topland\u0131k ve buraya geldik. Amac\u0131m\u0131z bu \u00e7ocuklar\u0131m\u0131za yeni bir sporu tan\u0131tmak ve daha sonra \u00c7ald\u0131ran\u2019\u0131 tan\u0131tmak. \u00c7ocuklar\u0131m\u0131z \u00e7ok hevesli olduklar\u0131 i\u00e7in paten kaymay\u0131 \u00e7abuk kavrad\u0131lar. Onlar e\u011flendik\u00e7e biz de mutlu oluyoruz\u201d diye konu\u015ftu.<div class=\"tiled-gallery type-rectangular tiled-gallery-unresized\" data-original-width=\"500\" data-carousel-extra='null' itemscope itemtype=\"http:\/\/schema.org\/ImageGallery\" > <div class=\"gallery-row\" style=\"width: 500px; height: 224px;\" data-original-width=\"500\" data-original-height=\"224\" > <div class=\"gallery-group images-1\" style=\"width: 334px; height: 224px;\" data-original-width=\"334\" data-original-height=\"224\" > <div class=\"tiled-gallery-item tiled-gallery-item-large\" itemprop=\"associatedMedia\" itemscope itemtype=\"http:\/\/schema.org\/ImageObject\"> <a href=\"http:\/\/www.tvturk.com\/index.php\/caldiranda-2-kar-ve-kayak-festivali\/caldiranda-2-kar-ve-kayak-festivali-3\/\" border=\"0\" itemprop=\"url\"> <meta itemprop=\"width\" content=\"330\"> <meta itemprop=\"height\" content=\"220\"> <img decoding=\"async\" class=\"\" data-attachment-id=\"16492\" data-orig-file=\"http:\/\/www.tvturk.com\/wp-content\/uploads\/2019\/02\/caldiranda-2-kar-ve-kayak-festivali_910166d.jpg\" data-orig-size=\"1000,666\" data-comments-opened=\"\" data-image-meta=\"{&quot;aperture&quot;:&quot;0&quot;,&quot;credit&quot;:&quot;IHA&quot;,&quot;camera&quot;:&quot;&quot;,&quot;caption&quot;:&quot;\\u00c7ALDIRAN TERMAL KAYAK MERKEZ\\u0130 \\u0130K\\u0130NC\\u0130 FEST\\u0130VAL \\u015eENL\\u0130\\u011e\\u0130 D\\u00dcZENLEND\\u0130. (\\u0130HA\\\/VAN-\\u0130HA)&quot;,&quot;created_timestamp&quot;:&quot;0&quot;,&quot;copyright&quot;:&quot;\\u0130HLAS HABER AJANSI, www.iha.com.tr&quot;,&quot;focal_length&quot;:&quot;0&quot;,&quot;iso&quot;:&quot;0&quot;,&quot;shutter_speed&quot;:&quot;0&quot;,&quot;title&quot;:&quot;\\u00c7ALDIRAN\\u2019DA KAYAK FEST\\u0130VAL\\u0130&quot;,&quot;orientation&quot;:&quot;0&quot;}\" data-image-title=\"\u00c7ald\u0131ran\u2019da &amp;#8220;2. kar ve kayak festivali&amp;#8221;\" data-image-description=\"&lt;p&gt;\u00c7ald\u0131ran\u2019da &amp;#8220;2. kar ve kayak festivali&amp;#8221;&lt;\/p&gt; \" data-medium-file=\"https:\/\/i0.wp.com\/www.tvturk.com\/wp-content\/uploads\/2019\/02\/caldiranda-2-kar-ve-kayak-festivali_910166d.jpg?fit=300%2C200\" data-large-file=\"https:\/\/i0.wp.com\/www.tvturk.com\/wp-content\/uploads\/2019\/02\/caldiranda-2-kar-ve-kayak-festivali_910166d.jpg?fit=1000%2C666\" src=\"https:\/\/i0.wp.com\/www.tvturk.com\/wp-content\/uploads\/2019\/02\/caldiranda-2-kar-ve-kayak-festivali_910166d.jpg?w=330&#038;h=220\" srcset=\"https:\/\/i0.wp.com\/www.tvturk.com\/wp-content\/uploads\/2019\/02\/caldiranda-2-kar-ve-kayak-festivali_910166d.jpg?w=1000 1000w, https:\/\/i0.wp.com\/www.tvturk.com\/wp-content\/uploads\/2019\/02\/caldiranda-2-kar-ve-kayak-festivali_910166d.jpg?resize=150%2C100 150w, https:\/\/i0.wp.com\/www.tvturk.com\/wp-content\/uploads\/2019\/02\/caldiranda-2-kar-ve-kayak-festivali_910166d.jpg?resize=300%2C200 300w, https:\/\/i0.wp.com\/www.tvturk.com\/wp-content\/uploads\/2019\/02\/caldiranda-2-kar-ve-kayak-festivali_910166d.jpg?resize=768%2C511 768w, https:\/\/i0.wp.com\/www.tvturk.com\/wp-content\/uploads\/2019\/02\/caldiranda-2-kar-ve-kayak-festivali_910166d.jpg?resize=170%2C113 170w, https:\/\/i0.wp.com\/www.tvturk.com\/wp-content\/uploads\/2019\/02\/caldiranda-2-kar-ve-kayak-festivali_910166d.jpg?resize=120%2C80 120w\" width=\"330\" height=\"220\" loading=\"lazy\" data-original-width=\"330\" data-original-height=\"220\" itemprop=\"http:\/\/schema.org\/image\" title=\"\u00c7ald\u0131ran\u2019da &quot;2. kar ve kayak festivali&quot;\" alt=\"\u00c7ald\u0131ran\u2019da &quot;2. kar ve kayak festivali&quot;\" style=\"width: 330px; height: 220px;\" \/> <\/a> <\/div> <\/div> <!-- close group --> <div class=\"gallery-group images-2\" style=\"width: 166px; height: 224px;\" data-original-width=\"166\" data-original-height=\"224\" > <div class=\"tiled-gallery-item tiled-gallery-item-small\" itemprop=\"associatedMedia\" itemscope itemtype=\"http:\/\/schema.org\/ImageObject\"> <a href=\"http:\/\/www.tvturk.com\/index.php\/caldiranda-2-kar-ve-kayak-festivali\/caldiranda-2-kar-ve-kayak-festivali-4\/\" border=\"0\" itemprop=\"url\"> <meta itemprop=\"width\" content=\"162\"> <meta itemprop=\"height\" content=\"108\"> <img decoding=\"async\" class=\"\" data-attachment-id=\"16493\" data-orig-file=\"http:\/\/www.tvturk.com\/wp-content\/uploads\/2019\/02\/caldiranda-2-kar-ve-kayak-festivali_2eca050.jpg\" data-orig-size=\"1000,666\" data-comments-opened=\"\" data-image-meta=\"{&quot;aperture&quot;:&quot;0&quot;,&quot;credit&quot;:&quot;IHA&quot;,&quot;camera&quot;:&quot;&quot;,&quot;caption&quot;:&quot;\\u00c7ALDIRAN TERMAL KAYAK MERKEZ\\u0130 \\u0130K\\u0130NC\\u0130 FEST\\u0130VAL \\u015eENL\\u0130\\u011e\\u0130 D\\u00dcZENLEND\\u0130. (\\u0130HA\\\/VAN-\\u0130HA)&quot;,&quot;created_timestamp&quot;:&quot;0&quot;,&quot;copyright&quot;:&quot;\\u0130HLAS HABER AJANSI, www.iha.com.tr&quot;,&quot;focal_length&quot;:&quot;0&quot;,&quot;iso&quot;:&quot;0&quot;,&quot;shutter_speed&quot;:&quot;0&quot;,&quot;title&quot;:&quot;\\u00c7ALDIRAN\\u2019DA KAYAK FEST\\u0130VAL\\u0130&quot;,&quot;orientation&quot;:&quot;0&quot;}\" data-image-title=\"\u00c7ald\u0131ran\u2019da &amp;#8220;2. kar ve kayak festivali&amp;#8221;\" data-image-description=\"&lt;p&gt;\u00c7ald\u0131ran\u2019da &amp;#8220;2. kar ve kayak festivali&amp;#8221;&lt;\/p&gt; \" data-medium-file=\"https:\/\/i0.wp.com\/www.tvturk.com\/wp-content\/uploads\/2019\/02\/caldiranda-2-kar-ve-kayak-festivali_2eca050.jpg?fit=300%2C200\" data-large-file=\"https:\/\/i0.wp.com\/www.tvturk.com\/wp-content\/uploads\/2019\/02\/caldiranda-2-kar-ve-kayak-festivali_2eca050.jpg?fit=1000%2C666\" src=\"https:\/\/i0.wp.com\/www.tvturk.com\/wp-content\/uploads\/2019\/02\/caldiranda-2-kar-ve-kayak-festivali_2eca050.jpg?w=162&#038;h=108\" srcset=\"https:\/\/i0.wp.com\/www.tvturk.com\/wp-content\/uploads\/2019\/02\/caldiranda-2-kar-ve-kayak-festivali_2eca050.jpg?w=1000 1000w, https:\/\/i0.wp.com\/www.tvturk.com\/wp-content\/uploads\/2019\/02\/caldiranda-2-kar-ve-kayak-festivali_2eca050.jpg?resize=150%2C100 150w, https:\/\/i0.wp.com\/www.tvturk.com\/wp-content\/uploads\/2019\/02\/caldiranda-2-kar-ve-kayak-festivali_2eca050.jpg?resize=300%2C200 300w, https:\/\/i0.wp.com\/www.tvturk.com\/wp-content\/uploads\/2019\/02\/caldiranda-2-kar-ve-kayak-festivali_2eca050.jpg?resize=768%2C511 768w, https:\/\/i0.wp.com\/www.tvturk.com\/wp-content\/uploads\/2019\/02\/caldiranda-2-kar-ve-kayak-festivali_2eca050.jpg?resize=170%2C113 170w, https:\/\/i0.wp.com\/www.tvturk.com\/wp-content\/uploads\/2019\/02\/caldiranda-2-kar-ve-kayak-festivali_2eca050.jpg?resize=120%2C80 120w\" width=\"162\" height=\"108\" loading=\"lazy\" data-original-width=\"162\" data-original-height=\"108\" itemprop=\"http:\/\/schema.org\/image\" title=\"\u00c7ald\u0131ran\u2019da &quot;2. kar ve kayak festivali&quot;\" alt=\"\u00c7ald\u0131ran\u2019da &quot;2. kar ve kayak festivali&quot;\" style=\"width: 162px; height: 108px;\" \/> <\/a> <\/div> <div class=\"tiled-gallery-item tiled-gallery-item-small\" itemprop=\"associatedMedia\" itemscope itemtype=\"http:\/\/schema.org\/ImageObject\"> <a href=\"http:\/\/www.tvturk.com\/index.php\/caldiranda-2-kar-ve-kayak-festivali\/caldiranda-2-kar-ve-kayak-festivali-5\/\" border=\"0\" itemprop=\"url\"> <meta itemprop=\"width\" content=\"162\"> <meta itemprop=\"height\" content=\"108\"> <img decoding=\"async\" class=\"\" data-attachment-id=\"16494\" data-orig-file=\"http:\/\/www.tvturk.com\/wp-content\/uploads\/2019\/02\/caldiranda-2-kar-ve-kayak-festivali_b4eba35.jpg\" data-orig-size=\"1000,666\" data-comments-opened=\"\" data-image-meta=\"{&quot;aperture&quot;:&quot;0&quot;,&quot;credit&quot;:&quot;IHA&quot;,&quot;camera&quot;:&quot;&quot;,&quot;caption&quot;:&quot;\\u00c7ALDIRAN TERMAL KAYAK MERKEZ\\u0130 \\u0130K\\u0130NC\\u0130 FEST\\u0130VAL \\u015eENL\\u0130\\u011e\\u0130 D\\u00dcZENLEND\\u0130. (\\u0130HA\\\/VAN-\\u0130HA)&quot;,&quot;created_timestamp&quot;:&quot;0&quot;,&quot;copyright&quot;:&quot;\\u0130HLAS HABER AJANSI, www.iha.com.tr&quot;,&quot;focal_length&quot;:&quot;0&quot;,&quot;iso&quot;:&quot;0&quot;,&quot;shutter_speed&quot;:&quot;0&quot;,&quot;title&quot;:&quot;\\u00c7ALDIRAN\\u2019DA KAYAK FEST\\u0130VAL\\u0130&quot;,&quot;orientation&quot;:&quot;0&quot;}\" data-image-title=\"\u00c7ald\u0131ran\u2019da &amp;#8220;2. kar ve kayak festivali&amp;#8221;\" data-image-description=\"&lt;p&gt;\u00c7ald\u0131ran\u2019da &amp;#8220;2. kar ve kayak festivali&amp;#8221;&lt;\/p&gt; \" data-medium-file=\"https:\/\/i0.wp.com\/www.tvturk.com\/wp-content\/uploads\/2019\/02\/caldiranda-2-kar-ve-kayak-festivali_b4eba35.jpg?fit=300%2C200\" data-large-file=\"https:\/\/i0.wp.com\/www.tvturk.com\/wp-content\/uploads\/2019\/02\/caldiranda-2-kar-ve-kayak-festivali_b4eba35.jpg?fit=1000%2C666\" src=\"https:\/\/i0.wp.com\/www.tvturk.com\/wp-content\/uploads\/2019\/02\/caldiranda-2-kar-ve-kayak-festivali_b4eba35.jpg?w=162&#038;h=108\" srcset=\"https:\/\/i0.wp.com\/www.tvturk.com\/wp-content\/uploads\/2019\/02\/caldiranda-2-kar-ve-kayak-festivali_b4eba35.jpg?w=1000 1000w, https:\/\/i0.wp.com\/www.tvturk.com\/wp-content\/uploads\/2019\/02\/caldiranda-2-kar-ve-kayak-festivali_b4eba35.jpg?resize=150%2C100 150w, https:\/\/i0.wp.com\/www.tvturk.com\/wp-content\/uploads\/2019\/02\/caldiranda-2-kar-ve-kayak-festivali_b4eba35.jpg?resize=300%2C200 300w, https:\/\/i0.wp.com\/www.tvturk.com\/wp-content\/uploads\/2019\/02\/caldiranda-2-kar-ve-kayak-festivali_b4eba35.jpg?resize=768%2C511 768w, https:\/\/i0.wp.com\/www.tvturk.com\/wp-content\/uploads\/2019\/02\/caldiranda-2-kar-ve-kayak-festivali_b4eba35.jpg?resize=170%2C113 170w, https:\/\/i0.wp.com\/www.tvturk.com\/wp-content\/uploads\/2019\/02\/caldiranda-2-kar-ve-kayak-festivali_b4eba35.jpg?resize=120%2C80 120w\" width=\"162\" height=\"108\" loading=\"lazy\" data-original-width=\"162\" data-original-height=\"108\" itemprop=\"http:\/\/schema.org\/image\" title=\"\u00c7ald\u0131ran\u2019da &quot;2. kar ve kayak festivali&quot;\" alt=\"\u00c7ald\u0131ran\u2019da &quot;2. kar ve kayak festivali&quot;\" style=\"width: 162px; height: 108px;\" \/> <\/a> <\/div> <\/div> <!-- close group --> <\/div> <!-- close row --> <div class=\"gallery-row\" style=\"width: 500px; height: 112px;\" data-original-width=\"500\" data-original-height=\"112\" > <div class=\"gallery-group images-1\" style=\"width: 167px; height: 112px;\" data-original-width=\"167\" data-original-height=\"112\" > <div class=\"tiled-gallery-item tiled-gallery-item-small\" itemprop=\"associatedMedia\" itemscope itemtype=\"http:\/\/schema.org\/ImageObject\"> <a href=\"http:\/\/www.tvturk.com\/index.php\/caldiranda-2-kar-ve-kayak-festivali\/caldiranda-2-kar-ve-kayak-festivali-6\/\" border=\"0\" itemprop=\"url\"> <meta itemprop=\"width\" content=\"163\"> <meta itemprop=\"height\" content=\"108\"> <img decoding=\"async\" class=\"\" data-attachment-id=\"16495\" data-orig-file=\"http:\/\/www.tvturk.com\/wp-content\/uploads\/2019\/02\/caldiranda-2-kar-ve-kayak-festivali_0c97d09.jpg\" data-orig-size=\"1000,666\" data-comments-opened=\"\" data-image-meta=\"{&quot;aperture&quot;:&quot;0&quot;,&quot;credit&quot;:&quot;IHA&quot;,&quot;camera&quot;:&quot;&quot;,&quot;caption&quot;:&quot;\\u00c7ALDIRAN TERMAL KAYAK MERKEZ\\u0130 \\u0130K\\u0130NC\\u0130 FEST\\u0130VAL \\u015eENL\\u0130\\u011e\\u0130 D\\u00dcZENLEND\\u0130. (\\u0130HA\\\/VAN-\\u0130HA)&quot;,&quot;created_timestamp&quot;:&quot;0&quot;,&quot;copyright&quot;:&quot;\\u0130HLAS HABER AJANSI, www.iha.com.tr&quot;,&quot;focal_length&quot;:&quot;0&quot;,&quot;iso&quot;:&quot;0&quot;,&quot;shutter_speed&quot;:&quot;0&quot;,&quot;title&quot;:&quot;\\u00c7ALDIRAN\\u2019DA KAYAK FEST\\u0130VAL\\u0130&quot;,&quot;orientation&quot;:&quot;0&quot;}\" data-image-title=\"\u00c7ald\u0131ran\u2019da &amp;#8220;2. kar ve kayak festivali&amp;#8221;\" data-image-description=\"&lt;p&gt;\u00c7ald\u0131ran\u2019da &amp;#8220;2. kar ve kayak festivali&amp;#8221;&lt;\/p&gt; \" data-medium-file=\"https:\/\/i0.wp.com\/www.tvturk.com\/wp-content\/uploads\/2019\/02\/caldiranda-2-kar-ve-kayak-festivali_0c97d09.jpg?fit=300%2C200\" data-large-file=\"https:\/\/i0.wp.com\/www.tvturk.com\/wp-content\/uploads\/2019\/02\/caldiranda-2-kar-ve-kayak-festivali_0c97d09.jpg?fit=1000%2C666\" src=\"https:\/\/i0.wp.com\/www.tvturk.com\/wp-content\/uploads\/2019\/02\/caldiranda-2-kar-ve-kayak-festivali_0c97d09.jpg?w=163&#038;h=108\" srcset=\"https:\/\/i0.wp.com\/www.tvturk.com\/wp-content\/uploads\/2019\/02\/caldiranda-2-kar-ve-kayak-festivali_0c97d09.jpg?w=1000 1000w, https:\/\/i0.wp.com\/www.tvturk.com\/wp-content\/uploads\/2019\/02\/caldiranda-2-kar-ve-kayak-festivali_0c97d09.jpg?resize=150%2C100 150w, https:\/\/i0.wp.com\/www.tvturk.com\/wp-content\/uploads\/2019\/02\/caldiranda-2-kar-ve-kayak-festivali_0c97d09.jpg?resize=300%2C200 300w, https:\/\/i0.wp.com\/www.tvturk.com\/wp-content\/uploads\/2019\/02\/caldiranda-2-kar-ve-kayak-festivali_0c97d09.jpg?resize=768%2C511 768w, https:\/\/i0.wp.com\/www.tvturk.com\/wp-content\/uploads\/2019\/02\/caldiranda-2-kar-ve-kayak-festivali_0c97d09.jpg?resize=170%2C113 170w, https:\/\/i0.wp.com\/www.tvturk.com\/wp-content\/uploads\/2019\/02\/caldiranda-2-kar-ve-kayak-festivali_0c97d09.jpg?resize=120%2C80 120w\" width=\"163\" height=\"108\" loading=\"lazy\" data-original-width=\"163\" data-original-height=\"108\" itemprop=\"http:\/\/schema.org\/image\" title=\"\u00c7ald\u0131ran\u2019da &quot;2. kar ve kayak festivali&quot;\" alt=\"\u00c7ald\u0131ran\u2019da &quot;2. kar ve kayak festivali&quot;\" style=\"width: 163px; height: 108px;\" \/> <\/a> <\/div> <\/div> <!-- close group --> <div class=\"gallery-group images-1\" style=\"width: 167px; height: 112px;\" data-original-width=\"167\" data-original-height=\"112\" > <div class=\"tiled-gallery-item tiled-gallery-item-small\" itemprop=\"associatedMedia\" itemscope itemtype=\"http:\/\/schema.org\/ImageObject\"> <a href=\"http:\/\/www.tvturk.com\/index.php\/caldiranda-2-kar-ve-kayak-festivali\/caldiranda-2-kar-ve-kayak-festivali-7\/\" border=\"0\" itemprop=\"url\"> <meta itemprop=\"width\" content=\"163\"> <meta itemprop=\"height\" content=\"108\"> <img decoding=\"async\" class=\"\" data-attachment-id=\"16496\" data-orig-file=\"http:\/\/www.tvturk.com\/wp-content\/uploads\/2019\/02\/caldiranda-2-kar-ve-kayak-festivali_034557e.jpg\" data-orig-size=\"1000,666\" data-comments-opened=\"\" data-image-meta=\"{&quot;aperture&quot;:&quot;0&quot;,&quot;credit&quot;:&quot;IHA&quot;,&quot;camera&quot;:&quot;&quot;,&quot;caption&quot;:&quot;\\u00c7ALDIRAN TERMAL KAYAK MERKEZ\\u0130 \\u0130K\\u0130NC\\u0130 FEST\\u0130VAL \\u015eENL\\u0130\\u011e\\u0130 D\\u00dcZENLEND\\u0130. (\\u0130HA\\\/VAN-\\u0130HA)&quot;,&quot;created_timestamp&quot;:&quot;0&quot;,&quot;copyright&quot;:&quot;\\u0130HLAS HABER AJANSI, www.iha.com.tr&quot;,&quot;focal_length&quot;:&quot;0&quot;,&quot;iso&quot;:&quot;0&quot;,&quot;shutter_speed&quot;:&quot;0&quot;,&quot;title&quot;:&quot;\\u00c7ALDIRAN\\u2019DA KAYAK FEST\\u0130VAL\\u0130&quot;,&quot;orientation&quot;:&quot;0&quot;}\" data-image-title=\"\u00c7ald\u0131ran\u2019da &amp;#8220;2. kar ve kayak festivali&amp;#8221;\" data-image-description=\"&lt;p&gt;\u00c7ald\u0131ran\u2019da &amp;#8220;2. kar ve kayak festivali&amp;#8221;&lt;\/p&gt; \" data-medium-file=\"https:\/\/i0.wp.com\/www.tvturk.com\/wp-content\/uploads\/2019\/02\/caldiranda-2-kar-ve-kayak-festivali_034557e.jpg?fit=300%2C200\" data-large-file=\"https:\/\/i0.wp.com\/www.tvturk.com\/wp-content\/uploads\/2019\/02\/caldiranda-2-kar-ve-kayak-festivali_034557e.jpg?fit=1000%2C666\" src=\"https:\/\/i0.wp.com\/www.tvturk.com\/wp-content\/uploads\/2019\/02\/caldiranda-2-kar-ve-kayak-festivali_034557e.jpg?w=163&#038;h=108\" srcset=\"https:\/\/i0.wp.com\/www.tvturk.com\/wp-content\/uploads\/2019\/02\/caldiranda-2-kar-ve-kayak-festivali_034557e.jpg?w=1000 1000w, https:\/\/i0.wp.com\/www.tvturk.com\/wp-content\/uploads\/2019\/02\/caldiranda-2-kar-ve-kayak-festivali_034557e.jpg?resize=150%2C100 150w, https:\/\/i0.wp.com\/www.tvturk.com\/wp-content\/uploads\/2019\/02\/caldiranda-2-kar-ve-kayak-festivali_034557e.jpg?resize=300%2C200 300w, https:\/\/i0.wp.com\/www.tvturk.com\/wp-content\/uploads\/2019\/02\/caldiranda-2-kar-ve-kayak-festivali_034557e.jpg?resize=768%2C511 768w, https:\/\/i0.wp.com\/www.tvturk.com\/wp-content\/uploads\/2019\/02\/caldiranda-2-kar-ve-kayak-festivali_034557e.jpg?resize=170%2C113 170w, https:\/\/i0.wp.com\/www.tvturk.com\/wp-content\/uploads\/2019\/02\/caldiranda-2-kar-ve-kayak-festivali_034557e.jpg?resize=120%2C80 120w\" width=\"163\" height=\"108\" loading=\"lazy\" data-original-width=\"163\" data-original-height=\"108\" itemprop=\"http:\/\/schema.org\/image\" title=\"\u00c7ald\u0131ran\u2019da &quot;2. kar ve kayak festivali&quot;\" alt=\"\u00c7ald\u0131ran\u2019da &quot;2. kar ve kayak festivali&quot;\" style=\"width: 163px; height: 108px;\" \/> <\/a> <\/div> <\/div> <!-- close group --> <div class=\"gallery-group images-1\" style=\"width: 166px; height: 112px;\" data-original-width=\"166\" data-original-height=\"112\" > <div class=\"tiled-gallery-item tiled-gallery-item-small\" itemprop=\"associatedMedia\" itemscope itemtype=\"http:\/\/schema.org\/ImageObject\"> <a href=\"http:\/\/www.tvturk.com\/index.php\/caldiranda-2-kar-ve-kayak-festivali\/caldiranda-2-kar-ve-kayak-festivali-8\/\" border=\"0\" itemprop=\"url\"> <meta itemprop=\"width\" content=\"162\"> <meta itemprop=\"height\" content=\"108\"> <img decoding=\"async\" class=\"\" data-attachment-id=\"16497\" data-orig-file=\"http:\/\/www.tvturk.com\/wp-content\/uploads\/2019\/02\/caldiranda-2-kar-ve-kayak-festivali_c33c726.jpg\" data-orig-size=\"1000,666\" data-comments-opened=\"\" data-image-meta=\"{&quot;aperture&quot;:&quot;0&quot;,&quot;credit&quot;:&quot;IHA&quot;,&quot;camera&quot;:&quot;&quot;,&quot;caption&quot;:&quot;\\u00c7ALDIRAN TERMAL KAYAK MERKEZ\\u0130 \\u0130K\\u0130NC\\u0130 FEST\\u0130VAL \\u015eENL\\u0130\\u011e\\u0130 D\\u00dcZENLEND\\u0130. (\\u0130HA\\\/VAN-\\u0130HA)&quot;,&quot;created_timestamp&quot;:&quot;0&quot;,&quot;copyright&quot;:&quot;\\u0130HLAS HABER AJANSI, www.iha.com.tr&quot;,&quot;focal_length&quot;:&quot;0&quot;,&quot;iso&quot;:&quot;0&quot;,&quot;shutter_speed&quot;:&quot;0&quot;,&quot;title&quot;:&quot;\\u00c7ALDIRAN\\u2019DA KAYAK FEST\\u0130VAL\\u0130&quot;,&quot;orientation&quot;:&quot;0&quot;}\" data-image-title=\"\u00c7ald\u0131ran\u2019da &amp;#8220;2. kar ve kayak festivali&amp;#8221;\" data-image-description=\"&lt;p&gt;\u00c7ald\u0131ran\u2019da &amp;#8220;2. kar ve kayak festivali&amp;#8221;&lt;\/p&gt; \" data-medium-file=\"https:\/\/i0.wp.com\/www.tvturk.com\/wp-content\/uploads\/2019\/02\/caldiranda-2-kar-ve-kayak-festivali_c33c726.jpg?fit=300%2C200\" data-large-file=\"https:\/\/i0.wp.com\/www.tvturk.com\/wp-content\/uploads\/2019\/02\/caldiranda-2-kar-ve-kayak-festivali_c33c726.jpg?fit=1000%2C666\" src=\"https:\/\/i0.wp.com\/www.tvturk.com\/wp-content\/uploads\/2019\/02\/caldiranda-2-kar-ve-kayak-festivali_c33c726.jpg?w=162&#038;h=108\" srcset=\"https:\/\/i0.wp.com\/www.tvturk.com\/wp-content\/uploads\/2019\/02\/caldiranda-2-kar-ve-kayak-festivali_c33c726.jpg?w=1000 1000w, https:\/\/i0.wp.com\/www.tvturk.com\/wp-content\/uploads\/2019\/02\/caldiranda-2-kar-ve-kayak-festivali_c33c726.jpg?resize=150%2C100 150w, https:\/\/i0.wp.com\/www.tvturk.com\/wp-content\/uploads\/2019\/02\/caldiranda-2-kar-ve-kayak-festivali_c33c726.jpg?resize=300%2C200 300w, https:\/\/i0.wp.com\/www.tvturk.com\/wp-content\/uploads\/2019\/02\/caldiranda-2-kar-ve-kayak-festivali_c33c726.jpg?resize=768%2C511 768w, https:\/\/i0.wp.com\/www.tvturk.com\/wp-content\/uploads\/2019\/02\/caldiranda-2-kar-ve-kayak-festivali_c33c726.jpg?resize=170%2C113 170w, https:\/\/i0.wp.com\/www.tvturk.com\/wp-content\/uploads\/2019\/02\/caldiranda-2-kar-ve-kayak-festivali_c33c726.jpg?resize=120%2C80 120w\" width=\"162\" height=\"108\" loading=\"lazy\" data-original-width=\"162\" data-original-height=\"108\" itemprop=\"http:\/\/schema.org\/image\" title=\"\u00c7ald\u0131ran\u2019da &quot;2. kar ve kayak festivali&quot;\" alt=\"\u00c7ald\u0131ran\u2019da &quot;2. kar ve kayak festivali&quot;\" style=\"width: 162px; height: 108px;\" \/> <\/a> <\/div> <\/div> <!-- close group --> <\/div> <!-- close row --> <\/div><\/p>\n","protected":false},"excerpt":{"rendered":"<p>\u00c7ALDIRAN TERMAL KAYAK MERKEZ\u0130 \u0130K\u0130NC\u0130 FEST\u0130VAL \u015eENL\u0130\u011e\u0130 D\u00dcZENLEND\u0130.<\/p>\n","protected":false},"author":1,"featured_media":16491,"comment_status":"closed","ping_status":"open","sticky":false,"template":"","format":"standard","meta":{"jetpack_post_was_ever_published":false,"_jetpack_newsletter_access":"","_jetpack_dont_email_post_to_subs":false,"_jetpack_newsletter_tier_id":0,"_jetpack_memberships_contains_paywalled_content":false,"_jetpack_memberships_contains_paid_content":false,"footnotes":"","jetpack_publicize_message":"","jetpack_publicize_feature_enabled":true,"jetpack_social_post_already_shared":false,"jetpack_social_options":{"image_generator_settings":{"template":"highway","default_image_id":0,"font":"","enabled":false},"version":2}},"categories":[5],"tags":[1880,3330,3400,878,728],"class_list":["post-16490","post","type-post","status-publish","format-standard","has-post-thumbnail","hentry","category-gundem","tag-1880","tag-caldiranda","tag-festivali","tag-kar","tag-kayak"],"jetpack_publicize_connections":[],"jetpack_featured_media_url":"https:\/\/i0.wp.com\/www.tvturk.com\/wp-content\/uploads\/2019\/02\/caldiranda-2-kar-ve-kayak-festivali_6f114c2.jpg?fit=1000%2C666","jetpack_sharing_enabled":true,"jetpack_shortlink":"https:\/\/wp.me\/paKIfm-4hY","_links":{"self":[{"href":"http:\/\/www.tvturk.com\/index.php\/wp-json\/wp\/v2\/posts\/16490","targetHints":{"allow":["GET"]}}],"collection":[{"href":"http:\/\/www.tvturk.com\/index.php\/wp-json\/wp\/v2\/posts"}],"about":[{"href":"http:\/\/www.tvturk.com\/index.php\/wp-json\/wp\/v2\/types\/post"}],"author":[{"embeddable":true,"href":"http:\/\/www.tvturk.com\/index.php\/wp-json\/wp\/v2\/users\/1"}],"replies":[{"embeddable":true,"href":"http:\/\/www.tvturk.com\/index.php\/wp-json\/wp\/v2\/comments?post=16490"}],"version-history":[{"count":1,"href":"http:\/\/www.tvturk.com\/index.php\/wp-json\/wp\/v2\/posts\/16490\/revisions"}],"predecessor-version":[{"id":16498,"href":"http:\/\/www.tvturk.com\/index.php\/wp-json\/wp\/v2\/posts\/16490\/revisions\/16498"}],"wp:featuredmedia":[{"embeddable":true,"href":"http:\/\/www.tvturk.com\/index.php\/wp-json\/wp\/v2\/media\/16491"}],"wp:attachment":[{"href":"http:\/\/www.tvturk.com\/index.php\/wp-json\/wp\/v2\/media?parent=16490"}],"wp:term":[{"taxonomy":"category","embeddable":true,"href":"http:\/\/www.tvturk.com\/index.php\/wp-json\/wp\/v2\/categories?post=16490"},{"taxonomy":"post_tag","embeddable":true,"href":"http:\/\/www.tvturk.com\/index.php\/wp-json\/wp\/v2\/tags?post=16490"}],"curies":[{"name":"wp","href":"https:\/\/api.w.org\/{rel}","templated":true}]}}