{"id":164905,"date":"2019-06-01T12:38:17","date_gmt":"2019-06-01T09:38:17","guid":{"rendered":"http:\/\/www.tvturk.com\/index.php\/eminevim-ailesi-kadir-gecesinde-ayni-sofrada-bulustu\/"},"modified":"2019-06-01T12:38:17","modified_gmt":"2019-06-01T09:38:17","slug":"eminevim-ailesi-kadir-gecesinde-ayni-sofrada-bulustu","status":"publish","type":"post","link":"http:\/\/www.tvturk.com\/index.php\/eminevim-ailesi-kadir-gecesinde-ayni-sofrada-bulustu\/","title":{"rendered":"Eminevim ailesi Kadir Gecesi\u2019nde ayn\u0131 sofrada bulu\u015ftu"},"content":{"rendered":"<p>Ramazan ay\u0131 boyunca T\u00fcrkiye\u2019nin d\u00f6rt bir yan\u0131nda iftar sofralar\u0131 kuran Eminevim,  bin bir aydan daha hay\u0131rl\u0131 olan, t\u00f6vbelerin ve dualar\u0131n kabul edildi\u011fi Kadir Gecesi\u2019nde 200. iftar program\u0131 ger\u00e7ekle\u015ftirdi.<\/p>\n<p>Ramazan ay\u0131n\u0131n birlik ve dayan\u0131\u015fma ruhunu ya\u015fatabilmek i\u00e7in T\u00fcrkiye\u2019nin 81 ilinde iftar sofralar\u0131 kuran Eminevim, bu vesileyle i\u015ftirak\u00e7ileri ile bir araya gelmeye devam ediyor. Ramazan ay\u0131 boyunca 55 bin ki\u015fiye iftar veren ve 212 iftar program\u0131 d\u00fczenlemeyi hedefleyen firma, Eminevim Sefak\u00f6y yerle\u015fkesinde d\u00fczenledi\u011fi iftar program\u0131 ile Kadir Gecesi\u2019nde m\u00fc\u015fterilerini ayn\u0131 sofra etraf\u0131nda bulu\u015fturdu. Kur\u2019an\u0131 Kerim tilaveti e\u015fli\u011finde ba\u015flayan programa, Emin Grup Y\u00f6netim Kurulu Ba\u015fkan\u0131 Emin \u00dcst\u00fcn, Y\u00f6netim Kurulu \u00dcyesi Kemal \u00dcst\u00fcn, \u00fcst d\u00fczey y\u00f6neticiler, b\u00f6lge m\u00fcd\u00fcrleri ve i\u015ftirak\u00e7iler kat\u0131ld\u0131.<\/p>\n<p>55 bin ki\u015fiye iftar verdiler<\/p>\n<p>Y\u00f6netim kadrosuyla ger\u00e7ekle\u015fen iftar program\u0131nda duygu ve d\u00fc\u015f\u00fcncelerini dile getiren Emin Grup Y\u00f6netim Kurulu Ba\u015fkan\u0131 Emin \u00dcst\u00fcn, \u201cKadir Gecesi\u2019nde ger\u00e7ekle\u015fen iftar program\u0131m\u0131z\u0131 ihti\u015faml\u0131 bir \u015fekilde dostlar\u0131m\u0131zla yerine getirdik. Bu programda dostlar\u0131m\u0131zla bulu\u015ftuk. Aileler ile birlikte iftar\u0131m\u0131z \u00e7ok g\u00fczel oldu. Ramazan ay\u0131 boyunca T\u00fcrkiye genelinde 212 iftar program\u0131 ger\u00e7ekle\u015ftirece\u011fiz. Nitekim iftar programlar\u0131n\u0131n 200\u2019\u00fc tamamland\u0131. Kalan 12 iftar\u0131m\u0131z da 3 g\u00fcn i\u00e7inde tamamlanacak. Toplamda 55 bin aile iftar programlar\u0131m\u0131za kat\u0131ld\u0131. Bu iftar Eminevim\u2019in b\u00fcy\u00fck bir aile oldu\u011funu ispat etti\u201d dedi<\/p>\n<p>500 ki\u015fiye istihdam sa\u011flanacak<\/p>\n<p>Konu\u015fmas\u0131nda bir de m\u00fcjde veren Emin \u00dcst\u00fcn, 500 ki\u015fiye istihdam sa\u011flayacaklar\u0131n\u0131 kaydetti. 140 bin insan\u0131 otomobil ve ev sahibi yapt\u0131klar\u0131n\u0131 belirten \u00dcst\u00fcn, Haziran ay\u0131nda da kampanyalar ba\u015flatacaklar\u0131n\u0131 s\u00f6yledi.<\/p>\n<p>\u201cK\u00fc\u00e7\u00fck taksitlerle b\u00fcy\u00fck tasarruflar\u0131 bir araya getirece\u011fiz\u201d<\/p>\n<p>Elbirli\u011fini Sistemi\u2019ni enerji, tar\u0131m, hayvanc\u0131l\u0131k ve otel sekt\u00f6r\u00fcnden sonra bu seferde kutsal topraklara hacca gitmek i\u00e7in geli\u015ftirdiklerini belirten Eminevim Sat\u0131\u015f M\u00fcd\u00fcr\u00fc Mustafa \u015eahin, \u201cHac ibadeti bedenle ve maddi imkanla yap\u0131lan bir ibadettir. Yani tasarruf gerektiriyor. Bu tasarrufa ula\u015fmak i\u00e7in ba\u015flatt\u0131\u011f\u0131m\u0131z kampanya \u015fu \u015fekilde olacak. S\u0131n\u0131rl\u0131 say\u0131da ailemizin faydalanaca\u011f\u0131 hac ibadet organizasyonumuza kat\u0131labilmek i\u00e7in \u00f6nce diyanetin a\u00e7t\u0131\u011f\u0131 hac kay\u0131tlar\u0131na kay\u0131t yapt\u0131r\u0131lmas\u0131 gerekiyor. Ard\u0131ndan sistemimize yap\u0131lacak kay\u0131tla birlikte ayl\u0131k c\u00fczi \u00f6demelerle bu ibadetin kolayla\u015fmas\u0131na imkan sa\u011flayaca\u011f\u0131z. Bug\u00fcn ortalama her ay bir gram alt\u0131n bedeliyle hacca gitmenin de yolunu a\u00e7m\u0131\u015f olduk. Ayr\u0131ca buradan duyuraca\u011f\u0131m evlilik paketi kampanyam\u0131z\u0131 da yar\u0131n itibariyle ba\u015flat\u0131yoruz. Y\u00f6netimimizin bizler i\u00e7in sundu\u011fu bu b\u00fcy\u00fck kampanya ile in\u015fallah evlenmeyi d\u00fc\u015f\u00fcnen karde\u015flerimiz de art\u0131k bu zorlu\u011fu ve bu me\u015fakkatli yolu da Elbirli\u011fi Sitemi \u0130le a\u015fabilecek. Yaz\u0131ld\u0131klar\u0131 kampanyalarla k\u00fc\u00e7\u00fck taksitlerle b\u00fcy\u00fck tasarruflar\u0131 bir araya getirip onlar\u0131n evlilik d\u00f6nemindeki zorluklar\u0131na hep beraber yard\u0131mc\u0131 olaca\u011f\u0131z\u201d ifadelerinde bulundu.<\/p>\n<p>Programda davetliler aras\u0131nda s\u00fcrpriz hediye \u00e7ekili\u015fleri de yap\u0131ld\u0131. \u00c7ekili\u015fte bir ki\u015fi umre yolculu\u011funa hak kazand\u0131. Ayr\u0131ca programda \u00e7ocuklar da unutulmad\u0131. Minikler da\u011f\u0131t\u0131lan hediyelerle mutlu oldu.<\/p>\n","protected":false},"excerpt":{"rendered":"<p>RAMAZAN AYI BOYUNCA T\u00dcRK\u0130YE\u2019N\u0130N D\u00d6RT B\u0130R YANINDA \u0130FTAR SOFRALARI KURAN EM\u0130NEV\u0130M,  B\u0130N B\u0130R AYDAN DAHA HAYIRLI OLAN, T\u00d6VBELER\u0130N VE DUALARIN KABUL ED\u0130LD\u0130\u011e\u0130 KAD\u0130R GECES\u0130\u2019NDE 200. \u0130FTAR PROGRAMI GER\u00c7EKLE\u015eT\u0130RD\u0130.<\/p>\n","protected":false},"author":1,"featured_media":164906,"comment_status":"closed","ping_status":"open","sticky":false,"template":"","format":"standard","meta":{"jetpack_post_was_ever_published":false,"_jetpack_newsletter_access":"","_jetpack_dont_email_post_to_subs":false,"_jetpack_newsletter_tier_id":0,"_jetpack_memberships_contains_paywalled_content":false,"_jetpack_memberships_contains_paid_content":false,"footnotes":"","jetpack_publicize_message":"","jetpack_publicize_feature_enabled":true,"jetpack_social_post_already_shared":true,"jetpack_social_options":{"image_generator_settings":{"template":"highway","default_image_id":0,"font":"","enabled":false},"version":2}},"categories":[1],"tags":[7558,569,389,39229,10307,4383,35909],"class_list":["post-164905","post","type-post","status-publish","format-standard","has-post-thumbnail","hentry","category-genel","tag-ailesi","tag-ayni","tag-bulustu","tag-eminevim","tag-gecesinde","tag-kadir","tag-sofrada"],"jetpack_publicize_connections":[],"jetpack_featured_media_url":"https:\/\/i0.wp.com\/www.tvturk.com\/wp-content\/uploads\/2019\/06\/eminevim-ailesi-kadir-gecesinde-ayni-sofrada-bulustu_8ccb37d.jpg?fit=1000%2C750","jetpack_sharing_enabled":true,"jetpack_shortlink":"https:\/\/wp.me\/paKIfm-GTL","_links":{"self":[{"href":"http:\/\/www.tvturk.com\/index.php\/wp-json\/wp\/v2\/posts\/164905","targetHints":{"allow":["GET"]}}],"collection":[{"href":"http:\/\/www.tvturk.com\/index.php\/wp-json\/wp\/v2\/posts"}],"about":[{"href":"http:\/\/www.tvturk.com\/index.php\/wp-json\/wp\/v2\/types\/post"}],"author":[{"embeddable":true,"href":"http:\/\/www.tvturk.com\/index.php\/wp-json\/wp\/v2\/users\/1"}],"replies":[{"embeddable":true,"href":"http:\/\/www.tvturk.com\/index.php\/wp-json\/wp\/v2\/comments?post=164905"}],"version-history":[{"count":0,"href":"http:\/\/www.tvturk.com\/index.php\/wp-json\/wp\/v2\/posts\/164905\/revisions"}],"wp:featuredmedia":[{"embeddable":true,"href":"http:\/\/www.tvturk.com\/index.php\/wp-json\/wp\/v2\/media\/164906"}],"wp:attachment":[{"href":"http:\/\/www.tvturk.com\/index.php\/wp-json\/wp\/v2\/media?parent=164905"}],"wp:term":[{"taxonomy":"category","embeddable":true,"href":"http:\/\/www.tvturk.com\/index.php\/wp-json\/wp\/v2\/categories?post=164905"},{"taxonomy":"post_tag","embeddable":true,"href":"http:\/\/www.tvturk.com\/index.php\/wp-json\/wp\/v2\/tags?post=164905"}],"curies":[{"name":"wp","href":"https:\/\/api.w.org\/{rel}","templated":true}]}}