{"id":164911,"date":"2019-06-01T12:47:27","date_gmt":"2019-06-01T09:47:27","guid":{"rendered":"http:\/\/www.tvturk.com\/index.php\/gemlikte-cocuklar-ramazan-ayi-gelsin-diye-bekleyecek\/"},"modified":"2019-06-01T12:47:27","modified_gmt":"2019-06-01T09:47:27","slug":"gemlikte-cocuklar-ramazan-ayi-gelsin-diye-bekleyecek","status":"publish","type":"post","link":"http:\/\/www.tvturk.com\/index.php\/gemlikte-cocuklar-ramazan-ayi-gelsin-diye-bekleyecek\/","title":{"rendered":"Gemlik\u2019te \u00e7ocuklar &#8220;Ramazan ay\u0131 gelsin&#8221; diye bekleyecek"},"content":{"rendered":"<p>Gemlik Belediye Ba\u015fkan\u0131 Mehmet U\u011fur Sertaslan, &#8220;Gemlik bar\u0131\u015f\u0131n kenti olabilme yetene\u011fini Ramazan ay\u0131 boyunca devam eden etkinlikler esnas\u0131nda ortaya koydu&#8221; dedi. Ramazan bayram\u0131 \u00f6ncesi Gemlik\u2019te Ramazan ay\u0131 boyunca d\u00fczenledikleri etkinlikleri de\u011ferlendiren Sertaslan, &#8220;Yeni tatlar, yeni g\u00f6rseller \u00e7ocuklar\u0131n hayat\u0131na girdi. Ve eminim pek \u00e7ok yavrumuz bir daha ki y\u0131l Ramazan ay\u0131 gelsin diye bekleyecekler&#8221; diye konu\u015ftu.<\/p>\n<p>G\u00f6reve geldikten sonraki 2 ay boyunca 23 Nisan ve 19 May\u0131s gibi milli bayramlar\u0131 geride b\u0131rak\u0131p Ramazan Bayram\u0131\u2019n\u0131da kutlamaya haz\u0131rland\u0131klar\u0131n\u0131 anlatan Gemlik Belediye Ba\u015fkan\u0131 Mehmet U\u011fur Sertaslan, &#8220;Milli ve Dini bayramlar\u0131m\u0131z a\u011f\u0131z tad\u0131yla kutlans\u0131n istedik. Gen\u00e7lerle ve \u00e7ocuklarla konu\u015ftuk. Onlar\u0131n isteklerini yerine getirmeye \u00e7al\u0131\u015ft\u0131k. \u015eunu s\u00f6yledik. Gemlik\u2019te herkes dini bayramlar\u0131n\u0131 da milli bayramlar\u0131n\u0131 da a\u011f\u0131z tad\u0131yla ya\u015fas\u0131n. \u0130n\u015fallah bizim g\u00f6reve geldikten sonraki ilk dini bayram\u0131m\u0131z\u0131 a\u011f\u0131z tad\u0131yla ya\u015fayaca\u011f\u0131z. Bu vesileyle Ramazan bayram\u0131 \u00fclkemize, milletimize, b\u00fct\u00fcn M\u00fcsl\u00fcman alemine, b\u00fct\u00fcn insanl\u0131\u011fa hay\u0131rlar getirsin in\u015fallah&#8221; dedi.<\/p>\n<p>Ramazan ay\u0131n\u0131 sosyal y\u00f6n\u00fcyle de d\u00fc\u015f\u00fcnd\u00fcklerini ifade eden Sertaslan, Sosyal yard\u0131mla\u015fma anlay\u0131\u015f\u0131yla i\u015fe bakmaya \u00e7al\u0131\u015ft\u0131klar\u0131n\u0131 s\u00f6yledi. Ramazan ay\u0131 boyunca \u00e7ocuklar\u0131n bir sonraki Ramazan ay\u0131n\u0131 \u00f6zlemesini uman bir tak\u0131m etkinlikler yapt\u0131klar\u0131n\u0131 ifade eden Sertaslan,&#8221;\u00d6mer Halis Demir Park\u0131\u2019nda her gece Ramazan etkinlikleri d\u00fczenledik. Feshane \u015fenliklerinin minimize edilmi\u015f halini organize ettik. Bir ba\u015flang\u0131\u00e7 y\u0131l\u0131 bu y\u0131l daha iyisini yapma yetene\u011fimiz var inan\u0131yorum. Hacivat ve Karag\u00f6z\u2019\u00fc seyretti \u00e7ocuklar. Hem canl\u0131 tiyatro oyuncular\u0131 hem perde \u00fczerinde Hacivat ve Karag\u00f6z\u2019le tan\u0131\u015ft\u0131lar. Meddahlar geldi. Kavuklu geldi, Pi\u015fekar geldi, \u0130bi\u015f geldi. Eskiler bilir! sopal\u0131 macunlar vard\u0131. \u00c7ocuklar\u0131 onla tan\u0131\u015ft\u0131rd\u0131k. Yeni tatlar yeni g\u00f6rseller \u00e7ocuklar\u0131n hayat\u0131na girdi. Ve eminim pek \u00e7ok yavrumuz bir daha ki y\u0131l Ramazan ay\u0131 gelsin diye bekleyecekler. \u00c7ocuklar\u0131n \u00f6nce sevmesi laz\u0131m anlayabilmeleri i\u00e7in. \u00d6nce sevsinler istedik&#8221; dedi.<\/p>\n<p>&#8220;Bir \u00e7ocuk yata\u011fa a\u00e7 giriyor di\u011fer 111 bin 999 ki\u015fi rahatla uyuyorsa hepimize yaz\u0131klar olsun&#8221;<\/p>\n<p>B\u00fct\u00fcn bu etkinlikleri yaparken bir taraftan da sosyal belediyecili\u011fin gere\u011fi Ramazan ay\u0131 boyunca ihtiya\u00e7 sahiplerini bulup \u00e7e\u015fitli organizasyonlarla ihtiya\u00e7lar\u0131n\u0131 gidermeye \u00e7al\u0131\u015ft\u0131klar\u0131n\u0131 belirten Sertaslan, &#8220;Gemlik\u2019te hi\u00e7 bir \u00e7ocuk yata\u011fa a\u00e7 girmesin gibi bir gayemiz var. E\u011fer bu \u015fehirde bir \u00e7ocuk yata\u011fa a\u00e7 giriyor ve geri kalan 111 bin 999 ki\u015fi keyifle uyuyorsa da hepimize de yaz\u0131klar olsun. Belediye meclisimizin de verdi\u011fi destek ile 2 derne\u011fimizle protokol yaparak bir giri\u015fimde bulunduk. 500 ki\u015fiyi a\u015f evimizin \u00f6n\u00fcnde, 13 ayr\u0131 noktada mahallelerimizde sokak iftarlar\u0131nda halk\u0131m\u0131z\u0131 bulu\u015fturduk. Bin ki\u015finin evine her ak\u015fam s\u0131cak yemek g\u00f6t\u00fcrd\u00fck. Oraya yemekleri g\u00f6t\u00fcren g\u00f6n\u00fcll\u00fclerimiz bu evlerle ilgili derinlemesine analiz yap\u0131yorlar. Oradan bir liste \u00e7\u0131k\u0131yor \u015fu ana kadar 300 ki\u015filik bir liste \u00e7\u0131kt\u0131. Sadece Ramazan ay\u0131nda de\u011fil 12 ay boyunca ellerimiz o \u00e7ocuklar\u0131n \u00fczerinde olmas\u0131 laz\u0131m. \u015eefkat o \u00e7ocuklara 12 ay boyunca laz\u0131m. Ramazan\u2019dan sonra 11 ay devam ettirmek i\u00e7inde bu \u00e7al\u0131\u015fmay\u0131 bir et\u00fct \u00e7al\u0131\u015fmas\u0131 olarak g\u00f6rd\u00fck. 2 derne\u011fimiz 30 g\u00fcn boyunca evlere s\u0131cak yemek girsin diye canla ba\u015fla u\u011fra\u015ft\u0131lar. Sadece Allah r\u0131zas\u0131 i\u00e7in yap\u0131yorlar. Bir kuru\u015f menfaatleri yok. Hemde toplumun her sosyal tabakas\u0131ndan insan var. Kendini modernim diye tan\u0131mlayan insan da var ben m\u00fctedeyinim diyen insan da var. Omuz omuza \u00e7al\u0131\u015f\u0131yorlar. Memnuniyetle \u015funu g\u00f6r\u00fcyorum. Gemlik bar\u0131\u015f\u0131n kenti olabilme yetene\u011fini b\u00fct\u00fcn bu etkinlikler esnas\u0131nda ortaya koydu. Ba\u015fka hi\u00e7bir\u015fey yapmaks\u0131z\u0131n bunu Gemlik\u2019te tesis edebilmek bile benim i\u00e7in \u00e7ok b\u00fcy\u00fck bir ba\u015far\u0131 olacak&#8221; diye konu\u015ftu.<\/p>\n","protected":false},"excerpt":{"rendered":"<p>GEML\u0130K BELED\u0130YE BA\u015eKANI MEHMET U\u011eUR SERTASLAN, &#8220;GEML\u0130K BARI\u015eIN KENT\u0130 OLAB\u0130LME YETENE\u011e\u0130N\u0130 RAMAZAN AYI BOYUNCA DEVAM EDEN ETK\u0130NL\u0130KLER ESNASINDA ORTAYA KOYDU DED\u0130. RAMAZAN BAYRAMI \u00d6NCES\u0130 GEML\u0130K&#8217;TE RAMAZAN AYI BOYUNCA D\u00dcZENLED\u0130KLER\u0130 ETK\u0130NL\u0130KLER\u0130 DE\u011eERLEND\u0130REN SERTASLAN, &#8220;YEN\u0130 TATLAR YEN\u0130 G\u00d6RSELLER \u00c7OCUKLARIN HAYATINA G\u0130RD\u0130. VE EM\u0130N\u0130M PEK \u00c7OK YAVRUMUZ B\u0130R DAHA K\u0130 YIL RAMAZAN AYI GELS\u0130N D\u0130YE BEKLEYECEKLER&#8221; D\u0130YE KONU\u015eTU.<\/p>\n","protected":false},"author":1,"featured_media":164912,"comment_status":"closed","ping_status":"open","sticky":false,"template":"","format":"standard","meta":{"jetpack_post_was_ever_published":false,"_jetpack_newsletter_access":"","_jetpack_dont_email_post_to_subs":false,"_jetpack_newsletter_tier_id":0,"_jetpack_memberships_contains_paywalled_content":false,"_jetpack_memberships_contains_paid_content":false,"footnotes":"","jetpack_publicize_message":"","jetpack_publicize_feature_enabled":true,"jetpack_social_post_already_shared":true,"jetpack_social_options":{"image_generator_settings":{"template":"highway","default_image_id":0,"font":"","enabled":false},"version":2}},"categories":[1],"tags":[345,39234,252,11174,39233,10256,28330],"class_list":["post-164911","post","type-post","status-publish","format-standard","has-post-thumbnail","hentry","category-genel","tag-ayi","tag-bekleyecek","tag-cocuklar","tag-diye","tag-gelsin","tag-gemlikte","tag-ramazan"],"jetpack_publicize_connections":[],"jetpack_featured_media_url":"https:\/\/i0.wp.com\/www.tvturk.com\/wp-content\/uploads\/2019\/06\/gemlikte-cocuklar-ramazan-ayi-gelsin-diye-bekleyecek_ac11f2c.jpg?fit=1000%2C666","jetpack_sharing_enabled":true,"jetpack_shortlink":"https:\/\/wp.me\/paKIfm-GTR","_links":{"self":[{"href":"http:\/\/www.tvturk.com\/index.php\/wp-json\/wp\/v2\/posts\/164911","targetHints":{"allow":["GET"]}}],"collection":[{"href":"http:\/\/www.tvturk.com\/index.php\/wp-json\/wp\/v2\/posts"}],"about":[{"href":"http:\/\/www.tvturk.com\/index.php\/wp-json\/wp\/v2\/types\/post"}],"author":[{"embeddable":true,"href":"http:\/\/www.tvturk.com\/index.php\/wp-json\/wp\/v2\/users\/1"}],"replies":[{"embeddable":true,"href":"http:\/\/www.tvturk.com\/index.php\/wp-json\/wp\/v2\/comments?post=164911"}],"version-history":[{"count":0,"href":"http:\/\/www.tvturk.com\/index.php\/wp-json\/wp\/v2\/posts\/164911\/revisions"}],"wp:featuredmedia":[{"embeddable":true,"href":"http:\/\/www.tvturk.com\/index.php\/wp-json\/wp\/v2\/media\/164912"}],"wp:attachment":[{"href":"http:\/\/www.tvturk.com\/index.php\/wp-json\/wp\/v2\/media?parent=164911"}],"wp:term":[{"taxonomy":"category","embeddable":true,"href":"http:\/\/www.tvturk.com\/index.php\/wp-json\/wp\/v2\/categories?post=164911"},{"taxonomy":"post_tag","embeddable":true,"href":"http:\/\/www.tvturk.com\/index.php\/wp-json\/wp\/v2\/tags?post=164911"}],"curies":[{"name":"wp","href":"https:\/\/api.w.org\/{rel}","templated":true}]}}