{"id":164915,"date":"2019-06-01T13:03:20","date_gmt":"2019-06-01T10:03:20","guid":{"rendered":"http:\/\/www.tvturk.com\/index.php\/ibb-sehir-hatlarinda-yuzleri-gulduren-toplu-is-sozlesmesi-imzalandi\/"},"modified":"2019-06-01T13:03:20","modified_gmt":"2019-06-01T10:03:20","slug":"ibb-sehir-hatlarinda-yuzleri-gulduren-toplu-is-sozlesmesi-imzalandi","status":"publish","type":"post","link":"http:\/\/www.tvturk.com\/index.php\/ibb-sehir-hatlarinda-yuzleri-gulduren-toplu-is-sozlesmesi-imzalandi\/","title":{"rendered":"\u0130BB \u015eehir Hatlar\u0131\u2019nda y\u00fczleri g\u00fcld\u00fcren toplu i\u015f s\u00f6zle\u015fmesi imzaland\u0131"},"content":{"rendered":"<p>\u0130stanbul B\u00fcy\u00fck\u015fehir Belediyesi i\u015ftiraki \u015eehir Hatlar\u0131\u2019nda y\u00fczleri g\u00fcld\u00fcren Toplu \u0130\u015f S\u00f6zle\u015fmesi\u2019nde imzalar at\u0131ld\u0131. 2 y\u0131ll\u0131k s\u00fcreci kapsayan s\u00f6zle\u015fmeyle; gemi ve sahada \u00e7al\u0131\u015fan personele, ortalama y\u00fczde 28.04 oran\u0131nda zam uyguland\u0131.<\/p>\n<p>\u0130BB \u015eehir Hatlar\u0131 A\u015e ile T\u00fcrk-\u0130\u015f\u2019e ba\u011fl\u0131 T\u00fcrkiye Denizciler Sendikas\u0131 aras\u0131ndaki toplu i\u015f s\u00f6zle\u015fmesi g\u00f6r\u00fc\u015fmeleri anla\u015fmayla noktaland\u0131. H\u0131div Kasr\u0131\u2019nda d\u00fczenlenen imza t\u00f6renine \u0130BB Genel Sekreteri Hayri Bara\u00e7l\u0131, \u0130BB Genel Sekreter Yard\u0131mc\u0131s\u0131 Eyy\u00fcp Karahan, \u0130BB \u015eehir Hatlar\u0131 Genel M\u00fcd\u00fcr\u00fc Yakup G\u00fcler, T\u00fcrkiye Denizciler Sendikas\u0131 Genel Ba\u015fkan\u0131 \u0130rfan Mete, Mahalli \u0130dareler Kamu \u0130\u015fveren Sendikas\u0131 ad\u0131na Genel Sekreter Av. Zekeriya Sanc\u0131, \u0130BB \u015eehir Hatlar\u0131 \u00e7al\u0131\u015fanlar\u0131 ve aileleri kat\u0131ld\u0131.<\/p>\n<p>\u201c\u015eehir Hatlar\u0131 d\u00fcnyaya \u00f6rnek olan bir \u015firketimiz\u201d<\/p>\n<p>Toplu \u0130\u015f S\u00f6zle\u015fmesi imza t\u00f6reninde konu\u015fan \u0130BB Genel Sekreteri Hayri Bara\u00e7l\u0131, \u201c\u015eehir Hatlar\u0131 Y\u00fcz y\u0131la dayanan ge\u00e7mi\u015fiyle bizim en \u00f6nemli toplu ula\u015f\u0131m \u015firketlerimizden biri. Hizmet kalitesiyle de marka olmu\u015f ve d\u00fcnyaya da bir\u00e7ok \u00f6rnek projeler \u00fcretmi\u015f bir \u015firketimiz. Bizim i\u00e7in burada en \u00f6nemli unsur sendikam\u0131zla beraber ortak noktaya varabilmekti. Allah \u00fccretlerimizde bereketi ihsan etsin\u201d dedi.<\/p>\n<p>\u015eehir Hatlar\u0131\u2019n\u0131n geli\u015fimi i\u00e7in her t\u00fcrl\u00fc deste\u011fi verdiklerini kaydeden Bara\u00e7l\u0131 s\u00f6zlerini \u015f\u00f6yle s\u00fcrd\u00fcrd\u00fc: \u201c\u0130stanbul her ge\u00e7en g\u00fcn turizmi canlanan bir \u015fehir. \u015eehir Hatlar\u0131\u2019n\u0131n \u00f6nemi de h\u0131zl\u0131 bir \u015fekilde art\u0131yor. Biz de bunu g\u00f6z \u00f6n\u00fcnde bulundurarak hem filomuzla ilgili hem de \u00e7al\u0131\u015fanlar\u0131m\u0131zla ilgili geli\u015fmeleri yak\u0131ndan takip ediyoruz. Onlar\u0131n geli\u015fimine de s\u00fcrekli olarak destek veriyoruz. \u0130stanbul\u2019da 25 y\u0131ld\u0131r devam eden kesintisiz bir hizmet var. Bu anlay\u0131\u015f ve heyecanla \u00e7al\u0131\u015fmalar\u0131m\u0131z\u0131 aktif bir \u015fekilde s\u00fcrd\u00fcrece\u011fiz. \u00d6n\u00fcm\u00fczdeki s\u00fcre\u00e7te de \u0130stanbul\u2019a hizmet etmeyi Allah bizlere nasip etsin diyorum\u201d dedi.<\/p>\n<p>\u0130BB Genel Sekreter Yard\u0131mc\u0131s\u0131 Eyy\u00fcp Karahan, \u201cG\u00fczel bir \u00e7al\u0131\u015fma oldu. Hem \u0130BB b\u00fct\u00e7esini d\u00fc\u015f\u00fcnerek hem i\u015f\u00e7ilerimizin d\u00fc\u015f\u00fcnerek bir \u00e7al\u0131\u015fma i\u00e7erisinde olduk. Uyum i\u00e7erisinde bir \u00e7al\u0131\u015fma ortaya koyduk. Gayet g\u00fczel bir sonu\u00e7 ortaya \u00e7\u0131kt\u0131 diye d\u00fc\u015f\u00fcn\u00fcyorum. B\u00fct\u00fcn personelimize hay\u0131rl\u0131 olsun\u201d ifadelerini kulland\u0131.<\/p>\n<p>\u015eehir Hatlar\u0131 Genel M\u00fcd\u00fcr\u00fc Yakup G\u00fcler, \u00e7al\u0131\u015fanlar\u0131n y\u00fcz\u00fcn\u00fc g\u00fcld\u00fcrmek i\u00e7in \u00e7ok g\u00fczel bir \u00e7al\u0131\u015fma yapt\u0131klar\u0131n\u0131 kaydederek, \u201c168 y\u0131ll\u0131k bir \u015firketin temsilcileriyiz. 168 y\u0131ld\u0131r \u0130stanbul\u2019a hizmet etmenin gururunu ya\u015f\u0131yoruz. \u015eehir Hatlar\u0131 olarak siz de\u011ferli \u00e7al\u0131\u015fanlar\u0131m\u0131z\u0131n beklentilerini kar\u015f\u0131layacak \u00e7ok g\u00fczel bir \u00e7al\u0131\u015fma yapt\u0131k. Bu \u00e7al\u0131\u015fmay\u0131 yaparken hem \u015firketinizde verdi\u011finiz eme\u011fin kar\u015f\u0131l\u0131\u011f\u0131 hem bu \u015firketin temsil etti\u011fi manevi misyonun kar\u015f\u0131lanmas\u0131 hem de \u00fccret dengesizli\u011fini ortadan kald\u0131rarak i\u015f bar\u0131\u015f\u0131n\u0131n sa\u011flanmas\u0131n\u0131 \u00f6n planda tuttuk. \u0130nan\u0131yoruz ki en iyisini ortaya koyduk hay\u0131rl\u0131 olsun\u201d dedi.<\/p>\n<p>T\u00fcrkiye Denizcilik Sendikas\u0131 Ba\u015fkan\u0131 irfan Mete, \u201cB\u00f6yle bir gecede hay\u0131rl\u0131 bir i\u015fe imza atman\u0131n mutlulu\u011funu ya\u015f\u0131yoruz. \u00d6ncelikle \u00e7al\u0131\u015fanlara sonra i\u015fyerine hay\u0131rl\u0131 olsun\u201d diye konu\u015ftu.<\/p>\n<p>\u0130ki y\u0131ll\u0131k s\u00f6zle\u015fme ile \u00fccretlerde \u00f6nemli oranda art\u0131\u015f sa\u011fland\u0131<\/p>\n<p>\u0130ki y\u0131ll\u0131k s\u00fcreci kapsayan s\u00f6zle\u015fmeyle gemi ve sahada \u00e7al\u0131\u015fan personele y\u00fczde 28,04 oran\u0131nda zam uyguland\u0131. B\u00f6ylece, personel \u00fccretlerine \u00f6nemli oranda art\u0131\u015f sa\u011fland\u0131.<\/p>\n<p>\u0130mzalanan 2 y\u0131l s\u00fcreli s\u00f6zle\u015fme \u00e7er\u00e7evesinde; \u0130stanbul \u015eehir Hatlar\u0131 A.\u015e.\u2019ye ba\u011fl\u0131 gemi adamlar\u0131 ile iskele ve at\u00f6lye personelini kapsayan s\u00f6zle\u015fme, 01 Ocak 2019 &#8211; 31 Aral\u0131k 2020 tarihleri aras\u0131nda ge\u00e7erli olacak. \u0130kinci y\u0131l i\u00e7in \u00e7al\u0131\u015fanlar\u0131n maa\u015flar\u0131na enflasyon oran\u0131nda zam yans\u0131t\u0131lacak.<\/p>\n<p>Ulusal bayram ve dini bayramlar\u0131 da i\u00e7eren \u00f6zel g\u00fcnlerde fazla mesai oran\u0131 y\u00fczde 50\u2019den y\u00fczde 100\u2019e; gemi adamlar\u0131n\u0131n fazla \u00e7al\u0131\u015fma saat \u00fccretleri ise y\u00fczde 30\u2019dan y\u00fczde 40\u2019a \u00e7\u0131kar\u0131ld\u0131. \u00dccret d\u0131\u015f\u0131ndaki sosyal \u00f6demeler i\u00e7in de art\u0131\u015f sa\u011fland\u0131. Bu \u00f6demeler de s\u00f6zle\u015fmenin 2. y\u0131l\u0131nda enflasyon oran\u0131nda art\u0131r\u0131lacak.<\/p>\n","protected":false},"excerpt":{"rendered":"<p>\u0130STANBUL B\u00dcY\u00dcK\u015eEH\u0130R BELED\u0130YES\u0130 \u0130\u015eT\u0130RAK\u0130 \u015eEH\u0130R HATLARI\u2019NDA Y\u00dcZLER\u0130 G\u00dcLD\u00dcREN TOPLU \u0130\u015e S\u00d6ZLE\u015eMES\u0130\u2019NDE \u0130MZALAR ATILDI. 2 YILLIK S\u00dcREC\u0130 KAPSAYAN S\u00d6ZLE\u015eMEYLE; GEM\u0130 VE SAHADA \u00c7ALI\u015eAN PERSONELE, ORTALAMA Y\u00dcZDE 28.04 ORANINDA ZAM UYGULANDI.<\/p>\n","protected":false},"author":1,"featured_media":164916,"comment_status":"closed","ping_status":"open","sticky":false,"template":"","format":"standard","meta":{"jetpack_post_was_ever_published":false,"_jetpack_newsletter_access":"","_jetpack_dont_email_post_to_subs":false,"_jetpack_newsletter_tier_id":0,"_jetpack_memberships_contains_paywalled_content":false,"_jetpack_memberships_contains_paid_content":false,"footnotes":"","jetpack_publicize_message":"","jetpack_publicize_feature_enabled":true,"jetpack_social_post_already_shared":true,"jetpack_social_options":{"image_generator_settings":{"template":"highway","default_image_id":0,"font":"","enabled":false},"version":2}},"categories":[1],"tags":[13381,39235,21126,2892,432,553,6687,1349,8388],"class_list":["post-164915","post","type-post","status-publish","format-standard","has-post-thumbnail","hentry","category-genel","tag-gulduren","tag-hatlarinda","tag-ibb","tag-imzalandi","tag-is","tag-sehir","tag-sozlesmesi","tag-toplu","tag-yuzleri"],"jetpack_publicize_connections":[],"jetpack_featured_media_url":"https:\/\/i0.wp.com\/www.tvturk.com\/wp-content\/uploads\/2019\/06\/ibb-sehir-hatlarinda-yuzleri-gulduren-toplu-is-sozlesmesi-imzalandi_4b112a4.jpg?fit=1000%2C664","jetpack_sharing_enabled":true,"jetpack_shortlink":"https:\/\/wp.me\/paKIfm-GTV","_links":{"self":[{"href":"http:\/\/www.tvturk.com\/index.php\/wp-json\/wp\/v2\/posts\/164915","targetHints":{"allow":["GET"]}}],"collection":[{"href":"http:\/\/www.tvturk.com\/index.php\/wp-json\/wp\/v2\/posts"}],"about":[{"href":"http:\/\/www.tvturk.com\/index.php\/wp-json\/wp\/v2\/types\/post"}],"author":[{"embeddable":true,"href":"http:\/\/www.tvturk.com\/index.php\/wp-json\/wp\/v2\/users\/1"}],"replies":[{"embeddable":true,"href":"http:\/\/www.tvturk.com\/index.php\/wp-json\/wp\/v2\/comments?post=164915"}],"version-history":[{"count":0,"href":"http:\/\/www.tvturk.com\/index.php\/wp-json\/wp\/v2\/posts\/164915\/revisions"}],"wp:featuredmedia":[{"embeddable":true,"href":"http:\/\/www.tvturk.com\/index.php\/wp-json\/wp\/v2\/media\/164916"}],"wp:attachment":[{"href":"http:\/\/www.tvturk.com\/index.php\/wp-json\/wp\/v2\/media?parent=164915"}],"wp:term":[{"taxonomy":"category","embeddable":true,"href":"http:\/\/www.tvturk.com\/index.php\/wp-json\/wp\/v2\/categories?post=164915"},{"taxonomy":"post_tag","embeddable":true,"href":"http:\/\/www.tvturk.com\/index.php\/wp-json\/wp\/v2\/tags?post=164915"}],"curies":[{"name":"wp","href":"https:\/\/api.w.org\/{rel}","templated":true}]}}