{"id":164939,"date":"2019-06-01T13:44:40","date_gmt":"2019-06-01T10:44:40","guid":{"rendered":"http:\/\/www.tvturk.com\/index.php\/kedilere-mama-vereyim-derken-3-metre-yukseklikten-dusup-yaralandi\/"},"modified":"2019-06-01T13:44:40","modified_gmt":"2019-06-01T10:44:40","slug":"kedilere-mama-vereyim-derken-3-metre-yukseklikten-dusup-yaralandi","status":"publish","type":"post","link":"http:\/\/www.tvturk.com\/index.php\/kedilere-mama-vereyim-derken-3-metre-yukseklikten-dusup-yaralandi\/","title":{"rendered":"Kedilere mama vereyim derken 3 metre y\u00fckseklikten d\u00fc\u015f\u00fcp yaraland\u0131"},"content":{"rendered":"<p>Bilecik\u2019te kaps\u0131n\u0131n \u00f6n\u00fcndeki kedilere mama verirken dengesinin kaybederek 3 metre y\u00fckseklikten d\u00fc\u015fen ya\u015fl\u0131 kad\u0131n yaraland\u0131.<\/p>\n<p>Al\u0131nan bilgiye g\u00f6re, Cumhuriyet Mahallesi Cumhuriyet 1 Sokak \u00fczerinde ikamet eden Cemile T. evinin \u00f6n\u00fcndeki kedilere mama verirken dengesini kaybeden yakla\u015f\u0131k 3 metre y\u00fckseklikten kendi evinin bah\u00e7esindeki beton zemin \u00fczerine d\u00fc\u015ft\u00fc. Yaralanan Cemile T., kom\u015fular\u0131n ihbar\u0131 \u00fczerine olay yerine gelen 112 Acil Servis ekiplerince yap\u0131lan ilk m\u00fcdahalenin ard\u0131ndan Bilecik Devlet Hastanesine kald\u0131r\u0131ld\u0131.<\/p>\n<p>\u00d6te yandan yaral\u0131n\u0131n sa\u011fl\u0131k durumunun yap\u0131lacak tetkikler sonucu belirlenece\u011fini \u00f6\u011frenildi.<\/p>\n","protected":false},"excerpt":{"rendered":"<p>KED\u0130LERE MAMA VEREY\u0130M DERKEN, 3 METRE Y\u00dcKSEKL\u0130KTEN D\u00dc\u015eT\u00dc<\/p>\n","protected":false},"author":1,"featured_media":164940,"comment_status":"closed","ping_status":"open","sticky":false,"template":"","format":"standard","meta":{"jetpack_post_was_ever_published":false,"_jetpack_newsletter_access":"","_jetpack_dont_email_post_to_subs":false,"_jetpack_newsletter_tier_id":0,"_jetpack_memberships_contains_paywalled_content":false,"_jetpack_memberships_contains_paid_content":false,"footnotes":"","jetpack_publicize_message":"","jetpack_publicize_feature_enabled":true,"jetpack_social_post_already_shared":true,"jetpack_social_options":{"image_generator_settings":{"template":"highway","default_image_id":0,"font":"","enabled":false},"version":2}},"categories":[1],"tags":[27522,20410,10946,10392,7091,39242,6701,11384],"class_list":["post-164939","post","type-post","status-publish","format-standard","has-post-thumbnail","hentry","category-genel","tag-derken","tag-dusup","tag-kedilere","tag-mama","tag-metre","tag-vereyim","tag-yaralandi","tag-yukseklikten"],"jetpack_publicize_connections":[],"jetpack_featured_media_url":"https:\/\/i0.wp.com\/www.tvturk.com\/wp-content\/uploads\/2019\/06\/kedilere-mama-vereyim-derken-3-metre-yukseklikten-dusup-yaralandi_ea65a4e.jpg?fit=1000%2C562","jetpack_sharing_enabled":true,"jetpack_shortlink":"https:\/\/wp.me\/paKIfm-GUj","_links":{"self":[{"href":"http:\/\/www.tvturk.com\/index.php\/wp-json\/wp\/v2\/posts\/164939","targetHints":{"allow":["GET"]}}],"collection":[{"href":"http:\/\/www.tvturk.com\/index.php\/wp-json\/wp\/v2\/posts"}],"about":[{"href":"http:\/\/www.tvturk.com\/index.php\/wp-json\/wp\/v2\/types\/post"}],"author":[{"embeddable":true,"href":"http:\/\/www.tvturk.com\/index.php\/wp-json\/wp\/v2\/users\/1"}],"replies":[{"embeddable":true,"href":"http:\/\/www.tvturk.com\/index.php\/wp-json\/wp\/v2\/comments?post=164939"}],"version-history":[{"count":0,"href":"http:\/\/www.tvturk.com\/index.php\/wp-json\/wp\/v2\/posts\/164939\/revisions"}],"wp:featuredmedia":[{"embeddable":true,"href":"http:\/\/www.tvturk.com\/index.php\/wp-json\/wp\/v2\/media\/164940"}],"wp:attachment":[{"href":"http:\/\/www.tvturk.com\/index.php\/wp-json\/wp\/v2\/media?parent=164939"}],"wp:term":[{"taxonomy":"category","embeddable":true,"href":"http:\/\/www.tvturk.com\/index.php\/wp-json\/wp\/v2\/categories?post=164939"},{"taxonomy":"post_tag","embeddable":true,"href":"http:\/\/www.tvturk.com\/index.php\/wp-json\/wp\/v2\/tags?post=164939"}],"curies":[{"name":"wp","href":"https:\/\/api.w.org\/{rel}","templated":true}]}}