{"id":164941,"date":"2019-06-01T13:45:40","date_gmt":"2019-06-01T10:45:40","guid":{"rendered":"http:\/\/www.tvturk.com\/index.php\/ay-yildizin-altinda-dua-bulusmasi\/"},"modified":"2019-06-01T13:45:40","modified_gmt":"2019-06-01T10:45:40","slug":"ay-yildizin-altinda-dua-bulusmasi","status":"publish","type":"post","link":"http:\/\/www.tvturk.com\/index.php\/ay-yildizin-altinda-dua-bulusmasi\/","title":{"rendered":"Ay-y\u0131ld\u0131z\u0131n alt\u0131nda dua bulu\u015fmas\u0131"},"content":{"rendered":"<p>Canik Belediyesi ile Canik \u0130l\u00e7e M\u00fcft\u00fcl\u00fc\u011f\u00fcnce organize edilen Kadir Gecesi \u00f6zel program\u0131na binlerce Canikli kat\u0131larak ayn\u0131 secdede bulu\u015ftu.<\/p>\n<p>Canik Belediyesi \u00f6nc\u00fcl\u00fc\u011f\u00fcnde ger\u00e7ekle\u015ftirilen \u201cSeccadenle Gel Kadir Gecesi \u00d6zel Program\u0131\u201d binlerce vatanda\u015f\u0131 bir araya getirdi.  Kadir Gecesi\u2019nde binlerce ki\u015fi Canik Belediyesi Adnan Menderes Demokrasi Meydan\u0131\u2019nda d\u00fczenledi\u011fi programda bir araya gelerek ay-y\u0131ld\u0131z\u0131n g\u00f6lgesi alt\u0131nda bulu\u015ftu.<\/p>\n<p>Yats\u0131 ve teravih namazlar\u0131n\u0131n k\u0131l\u0131nd\u0131\u011f\u0131, Kur\u2019an-\u0131 Kerim tilavetlerinin ger\u00e7ekle\u015ftirildi\u011fi, ellerin t\u00fcm mazlumlar i\u00e7in semaya a\u00e7\u0131ld\u0131\u011f\u0131, Sakal-\u0131 \u015eerif ziyaretiyle ta\u00e7lanan gecede binlerce ki\u015fi Kadir Gecesi\u2019nin manevi iklimini hep birlikte ya\u015fad\u0131.<\/p>\n<p>Samsun Valisi Osman Kaymak, Canik Kaymakam\u0131 Mahmut Halal, AK Parti Canik \u0130l\u00e7e Ba\u015fkan\u0131 Ercan Eler ve \u0130l\u00e7e y\u00f6netimi, Milliyet\u00e7i Hareket Partisi Canik \u0130l\u00e7e Ba\u015fkan\u0131 Ahmet Ayd\u0131n ve \u0130l\u00e7e Y\u00f6netimi, AK Parti ve Milliyet\u00e7i Hareket Partisi \u0130l\u00e7e Gen\u00e7lik Kollar\u0131 ve Kad\u0131n Kollar\u0131 Ba\u015fkan ve y\u00f6netimleri, Canik Belediyesi Meclis \u00fcyeleri, muhtarlar, sivil toplum kurulu\u015flar\u0131 temsilcileri ve binlerce kad\u0131n ve erkek Canikli vatanda\u015flar\u0131n kat\u0131ld\u0131\u011f\u0131 program Canik \u0130l\u00e7e M\u00fcft\u00fcs\u00fc Ali \u00c7ebi\u2019nin sohbetiyle ba\u015flad\u0131. Ard\u0131ndan Eski Sanayii Camisi \u0130mam Hatibi Ayd\u0131n Ye\u015fil ve binlerce cemaat e\u015fli\u011finde yats\u0131 ve teravih namazlar\u0131 k\u0131l\u0131narak hep bir a\u011f\u0131zdan dualar edildi.<\/p>\n<p>Ba\u015fkan Sand\u0131k\u00e7\u0131: \u201cRabb\u2019im birli\u011fimizi dirli\u011fimizi karde\u015fli\u011fimizi daim eylesin\u201d<\/p>\n<p>Canik Adnan Menderes Demokrasi Meydan\u0131\u2019n\u0131 dolduran vatanda\u015flara seslenen Canik Belediye Ba\u015fkan\u0131 \u0130brahim Sand\u0131k\u00e7\u0131, \u201cManevi hazz\u0131n doru\u011fa ula\u015ft\u0131\u011f\u0131 b\u00f6ylesi anlaml\u0131 bir gecede ayn\u0131 secdeye ba\u015f e\u011fen t\u00fcm karde\u015flerime selam olsun. Rabb\u2019im birli\u011fimizi dirli\u011fimizi karde\u015fli\u011fimizi daim eylesin. Ramazan ay\u0131n\u0131n g\u00f6n\u00fcllerimize serpmi\u015f oldu\u011fu ferahl\u0131\u011f\u0131n doru\u011fa \u00e7\u0131kmaya ba\u015flad\u0131\u011f\u0131 bir geceye ula\u015ft\u0131k Elhamd\u00fclillah. Bu feyizli, bereketli, bin aydan daha hay\u0131rl\u0131 bir geceye bizleri eri\u015ftirdi\u011finden dolay\u0131 Y\u00fcce Rabb\u2019imize hamd\u00fcsenada bulunuyor, onun Habibine, Efendimiz Hz. Muhammed Mustafa\u2019ya salat ve selamda bulunuyoruz. Rabb\u2019im; \u2018Faziletine inanarak ve kar\u015f\u0131l\u0131\u011f\u0131n\u0131 Allah\u2019tan bekleyerek Kadir Gecesi\u2019ni de\u011ferlendiren ki\u015finin ge\u00e7mi\u015f g\u00fcnahlar\u0131 ba\u011f\u0131\u015flan\u0131r\u2019 Hadis-i \u015eerifine mazhar olmam\u0131z\u0131 l\u00fctfeylesin. Rabb\u2019imiz, Kadir Gecesi\u2019nin ve bu m\u00fcbarek g\u00fcnlerin h\u00fcrmetine hatalar\u0131m\u0131z\u0131, yanl\u0131\u015flar\u0131m\u0131z\u0131 ve g\u00fcnahlar\u0131m\u0131z\u0131 affeylesin.  Bayram sabah\u0131na hay\u0131rlar i\u00e7erisinde, sevdiklerimizle beraber ula\u015fmay\u0131 g\u00fczel bir bayram ge\u00e7irmeyi bizlere nasip etsin. Kadir Gecenizi tebrik ediyor, Milletimiz ve t\u00fcm \u0130slam \u00e2lemi i\u00e7in hay\u0131rlar getirmesini Y\u00fcce Rabb\u2019imden niyaz ediyorum\u201d dedi.<\/p>\n<p>Gecede s\u00f6z alan Samsun Valisi Osman Kaymak ise, &#8220;Gecelerin sultan\u0131 Kadir Gecesi\u2019nde binlerce hem\u015fehrimizle bizleri bulu\u015fturdu\u011fu ve bu geceyi ruhuna uygun bir \u015fekilde ya\u015famam\u0131za vesile oldu\u011fu i\u00e7in Canik Belediye Ba\u015fkan\u0131m\u0131za te\u015fekk\u00fcr ediyorum. Ramazan ay\u0131m\u0131z\u0131 ger\u00e7ekten huzurlu ge\u00e7irdik. Bu ay\u0131 huzurlu bir \u015fekilde ge\u00e7irmemizi sa\u011flayan g\u00fcvenlik g\u00fc\u00e7lerimize askerimize polisimize te\u015fekk\u00fcr ediyorum. Bu vesile ile \u015fehitlerimize Allah\u2019tan rahmet diliyorum. Bu gece hepimiz i\u00e7in g\u00fcnahlar\u0131m\u0131zdan ar\u0131nmam\u0131za vesile olur in\u015fallah&#8221; diyerek alan\u0131 dolduran vatanda\u015flara kat\u0131l\u0131mlar\u0131ndan dolay\u0131 te\u015fekk\u00fcr etti.<\/p>\n<p>Belediye taraf\u0131ndan \u00fccretsiz ikramlar\u0131n yap\u0131ld\u0131\u011f\u0131 programda, Kalkanc\u0131 Kuran Kursu \u00f6\u011frencisi Kur\u2019an-\u0131 Kerim okuma yar\u0131\u015fmas\u0131 T\u00fcrkiye birincisi haf\u0131z Mustafa \u00d6zt\u00fcrk, Canik M\u00fcft\u00fcl\u00fc\u011f\u00fc Murak\u0131b\u0131 Ethem Ayd\u0131n, Kur\u2019an-\u0131 Kerim G\u00fczel Okuma Yar\u0131\u015fmas\u0131 T\u00fcrkiye Birincisi Haf\u0131z Mustafa \u00d6zy\u0131lmaz\u2019\u0131n Kur\u2019an-\u0131 Kerim tilavetleri meydan\u0131 dolduran vatanda\u015flar\u0131n g\u00f6n\u00fcllerini \u015fenlendirdi.<\/p>\n<p>Program\u0131n sonunda alana getirilen Hazreti Peygamber\u2019in Sakal-\u0131 \u015eerif\u2019i b\u00fcy\u00fck ilgi g\u00f6rd\u00fc ve bu b\u00fcy\u00fck bulu\u015fma salavat\u0131 \u015ferifler e\u015fli\u011finde sonland\u0131.<\/p>\n","protected":false},"excerpt":{"rendered":"<p>HAZRET\u0130 PEYGAMBER\u2019\u0130N SAKAL-I \u015eER\u0130F\u2019\u0130 B\u00dcY\u00dcK \u0130LG\u0130 G\u00d6RD\u00dc VE BU B\u00dcY\u00dcK BULU\u015eMA SALAVATI \u015eER\u0130FLER E\u015eL\u0130\u011e\u0130NDE SONLANDI.<\/p>\n","protected":false},"author":1,"featured_media":164942,"comment_status":"closed","ping_status":"open","sticky":false,"template":"","format":"standard","meta":{"jetpack_post_was_ever_published":false,"_jetpack_newsletter_access":"","_jetpack_dont_email_post_to_subs":false,"_jetpack_newsletter_tier_id":0,"_jetpack_memberships_contains_paywalled_content":false,"_jetpack_memberships_contains_paid_content":false,"footnotes":"","jetpack_publicize_message":"","jetpack_publicize_feature_enabled":true,"jetpack_social_post_already_shared":true,"jetpack_social_options":{"image_generator_settings":{"template":"highway","default_image_id":0,"font":"","enabled":false},"version":2}},"categories":[1],"tags":[3114,39243,8164,7402],"class_list":["post-164941","post","type-post","status-publish","format-standard","has-post-thumbnail","hentry","category-genel","tag-altinda","tag-ay-yildizin","tag-bulusmasi","tag-dua"],"jetpack_publicize_connections":[],"jetpack_featured_media_url":"https:\/\/i0.wp.com\/www.tvturk.com\/wp-content\/uploads\/2019\/06\/ay-yildizin-altinda-dua-bulusmasi_80d4df4.jpg?fit=1000%2C605","jetpack_sharing_enabled":true,"jetpack_shortlink":"https:\/\/wp.me\/paKIfm-GUl","_links":{"self":[{"href":"http:\/\/www.tvturk.com\/index.php\/wp-json\/wp\/v2\/posts\/164941","targetHints":{"allow":["GET"]}}],"collection":[{"href":"http:\/\/www.tvturk.com\/index.php\/wp-json\/wp\/v2\/posts"}],"about":[{"href":"http:\/\/www.tvturk.com\/index.php\/wp-json\/wp\/v2\/types\/post"}],"author":[{"embeddable":true,"href":"http:\/\/www.tvturk.com\/index.php\/wp-json\/wp\/v2\/users\/1"}],"replies":[{"embeddable":true,"href":"http:\/\/www.tvturk.com\/index.php\/wp-json\/wp\/v2\/comments?post=164941"}],"version-history":[{"count":0,"href":"http:\/\/www.tvturk.com\/index.php\/wp-json\/wp\/v2\/posts\/164941\/revisions"}],"wp:featuredmedia":[{"embeddable":true,"href":"http:\/\/www.tvturk.com\/index.php\/wp-json\/wp\/v2\/media\/164942"}],"wp:attachment":[{"href":"http:\/\/www.tvturk.com\/index.php\/wp-json\/wp\/v2\/media?parent=164941"}],"wp:term":[{"taxonomy":"category","embeddable":true,"href":"http:\/\/www.tvturk.com\/index.php\/wp-json\/wp\/v2\/categories?post=164941"},{"taxonomy":"post_tag","embeddable":true,"href":"http:\/\/www.tvturk.com\/index.php\/wp-json\/wp\/v2\/tags?post=164941"}],"curies":[{"name":"wp","href":"https:\/\/api.w.org\/{rel}","templated":true}]}}