{"id":164949,"date":"2019-06-01T13:53:35","date_gmt":"2019-06-01T10:53:35","guid":{"rendered":"http:\/\/www.tvturk.com\/index.php\/bu-kez-boga-guresi-izlemek-icin-degil-cop-toplamak-icin-ciktilar\/"},"modified":"2019-06-01T13:53:35","modified_gmt":"2019-06-01T10:53:35","slug":"bu-kez-boga-guresi-izlemek-icin-degil-cop-toplamak-icin-ciktilar","status":"publish","type":"post","link":"http:\/\/www.tvturk.com\/index.php\/bu-kez-boga-guresi-izlemek-icin-degil-cop-toplamak-icin-ciktilar\/","title":{"rendered":"Bu kez bo\u011fa g\u00fcre\u015fi izlemek i\u00e7in de\u011fil \u00e7\u00f6p toplamak i\u00e7in \u00e7\u0131kt\u0131lar"},"content":{"rendered":"<p>Artvin\u2019de her y\u0131l geleneksel olarak bo\u011fa g\u00fcre\u015fleri festivalinin yap\u0131ld\u0131\u011f\u0131 Kafkas\u00f6r Yaylas\u0131\u2019na y\u00f6re insan\u0131 bu kez at\u0131lan \u00e7\u00f6pleri toplamak i\u00e7in \u00e7\u0131kt\u0131.<\/p>\n<p>Artvin Belediyesi organizasyonunda \u00e7ok say\u0131da g\u00f6n\u00fcll\u00fc vatanda\u015f ellerine ald\u0131klar\u0131 \u00e7\u00f6p po\u015fetleriyle bin 200 rak\u0131ml\u0131 Kafkas\u00f6r Yaylas\u0131\u2019na \u00e7\u0131karak yaylay\u0131 kirleten \u00e7\u00f6pleri temizlediler. CHP Artvin Milletvekili U\u011fur Bayraktutan, Belediye Ba\u015fkan\u0131 Demirhan El\u00e7in, Ye\u015fil Artvin Dernek Ba\u015fkan\u0131 Nur Ne\u015fe Karahan\u2019\u0131n da kat\u0131ld\u0131\u011f\u0131 etkinlikte mesire ve piknik alanlar\u0131na at\u0131lan \u00e7\u00f6pler tek tek topland\u0131.<\/p>\n<p>\u00c7\u00f6p po\u015fetini eline alarak yayladaki \u00e7\u00f6pleri toplayan CHP Artvin Milletvekili U\u011fur Bayraktutan, \u201cArtvinliler \u00e7evresine, do\u011fas\u0131na, suyuna sahip \u00e7\u0131kan insanlard\u0131r. Bug\u00fcn burada sembolik bir etkinlik g\u00f6r\u00fcnse de asl\u0131nda \u00f6nemli bir fark\u0131ndal\u0131kt\u0131r. Temiz ya\u015fanabilir bir kentte, suyu i\u00e7ilebilir bir kentte, do\u011fa tehdidi olmayan gelecek kayg\u0131s\u0131 ya\u015famad\u0131\u011f\u0131m\u0131z Artvinlinin temiz ve karde\u015flik i\u00e7inde ya\u015fad\u0131\u011f\u0131 bir kent \u00f6zlemi i\u00e7inde olaca\u011f\u0131z. Bu etkinli\u011fe eme\u011fi ge\u00e7enleri kutluyorum ve diyorum ki Artvin sonsuza kadar ye\u015fil kals\u0131n \u00e7evresi temiz kals\u0131n\u201d dedi.<\/p>\n<p>Artvin Belediye Ba\u015fkan\u0131 Demirhan El\u00e7in ise yapt\u0131\u011f\u0131 a\u00e7\u0131klamada &#8220;Artvin\u2019in sembol\u00fc olan bo\u011fa g\u00fcre\u015fleri her y\u0131l Kafkas\u00f6r Yaylas\u0131\u2019nda d\u00fczenliyoruz. \u0130nsanlar\u0131n do\u011faya kar\u015f\u0131 duyarl\u0131 olmas\u0131 i\u00e7in b\u00f6yle bir fark\u0131ndal\u0131k olu\u015fturmak istedik. Bu nedenle Artvin halk\u0131n\u0131n en hassas b\u00f6lgesi olan Kafkas\u00f6r Yaylas\u0131\u2019ndan ba\u015flamak istedik. Halk\u0131m\u0131zda birlikte bu g\u00fczelim do\u011faya atlan \u00e7\u00f6pleri birlikte topluyoruz. \u0130lk olarak Kafkas\u00f6r yaylas\u0131ndan ba\u015flad\u0131k, di\u011fer alanlara ve \u015fehrin i\u00e7inde de b\u00f6yle bir etkinlik yapaca\u011f\u0131z. Katk\u0131 sa\u011flayan herkese te\u015fekk\u00fcr ediyorum\u201d diye konu\u015ftu.<\/p>\n","protected":false},"excerpt":{"rendered":"<p>RTV\u0130N\u2019DE HER YIL GELENEKSEL OLARAK D\u00dcZENLENEN BO\u011eA G\u00dcRE\u015eLER\u0130 FEST\u0130VAL\u0130N\u0130N YAPILDI\u011eI KAFKAS\u00d6R YAYLASINA, VATANDA\u015eLAR BU KEZ ATILAN \u00c7\u00d6PLER\u0130 TOPLAMAK \u0130\u00c7\u0130N \u00c7IKTI.<\/p>\n","protected":false},"author":1,"featured_media":164950,"comment_status":"closed","ping_status":"open","sticky":false,"template":"","format":"standard","meta":{"jetpack_post_was_ever_published":false,"_jetpack_newsletter_access":"","_jetpack_dont_email_post_to_subs":false,"_jetpack_newsletter_tier_id":0,"_jetpack_memberships_contains_paywalled_content":false,"_jetpack_memberships_contains_paid_content":false,"footnotes":"","jetpack_publicize_message":"","jetpack_publicize_feature_enabled":true,"jetpack_social_post_already_shared":true,"jetpack_social_options":{"image_generator_settings":{"template":"highway","default_image_id":0,"font":"","enabled":false},"version":2}},"categories":[1],"tags":[30144,2238,5448,2039,5658,44,34255,1497,15380],"class_list":["post-164949","post","type-post","status-publish","format-standard","has-post-thumbnail","hentry","category-genel","tag-boga","tag-ciktilar","tag-cop","tag-degil","tag-guresi","tag-icin","tag-izlemek","tag-kez","tag-toplamak"],"jetpack_publicize_connections":[],"jetpack_featured_media_url":"https:\/\/i0.wp.com\/www.tvturk.com\/wp-content\/uploads\/2019\/06\/bu-kez-boga-guresi-izlemek-icin-degil-cop-toplamak-icin-ciktilar_3670e18.jpg?fit=1000%2C666","jetpack_sharing_enabled":true,"jetpack_shortlink":"https:\/\/wp.me\/paKIfm-GUt","_links":{"self":[{"href":"http:\/\/www.tvturk.com\/index.php\/wp-json\/wp\/v2\/posts\/164949","targetHints":{"allow":["GET"]}}],"collection":[{"href":"http:\/\/www.tvturk.com\/index.php\/wp-json\/wp\/v2\/posts"}],"about":[{"href":"http:\/\/www.tvturk.com\/index.php\/wp-json\/wp\/v2\/types\/post"}],"author":[{"embeddable":true,"href":"http:\/\/www.tvturk.com\/index.php\/wp-json\/wp\/v2\/users\/1"}],"replies":[{"embeddable":true,"href":"http:\/\/www.tvturk.com\/index.php\/wp-json\/wp\/v2\/comments?post=164949"}],"version-history":[{"count":0,"href":"http:\/\/www.tvturk.com\/index.php\/wp-json\/wp\/v2\/posts\/164949\/revisions"}],"wp:featuredmedia":[{"embeddable":true,"href":"http:\/\/www.tvturk.com\/index.php\/wp-json\/wp\/v2\/media\/164950"}],"wp:attachment":[{"href":"http:\/\/www.tvturk.com\/index.php\/wp-json\/wp\/v2\/media?parent=164949"}],"wp:term":[{"taxonomy":"category","embeddable":true,"href":"http:\/\/www.tvturk.com\/index.php\/wp-json\/wp\/v2\/categories?post=164949"},{"taxonomy":"post_tag","embeddable":true,"href":"http:\/\/www.tvturk.com\/index.php\/wp-json\/wp\/v2\/tags?post=164949"}],"curies":[{"name":"wp","href":"https:\/\/api.w.org\/{rel}","templated":true}]}}