{"id":164957,"date":"2019-06-01T14:13:23","date_gmt":"2019-06-01T11:13:23","guid":{"rendered":"http:\/\/www.tvturk.com\/index.php\/tidenin-akademik-farkindalik-odulu-omunun\/"},"modified":"2019-06-01T14:13:23","modified_gmt":"2019-06-01T11:13:23","slug":"tidenin-akademik-farkindalik-odulu-omunun","status":"publish","type":"post","link":"http:\/\/www.tvturk.com\/index.php\/tidenin-akademik-farkindalik-odulu-omunun\/","title":{"rendered":"T\u0130DE\u2019nin \u201cAkademik Fark\u0131ndal\u0131k \u00d6d\u00fcl\u00fc\u201d OM\u00dc\u2019n\u00fcn"},"content":{"rendered":"<p>T\u00fcrkiye \u0130\u00e7 Denetim Enstit\u00fcs\u00fcn\u00fcn (T\u0130DE) \u2019Akademik Fark\u0131ndal\u0131k \u00d6d\u00fcl\u00fc\u2019ne bu y\u0131l Ondokuz May\u0131s \u00dcniversitesi (OM\u00dc) lay\u0131k g\u00f6r\u00fcld\u00fc.<\/p>\n<p>\u0130\u00e7 denetim mesle\u011fine g\u00f6n\u00fcl vermi\u015f meslek mensuplar\u0131n\u0131n, mesle\u011fin geli\u015fimi, tan\u0131t\u0131m\u0131 konusunda yapt\u0131\u011f\u0131 g\u00f6n\u00fcll\u00fc \u00e7al\u0131\u015fmalar\u0131n \u00f6d\u00fcllendirildi\u011fi; \u201cAkademik Fark\u0131ndal\u0131k \u00d6d\u00fcl\u00fc\u201dn\u00fcn sahibi ger\u00e7ekle\u015ftirdikleri katk\u0131lar nedeniyle \u201cOndokuz May\u0131s \u00dcniversitesi\u201d (OM\u00dc) oldu. \u0130stanbul\u2019da Rahmi Ko\u00e7 M\u00fczesi\u2019nde d\u00fczenlenen t\u00f6rende OM\u00dc ad\u0131na \u00f6d\u00fcl\u00fc Rekt\u00f6r Yard\u0131mc\u0131s\u0131 Prof. Dr. Mehmet Kuran ald\u0131.<\/p>\n<p>T\u00fcrkiye \u0130\u00e7 Denetim Enstit\u00fcs\u00fc taraf\u0131ndan t\u00fcm d\u00fcnyada \u2018\u0130\u00e7 Denetimde Fark\u0131ndal\u0131k Ay\u0131\u2019 olarak kutlanan May\u0131s ay\u0131 etkinlikleri kapsam\u0131nda, \u2018\u0130\u00e7 Denetim Fark\u0131ndal\u0131k \u00d6d\u00fcl T\u00f6reni\u2019 ger\u00e7ekle\u015ftirildi. Bu y\u0131l 9\u2019uncusu d\u00fczenlenen t\u00f6rende, mesleki fark\u0131ndal\u0131\u011f\u0131n geli\u015fimi ve yayg\u0131nla\u015fmas\u0131na katk\u0131da bulunan kurum ve ki\u015filer ile toplumsal alanda fark yaratanlara y\u00f6nelik verilen toplam 6 kategorideki \u00f6d\u00fcl sahipleriyle ulu\u015ftu.<\/p>\n<p>\u0130\u015f ve akademi d\u00fcnyas\u0131na y\u00f6n veren isimlerin bir araya geldi\u011fi t\u00f6rende; i\u00e7 denetim mesle\u011fi ve T\u0130DE i\u00e7in ola\u011fan\u00fcst\u00fc ba\u015far\u0131 g\u00f6steren, ya\u015fam\u0131n\u0131 i\u00e7 denetim mesle\u011finin geli\u015fimine adam\u0131\u015f, ulusal veya uluslararas\u0131 \u00e7apta i\u00e7 denetim mesle\u011finin uygulamas\u0131na katk\u0131 sa\u011flayan, T\u0130DE ve i\u00e7 denetim fark\u0131ndal\u0131\u011f\u0131n\u0131n geli\u015fmesine \u00f6nc\u00fc olan ki\u015fi ve kurumlar\u0131n te\u015fvik ve takdir edilmesi ama\u00e7lan\u0131yor.<\/p>\n<p>&#8220;Kurumsal Fark\u0131ndal\u0131k&#8221; kategorisinde; \u0130\u00e7 Denetim Kalite G\u00fcvence D\u0131\u015f De\u011ferlendirmesi\u201dni ba\u015far\u0131 ile tamamlayan kurumlar olarak \u00f6d\u00fcllendirilen \u015firketler, \u201cEnerjisa Elektrik Da\u011f\u0131t\u0131m\u201d, \u201cEnerjisa \u00dcretim Santralleri\u201d ve \u201cSOCAR Turkey Enerji\u201d oldu. \u201cMesleki Tan\u0131t\u0131m Faaliyetleri Fark\u0131ndal\u0131\u011f\u0131 \u00d6d\u00fcl\u00fc\u201d; i\u00e7 denetim faaliyetlerinin tan\u0131t\u0131m\u0131 ve yayg\u0131nla\u015fmas\u0131nda sa\u011flad\u0131klar\u0131 destekler nedeniyle \u201cDeniz bank\u201d, \u201cKordsa\u201d ve \u201cKayseri \u015eeker Fabrikas\u0131\u201d kurumlar\u0131 lay\u0131k g\u00f6r\u00fcld\u00fc. \u201cS\u00fcrekli Mesleki Geli\u015fim Fark\u0131ndal\u0131\u011f\u0131 \u00d6d\u00fcl\u00fc\u201d; i\u00e7 denetim mesle\u011finin ihtiyac\u0131 olan i\u015f g\u00fcc\u00fcn\u00fcn yarat\u0131lmas\u0131nda \u00e7al\u0131\u015fmalar ger\u00e7ekle\u015ftiren \u201cT\u00fcrkiye Vak\u0131flar Bankas\u0131\u201dna verilirken, \u201cSertifikasyon Fark\u0131ndal\u0131\u011f\u0131 \u00d6d\u00fcl\u00fc\u201dne ise i\u00e7 denetimin uluslararas\u0131 standartlar \u00e7er\u00e7evesinde y\u00fcr\u00fct\u00fclmesi amac\u0131yla \u2018\u0130\u00e7 Denet\u00e7i Sertifikasyonu\u2019na verdi\u011fi \u00f6nem ile \u201cDenizbank\u201d sahip oldu.<\/p>\n<p>\u00d6d\u00fcl\u00fc Mehmet Kuran ald\u0131<\/p>\n<p>\u0130\u00e7 denetim mesle\u011fine g\u00f6n\u00fcl vermi\u015f meslek mensuplar\u0131n\u0131n, mesle\u011fin geli\u015fimi, tan\u0131t\u0131m\u0131 konusunda yapt\u0131\u011f\u0131 g\u00f6n\u00fcll\u00fc \u00e7al\u0131\u015fmalar\u0131n \u00f6d\u00fcllendirildi\u011fi; &#8220;Bireysel Fark\u0131ndal\u0131k&#8221; dal\u0131nda \u00f6d\u00fcle \u201c\u0130brahim \u00d6z\u0131\u015f\u0131k\u201d lay\u0131k g\u00f6r\u00fcl\u00fcrken, \u201cAkademik Fark\u0131ndal\u0131k \u00d6d\u00fcl\u00fc\u201d n\u00fcn sahibi ger\u00e7ekle\u015ftirdikleri katk\u0131lar nedeniyle \u201cOndokuz May\u0131s \u00dcniversitesi\u201d oldu. T\u00f6rende OM\u00dc ad\u0131na \u00f6d\u00fcl\u00fc Rekt\u00f6r Yard\u0131mc\u0131s\u0131 Prof. Dr. Mehmet Kuran ald\u0131. &#8220;Toplumsal Fark\u0131ndal\u0131k&#8221; \u00f6d\u00fcl\u00fcne, Gelecek Zirvesi kapsam\u0131nda T\u00fcrkiye\u2019nin \u00e7e\u015fitli illerinden gelen 100 \u00fcniversite \u00f6\u011frencisinin akademisyenler ve meslekta\u015flar\u0131m\u0131zla birlikte Band\u0131rma Vapuru rotas\u0131n\u0131 izleyerek iki gece \u00fc\u00e7 g\u00fcn s\u00fcren deniz yolculu\u011fu ile Samsun\u2019a g\u00f6t\u00fcr\u00fclmesine verdikleri destek ve de\u011ferli ev sahiplikleri dolay\u0131s\u0131yla \u201cT\u00fcrk Deniz Kuvvetleri Komutanl\u0131\u011f\u0131\u201d, ula\u015f\u0131mda verdikleri destek nedeniyle \u201cPegasus Hava Yollar\u0131\u201d \u00f6d\u00fcle lay\u0131k g\u00f6r\u00fcld\u00fc. May\u0131s 1919\u2019un 100. y\u0131l d\u00f6n\u00fcm\u00fc vesilesi ile T\u00fcrkiye \u00e7ap\u0131nda Mustafa Kemal m\u00fczikal belgesel \u00e7al\u0131\u015fmalar\u0131 ve T\u0130DE Gelecek Zirvesi 2019\u2019a verdi\u011fi g\u00f6n\u00fcll\u00fc destek nedeniyle, \u201cP\u0131nar Ayhan\u201d \u201cToplumsal Fark\u0131ndal\u0131k\u201d \u00f6d\u00fcl\u00fcne lay\u0131k g\u00f6r\u00fcld\u00fc.<\/p>\n<p>Gecenin sonunda, T\u0130DE\u2019nin kurumsal geli\u015fimine \u00f6nemli katk\u0131lar sa\u011flam\u0131\u015f ve mesleki geli\u015fim ile ilgili konularda \u00fcst\u00fcn ba\u015far\u0131 g\u00f6stermi\u015f kurum ve ki\u015filere \u00f6zverili \u00e7al\u0131\u015fmalar\u0131 nedeniyle verilen \u201cT\u0130DE \u00d6zel \u00d6d\u00fcl\u00fc\u201dn\u00fcn sahipleri \u201cTar\u0131m ve Orman Bakanl\u0131\u011f\u0131\u201d, \u201cDo\u00e7. Dr. Erdal Y\u0131lmaz\u201d ve \u201c19 May\u0131s Lisesi Hava Merasim B\u00f6l\u00fc\u011f\u00fc\u201d oldu. \u0130\u00e7 denetim mesle\u011finin geli\u015fmesi i\u00e7in \u00f6rnek al\u0131nabilecek katk\u0131lar sunan ve T\u0130DE ile meslek fark\u0131ndal\u0131\u011f\u0131n\u0131n geli\u015ftirilmesine hizmet eden ki\u015filere takdim edilen &#8220;Ali Kamil Uzun Ya\u015fam Boyu Meslek \u00dcst\u00fcn Hizmet \u00d6d\u00fcl\u00fc&#8221;ne ise bu sene \u201cB\u00fclent Yurdalan\u201d lay\u0131k g\u00f6r\u00fcld\u00fc.<\/p>\n","protected":false},"excerpt":{"rendered":"<p>T\u00dcRK\u0130YE \u0130\u00c7 DENET\u0130M ENST\u0130T\u00dcS\u00dcN\u00dcN (T\u0130DE) \u201cAKADEM\u0130K FARKINDALIK \u00d6D\u00dcL\u00dc\u201dNE BU YIL ONDOKUZ MAYIS \u00dcN\u0130VERS\u0130TES\u0130(OM\u00dc) LAYIK G\u00d6R\u00dcLD\u00dc. \u0130\u00c7 DENET\u0130M MESLE\u011e\u0130NE G\u00d6N\u00dcL VERM\u0130\u015e MESLEK MENSUPLARININ, MESLE\u011e\u0130N GEL\u0130\u015e\u0130M\u0130, TANITIMI KONUSUNDA YAPTI\u011eI G\u00d6N\u00dcLL\u00dc \u00c7ALI\u015eMALARIN \u00d6D\u00dcLLEND\u0130R\u0130LD\u0130\u011e\u0130; \u201cAKADEM\u0130K FARKINDALIK \u00d6D\u00dcL\u00dc\u201dN\u00dcN SAH\u0130B\u0130 GER\u00c7EKLE\u015eT\u0130RD\u0130KLER\u0130 KATKILAR NEDEN\u0130YLE \u201cONDOKUZ MAYIS \u00dcN\u0130VERS\u0130TES\u0130\u201d (OM\u00dc) OLDU. \u0130STANBUL&#8217;DA RAHM\u0130 KO\u00c7 M\u00dcZES\u0130\u2019NDE D\u00dcZENLENEN T\u00d6RENDE OM\u00dc ADINA \u00d6D\u00dcL\u00dc REKT\u00d6R YARDIMCISI PROF. DR. MEHMET KURAN ALDI.<\/p>\n","protected":false},"author":1,"featured_media":164958,"comment_status":"closed","ping_status":"open","sticky":false,"template":"","format":"standard","meta":{"jetpack_post_was_ever_published":false,"_jetpack_newsletter_access":"","_jetpack_dont_email_post_to_subs":false,"_jetpack_newsletter_tier_id":0,"_jetpack_memberships_contains_paywalled_content":false,"_jetpack_memberships_contains_paid_content":false,"footnotes":"","jetpack_publicize_message":"","jetpack_publicize_feature_enabled":true,"jetpack_social_post_already_shared":true,"jetpack_social_options":{"image_generator_settings":{"template":"highway","default_image_id":0,"font":"","enabled":false},"version":2}},"categories":[1],"tags":[10673,2326,1553,39245,39244],"class_list":["post-164957","post","type-post","status-publish","format-standard","has-post-thumbnail","hentry","category-genel","tag-akademik","tag-farkindalik","tag-odulu","tag-omunun","tag-tidenin"],"jetpack_publicize_connections":[],"jetpack_featured_media_url":"https:\/\/i0.wp.com\/www.tvturk.com\/wp-content\/uploads\/2019\/06\/tidenin-akademik-farkindalik-odulu-omunun_9677a59.jpg?fit=640%2C428","jetpack_sharing_enabled":true,"jetpack_shortlink":"https:\/\/wp.me\/paKIfm-GUB","_links":{"self":[{"href":"http:\/\/www.tvturk.com\/index.php\/wp-json\/wp\/v2\/posts\/164957","targetHints":{"allow":["GET"]}}],"collection":[{"href":"http:\/\/www.tvturk.com\/index.php\/wp-json\/wp\/v2\/posts"}],"about":[{"href":"http:\/\/www.tvturk.com\/index.php\/wp-json\/wp\/v2\/types\/post"}],"author":[{"embeddable":true,"href":"http:\/\/www.tvturk.com\/index.php\/wp-json\/wp\/v2\/users\/1"}],"replies":[{"embeddable":true,"href":"http:\/\/www.tvturk.com\/index.php\/wp-json\/wp\/v2\/comments?post=164957"}],"version-history":[{"count":0,"href":"http:\/\/www.tvturk.com\/index.php\/wp-json\/wp\/v2\/posts\/164957\/revisions"}],"wp:featuredmedia":[{"embeddable":true,"href":"http:\/\/www.tvturk.com\/index.php\/wp-json\/wp\/v2\/media\/164958"}],"wp:attachment":[{"href":"http:\/\/www.tvturk.com\/index.php\/wp-json\/wp\/v2\/media?parent=164957"}],"wp:term":[{"taxonomy":"category","embeddable":true,"href":"http:\/\/www.tvturk.com\/index.php\/wp-json\/wp\/v2\/categories?post=164957"},{"taxonomy":"post_tag","embeddable":true,"href":"http:\/\/www.tvturk.com\/index.php\/wp-json\/wp\/v2\/tags?post=164957"}],"curies":[{"name":"wp","href":"https:\/\/api.w.org\/{rel}","templated":true}]}}