{"id":164979,"date":"2019-06-01T14:25:16","date_gmt":"2019-06-01T11:25:16","guid":{"rendered":"http:\/\/www.tvturk.com\/index.php\/izmirde-kadin-soforler-donemi-basliyor\/"},"modified":"2019-06-01T14:25:16","modified_gmt":"2019-06-01T11:25:16","slug":"izmirde-kadin-soforler-donemi-basliyor","status":"publish","type":"post","link":"http:\/\/www.tvturk.com\/index.php\/izmirde-kadin-soforler-donemi-basliyor\/","title":{"rendered":"\u0130zmir\u2019de \u2019kad\u0131n \u015fof\u00f6rler\u2019 d\u00f6nemi ba\u015fl\u0131yor"},"content":{"rendered":"<p>\u0130zmir B\u00fcy\u00fck\u015fehir Belediyesi toplu ula\u015f\u0131mda yeni bir devrime haz\u0131rlan\u0131yor. Ba\u015fkan Tun\u00e7 Soyer\u2019in ESHOT ziyaretinde dile getirdi\u011fi otob\u00fcslerin direksiyonunda kad\u0131n \u015fof\u00f6rlerin de bulunmas\u0131 y\u00f6n\u00fcndeki talimat\u0131 \u00fczerine harekete ge\u00e7ildi. B\u00fcy\u00fck\u015fehir Belediyesi gereken \u015fartlar\u0131 ta\u015f\u0131yan 100 kad\u0131n otob\u00fcs \u015fof\u00f6r\u00fc ar\u0131yor.<\/p>\n<p>\u0130zmir B\u00fcy\u00fck\u015fehir Belediye Ba\u015fkan\u0131 Tun\u00e7 Soyer, toplu ula\u015f\u0131ma y\u00f6nelik projelerine bir yenisini daha ekledi. Ge\u00e7ti\u011fimiz haftalarda ESHOT Genel M\u00fcd\u00fcrl\u00fc\u011f\u00fc\u2019ne yapt\u0131\u011f\u0131 ziyarette personelle bir araya gelen Soyer, kurum olarak \u00e7ok zorlu bir g\u00f6revi ba\u015far\u0131yla yerine getiren ESHOT\u2019un tek eksi\u011finin kad\u0131n \u015fof\u00f6rler oldu\u011funu dile getirmi\u015fti. Toplu ta\u015f\u0131ma ara\u00e7lar\u0131n\u0131n direksiyonunda kad\u0131nlar\u0131n bulunmas\u0131n\u0131n vatanda\u015fla olan ili\u015fkilere olumlu yans\u0131yaca\u011f\u0131n\u0131 dile getiren Ba\u015fkan Soyer\u2019in bu talimat\u0131 \u015fimdi hayata ge\u00e7iriliyor. ESHOT Genel M\u00fcd\u00fcrl\u00fc\u011f\u00fc, belediyenin \u0130ZELMAN \u015firketi arac\u0131l\u0131\u011f\u0131yla gerekli \u015fartlar\u0131 ta\u015f\u0131yan 100 kad\u0131n \u015fof\u00f6r istihdam etmek i\u00e7in \u0130\u015eKUR\u2019a ba\u015fvuru yapt\u0131.<\/p>\n<p>Son ba\u015fvuru tarihi 11 Haziran<\/p>\n<p>T\u00fcrkiye \u0130\u015f Kurumu\u2019nun web sitesinde (www.iskur.gov.tr) yay\u0131nlanan i\u015f ilan\u0131na g\u00f6re 40 ya\u015f\u0131ndan g\u00fcn almam\u0131\u015f, en az ilk\u00f6\u011fretim mezunu D s\u0131n\u0131f\u0131 veya 2016\u2019dan \u00f6nce al\u0131nm\u0131\u015f E s\u0131n\u0131f\u0131 s\u00fcr\u00fcc\u00fc belgesine sahip adaylar de\u011ferlendirmeye al\u0131nacak. \u00d6ncelikli olarak adaylardan en az 1 y\u0131l deneyime sahip olanlar istihdam edilecek. Ayr\u0131ca, 1 y\u0131ll\u0131k deneyime sahip olmayan adaylar i\u00e7in ise \u0130\u015eKUR\u2019un \u201c\u0130\u015fba\u015f\u0131 E\u011fitim Program\u0131\u201d ba\u015far\u0131 ile tamamlayan adaylar\u0131n istihdam\u0131 sa\u011flanacak.<\/p>\n<p>1 Haziran\u2019da ba\u015flay\u0131p, 11 Haziran\u2019da son bulacak ba\u015fvurular sadece mail yolu ile (personel@izelman.com.tr) adresinden yap\u0131labilecek.<\/p>\n","protected":false},"excerpt":{"rendered":"<p>ESHOT GENEL M\u00dcD\u00dcRL\u00dc\u011e\u00dc&#8217;NE YAPTI\u011eI Z\u0130YARETTE PERSONELLE B\u0130R ARAYA GELEN SOYER, KURUM OLARAK \u00c7OK ZORLU B\u0130R G\u00d6REV\u0130 BA\u015eARIYLA YER\u0130NE GET\u0130REN ESHOT&#8217;UN TEK EKS\u0130\u011e\u0130N\u0130N KADIN \u015eOF\u00d6RLER OLDU\u011eUNU D\u0130LE GET\u0130RM\u0130\u015eT\u0130.<\/p>\n","protected":false},"author":1,"featured_media":164980,"comment_status":"closed","ping_status":"open","sticky":false,"template":"","format":"standard","meta":{"jetpack_post_was_ever_published":false,"_jetpack_newsletter_access":"","_jetpack_dont_email_post_to_subs":false,"_jetpack_newsletter_tier_id":0,"_jetpack_memberships_contains_paywalled_content":false,"_jetpack_memberships_contains_paid_content":false,"footnotes":"","jetpack_publicize_message":"","jetpack_publicize_feature_enabled":true,"jetpack_social_post_already_shared":true,"jetpack_social_options":{"image_generator_settings":{"template":"highway","default_image_id":0,"font":"","enabled":false},"version":2}},"categories":[1],"tags":[1647,2088,1554,108,4187],"class_list":["post-164979","post","type-post","status-publish","format-standard","has-post-thumbnail","hentry","category-genel","tag-basliyor","tag-donemi","tag-izmirde","tag-kadin","tag-soforler"],"jetpack_publicize_connections":[],"jetpack_featured_media_url":"https:\/\/i0.wp.com\/www.tvturk.com\/wp-content\/uploads\/2019\/06\/izmirde-kadin-soforler-donemi-basliyor_2f3c7e1.jpg?fit=1000%2C666","jetpack_sharing_enabled":true,"jetpack_shortlink":"https:\/\/wp.me\/paKIfm-GUX","_links":{"self":[{"href":"http:\/\/www.tvturk.com\/index.php\/wp-json\/wp\/v2\/posts\/164979","targetHints":{"allow":["GET"]}}],"collection":[{"href":"http:\/\/www.tvturk.com\/index.php\/wp-json\/wp\/v2\/posts"}],"about":[{"href":"http:\/\/www.tvturk.com\/index.php\/wp-json\/wp\/v2\/types\/post"}],"author":[{"embeddable":true,"href":"http:\/\/www.tvturk.com\/index.php\/wp-json\/wp\/v2\/users\/1"}],"replies":[{"embeddable":true,"href":"http:\/\/www.tvturk.com\/index.php\/wp-json\/wp\/v2\/comments?post=164979"}],"version-history":[{"count":0,"href":"http:\/\/www.tvturk.com\/index.php\/wp-json\/wp\/v2\/posts\/164979\/revisions"}],"wp:featuredmedia":[{"embeddable":true,"href":"http:\/\/www.tvturk.com\/index.php\/wp-json\/wp\/v2\/media\/164980"}],"wp:attachment":[{"href":"http:\/\/www.tvturk.com\/index.php\/wp-json\/wp\/v2\/media?parent=164979"}],"wp:term":[{"taxonomy":"category","embeddable":true,"href":"http:\/\/www.tvturk.com\/index.php\/wp-json\/wp\/v2\/categories?post=164979"},{"taxonomy":"post_tag","embeddable":true,"href":"http:\/\/www.tvturk.com\/index.php\/wp-json\/wp\/v2\/tags?post=164979"}],"curies":[{"name":"wp","href":"https:\/\/api.w.org\/{rel}","templated":true}]}}