{"id":165037,"date":"2019-06-01T16:25:22","date_gmt":"2019-06-01T13:25:22","guid":{"rendered":"http:\/\/www.tvturk.com\/index.php\/ozel-inegolde-sakal-i-serif-izdihami\/"},"modified":"2019-06-01T16:25:22","modified_gmt":"2019-06-01T13:25:22","slug":"ozel-inegolde-sakal-i-serif-izdihami","status":"publish","type":"post","link":"http:\/\/www.tvturk.com\/index.php\/ozel-inegolde-sakal-i-serif-izdihami\/","title":{"rendered":"(\u00d6zel) \u0130neg\u00f6l\u2019de sakal-\u0131 \u015ferif izdiham\u0131"},"content":{"rendered":"<p>Ramazan ay\u0131nda Bursa\u2019n\u0131n \u0130neg\u00f6l \u0130l\u00e7esinde \u0130shakpa\u015fa Camisi\u2019nde bulunan Sakal-\u0131 \u015eerif, ziyarete a\u00e7\u0131ld\u0131. Sakal-\u0131 \u015eerif\u2019i g\u00f6rmenin mutluluk ve heyecan\u0131n\u0131 bir arada ya\u015fayan vatanda\u015flar, ziyaret s\u0131ras\u0131nda tekbir ve salavat getirdi.<\/p>\n<p>Kadir Gecesi nedeniyle \u0130shakpa\u015fa Camisi\u2019nde bulunan Sakal-\u0131 \u015eerif, her y\u0131l oldu\u011fu gibi bu y\u0131l da ziyarete a\u00e7\u0131ld\u0131. Sakal-\u0131 \u015eerifi ilk kez g\u00f6rmenin mutluluk ve heyecan\u0131n\u0131 bir arada ya\u015fayan vatanda\u015flar, ziyaret s\u0131ras\u0131nda tekbir ve salavat getirdi. \u00f6\u011flen namaz\u0131 sonras\u0131 bayanlar\u0131n  ziyaretine a\u00e7\u0131lan Sakal-\u0131 \u015eerif, ikindi namaz\u0131nda erkeklerin ziyaretine a\u00e7\u0131ld\u0131. Y\u00fczlerce vatanda\u015f, Sakal-\u0131 \u015eerif\u2019i g\u00f6rmek i\u00e7in camiye ak\u0131n ederken, baz\u0131 vatanda\u015flar Sakal-\u0131 \u015eerif\u2019e dokunmak i\u00e7in  b\u00fcy\u00fck \u00e7aba harcad\u0131. Baz\u0131 vatanda\u015flar Sakal-\u0131 \u015eerif\u2019i g\u00f6r\u00fcnce g\u00f6zya\u015flar\u0131n\u0131 tutamazken, baz\u0131lar\u0131 ise cep telefonu kameralar\u0131yla g\u00f6r\u00fcnt\u00fcledi. Ziyaretin ard\u0131ndan Sakal-\u0131 \u015eerif, tekrar muhafaza kutusuna sar\u0131larak ayn\u0131 \u00f6zenle kald\u0131r\u0131ld\u0131.<\/p>\n<p>Peygamber Efendimizin m\u00fcbarek sakallar\u0131na \u201cSakal-\u0131 \u015ferif\u201d deniliyor. M\u00fcsl\u00fcmanlar \u201cL\u0131hye-i saadet\u201d ve \u201cL\u0131hye-i \u015ferif\u201d diye de bilinen Sakal-\u0131 \u015ferifleri bereketlenmek i\u00e7in sakl\u0131yorlar. Ramazan ay\u0131nda ise 40 kat boh\u00e7a i\u00e7erisinde sand\u0131kta tutulan cam fanus i\u00e7erisindeki Sakal-\u0131 \u015ferifler \u00e7\u0131kart\u0131larak \u00f6p\u00fcl\u00fcp alna s\u00fcr\u00fclerek ziyaret ediliyor. Peygamber Efendimize \u00e2\u015f\u0131k olan Eshab-\u0131 Kiram\u2019\u0131n O\u2019nun hat\u0131ras\u0131 olarak saklad\u0131klar\u0131 bu emanetler, g\u00fcn\u00fcm\u00fcze kadar geldi. D\u00fcnyan\u0131n bir\u00e7ok yerine da\u011f\u0131lan Sakal-\u0131 \u015feriflerden \u00fclkemizde ise Diyanet \u0130\u015fleri Ba\u015fkanl\u0131\u011f\u0131 kay\u0131tlar\u0131na g\u00f6re bin 818 adet bulunuyor.<\/p>\n","protected":false},"excerpt":{"rendered":"<p>RAMAZAN AYINDA BURSA&#8217;NIN \u0130NEG\u00d6L \u0130L\u00c7ES\u0130NDE  \u0130SHAKPA\u015eA CAM\u0130S\u0130\u2019NDE BULUNAN SAKAL-I \u015eER\u0130F, Z\u0130YARETE A\u00c7ILDI. SAKAL-I \u015eER\u0130F\u0130 G\u00d6RMEN\u0130N MUTLULUK VE HEYECANINI B\u0130R ARADA YA\u015eAYAN VATANDA\u015eLAR, Z\u0130YARET SIRASINDA TEKB\u0130R VE SAL\u00c2VAT GET\u0130RD\u0130.<\/p>\n","protected":false},"author":1,"featured_media":165038,"comment_status":"closed","ping_status":"open","sticky":false,"template":"","format":"standard","meta":{"jetpack_post_was_ever_published":false,"_jetpack_newsletter_access":"","_jetpack_dont_email_post_to_subs":false,"_jetpack_newsletter_tier_id":0,"_jetpack_memberships_contains_paywalled_content":false,"_jetpack_memberships_contains_paid_content":false,"footnotes":"","jetpack_publicize_message":"","jetpack_publicize_feature_enabled":true,"jetpack_social_post_already_shared":true,"jetpack_social_options":{"image_generator_settings":{"template":"highway","default_image_id":0,"font":"","enabled":false},"version":2}},"categories":[1],"tags":[37342,1073,4199,24218,5330],"class_list":["post-165037","post","type-post","status-publish","format-standard","has-post-thumbnail","hentry","category-genel","tag-sakal-i","tag-ozel","tag-inegolde","tag-izdihami","tag-serif"],"jetpack_publicize_connections":[],"jetpack_featured_media_url":"https:\/\/i0.wp.com\/www.tvturk.com\/wp-content\/uploads\/2019\/06\/ozel-inegolde-sakal-i-serif-izdihami_e891d78.jpg?fit=1000%2C563","jetpack_sharing_enabled":true,"jetpack_shortlink":"https:\/\/wp.me\/paKIfm-GVT","_links":{"self":[{"href":"http:\/\/www.tvturk.com\/index.php\/wp-json\/wp\/v2\/posts\/165037","targetHints":{"allow":["GET"]}}],"collection":[{"href":"http:\/\/www.tvturk.com\/index.php\/wp-json\/wp\/v2\/posts"}],"about":[{"href":"http:\/\/www.tvturk.com\/index.php\/wp-json\/wp\/v2\/types\/post"}],"author":[{"embeddable":true,"href":"http:\/\/www.tvturk.com\/index.php\/wp-json\/wp\/v2\/users\/1"}],"replies":[{"embeddable":true,"href":"http:\/\/www.tvturk.com\/index.php\/wp-json\/wp\/v2\/comments?post=165037"}],"version-history":[{"count":0,"href":"http:\/\/www.tvturk.com\/index.php\/wp-json\/wp\/v2\/posts\/165037\/revisions"}],"wp:featuredmedia":[{"embeddable":true,"href":"http:\/\/www.tvturk.com\/index.php\/wp-json\/wp\/v2\/media\/165038"}],"wp:attachment":[{"href":"http:\/\/www.tvturk.com\/index.php\/wp-json\/wp\/v2\/media?parent=165037"}],"wp:term":[{"taxonomy":"category","embeddable":true,"href":"http:\/\/www.tvturk.com\/index.php\/wp-json\/wp\/v2\/categories?post=165037"},{"taxonomy":"post_tag","embeddable":true,"href":"http:\/\/www.tvturk.com\/index.php\/wp-json\/wp\/v2\/tags?post=165037"}],"curies":[{"name":"wp","href":"https:\/\/api.w.org\/{rel}","templated":true}]}}