{"id":165043,"date":"2019-06-01T16:35:23","date_gmt":"2019-06-01T13:35:23","guid":{"rendered":"http:\/\/www.tvturk.com\/index.php\/sehit-bayram-sevinci-yasayamadi\/"},"modified":"2019-06-01T16:35:23","modified_gmt":"2019-06-01T13:35:23","slug":"sehit-bayram-sevinci-yasayamadi","status":"publish","type":"post","link":"http:\/\/www.tvturk.com\/index.php\/sehit-bayram-sevinci-yasayamadi\/","title":{"rendered":"\u015eehit bayram sevinci ya\u015fayamad\u0131"},"content":{"rendered":"<p>\u0130ran s\u0131n\u0131r b\u00f6lgesinde b\u00f6l\u00fcc\u00fc \u00f6rg\u00fct mensuplar\u0131 aras\u0131nda \u00e7\u0131kan \u00e7at\u0131\u015fmada \u015fehit olan 23 ya\u015f\u0131ndaki Piyade Uzman Onba\u015f\u0131 Yasin \u00c7ubuk\u2019un bayram\u0131 ailesiyle birlikte ge\u00e7irmek i\u00e7in u\u00e7ak biletini ald\u0131\u011f\u0131 ve bug\u00fcn de k\u00f6y\u00fcne gelerek karde\u015flerine bayraml\u0131k alaca\u011f\u0131 \u00f6\u011frenildi.<\/p>\n<p>I\u011fd\u0131r\u2019\u0131n Aral\u0131k il\u00e7esi \u0130ran s\u0131n\u0131r\u0131 yak\u0131nlar\u0131nda g\u00fcvenlik g\u00fc\u00e7leri ile b\u00f6l\u00fcc\u00fc \u00f6rg\u00fct mensuplar\u0131 aras\u0131nda \u00e7\u0131kan \u00e7at\u0131\u015fmada \u015fehit olan 2 askerden biri olan Afyonkarahisarl\u0131 Piyade Uzman Onba\u015f\u0131 Yasin \u00c7ubuk, ailesi ile birlikte ge\u00e7irmek istedi\u011fi Ramazan Bayram\u0131 sevincini ya\u015fayamad\u0131. \u015eehit askerin, bayram\u0131 memleketinde ge\u00e7irmek i\u00e7in u\u00e7ak biletini bile sat\u0131n ald\u0131\u011f\u0131n\u0131 \u00f6\u011frenildi. K\u00f6y\u00fcnde ailesi, akrabalar\u0131 ile bayramla\u015fmay\u0131 planlarken naa\u015f\u0131 k\u00f6y\u00fcne gelen \u00c7ubuk\u2019un, 3 karde\u015fine de bayraml\u0131k alaca\u011f\u0131 \u00f6\u011frenildi.<\/p>\n<p>\u00d6te yandan ac\u0131 haberin duyulmas\u0131n\u0131n ard\u0131ndan \u015euhut Belediye Ba\u015fkan\u0131 Recep Bozkurt da k\u00f6ye gelerek \u015fehit ailesine taziyelerde bulundu. \u015eahit babas\u0131 Lokman \u00c7ubuk, taziyeler s\u0131ras\u0131nda g\u00f6zya\u015flar\u0131na bo\u011fuldu.<\/p>\n<p>\u015eehit Piyade Uzman Onba\u015f\u0131 Yasin \u00c7ubuk, yar\u0131n \u00f6\u011fle namaz\u0131na m\u00fcteakip \u015euhut il\u00e7esi Bal\u00e7\u0131khisar k\u00f6y\u00fcnde d\u00fczenlenen t\u00f6ren ve k\u0131l\u0131nan cenaze namaz\u0131n\u0131n ard\u0131ndan son yolculu\u011funa u\u011furlanacak.<\/p>\n","protected":false},"excerpt":{"rendered":"<p>I\u011eDIR\u2019IN ARALIK \u0130L\u00c7ES\u0130 \u0130RAN SINIRI YAKINLARINDA G\u00dcVENL\u0130K G\u00dc\u00c7LER\u0130 \u0130LE B\u00d6L\u00dcC\u00dc \u00d6RG\u00dcT MENSUPLARI ARASINDA \u00c7IKAN \u00c7ATI\u015eMADA \u015eEH\u0130T OLAN 23 YA\u015eINDAK\u0130 P\u0130YADE UZMAN ONBA\u015eI YAS\u0130N \u00c7UBUK\u2019UN BAYRAMI A\u0130LES\u0130YLE B\u0130RL\u0130KTE GE\u00c7\u0130RMEK \u0130\u00c7\u0130N U\u00c7AK B\u0130LET\u0130N\u0130 ALDI\u011eI VE BUG\u00dcNDE K\u00d6Y\u00dcNE GELECE\u011e\u0130 \u00d6\u011eREN\u0130LD\u0130.<\/p>\n","protected":false},"author":1,"featured_media":165044,"comment_status":"closed","ping_status":"open","sticky":false,"template":"","format":"standard","meta":{"jetpack_post_was_ever_published":false,"_jetpack_newsletter_access":"","_jetpack_dont_email_post_to_subs":false,"_jetpack_newsletter_tier_id":0,"_jetpack_memberships_contains_paywalled_content":false,"_jetpack_memberships_contains_paid_content":false,"footnotes":"","jetpack_publicize_message":"","jetpack_publicize_feature_enabled":true,"jetpack_social_post_already_shared":true,"jetpack_social_options":{"image_generator_settings":{"template":"highway","default_image_id":0,"font":"","enabled":false},"version":2}},"categories":[1],"tags":[23995,237,821,39262],"class_list":["post-165043","post","type-post","status-publish","format-standard","has-post-thumbnail","hentry","category-genel","tag-bayram","tag-sehit","tag-sevinci","tag-yasayamadi"],"jetpack_publicize_connections":[],"jetpack_featured_media_url":"https:\/\/i0.wp.com\/www.tvturk.com\/wp-content\/uploads\/2019\/06\/sehit-bayram-sevinci-yasayamadi_d4c6984.jpg?fit=1000%2C663","jetpack_sharing_enabled":true,"jetpack_shortlink":"https:\/\/wp.me\/paKIfm-GVZ","_links":{"self":[{"href":"http:\/\/www.tvturk.com\/index.php\/wp-json\/wp\/v2\/posts\/165043","targetHints":{"allow":["GET"]}}],"collection":[{"href":"http:\/\/www.tvturk.com\/index.php\/wp-json\/wp\/v2\/posts"}],"about":[{"href":"http:\/\/www.tvturk.com\/index.php\/wp-json\/wp\/v2\/types\/post"}],"author":[{"embeddable":true,"href":"http:\/\/www.tvturk.com\/index.php\/wp-json\/wp\/v2\/users\/1"}],"replies":[{"embeddable":true,"href":"http:\/\/www.tvturk.com\/index.php\/wp-json\/wp\/v2\/comments?post=165043"}],"version-history":[{"count":0,"href":"http:\/\/www.tvturk.com\/index.php\/wp-json\/wp\/v2\/posts\/165043\/revisions"}],"wp:featuredmedia":[{"embeddable":true,"href":"http:\/\/www.tvturk.com\/index.php\/wp-json\/wp\/v2\/media\/165044"}],"wp:attachment":[{"href":"http:\/\/www.tvturk.com\/index.php\/wp-json\/wp\/v2\/media?parent=165043"}],"wp:term":[{"taxonomy":"category","embeddable":true,"href":"http:\/\/www.tvturk.com\/index.php\/wp-json\/wp\/v2\/categories?post=165043"},{"taxonomy":"post_tag","embeddable":true,"href":"http:\/\/www.tvturk.com\/index.php\/wp-json\/wp\/v2\/tags?post=165043"}],"curies":[{"name":"wp","href":"https:\/\/api.w.org\/{rel}","templated":true}]}}