{"id":165091,"date":"2019-06-01T19:56:23","date_gmt":"2019-06-01T16:56:23","guid":{"rendered":"http:\/\/www.tvturk.com\/index.php\/firat-edastan-iscilere-mobbing-iddiasi\/"},"modified":"2019-06-01T19:56:23","modified_gmt":"2019-06-01T16:56:23","slug":"firat-edastan-iscilere-mobbing-iddiasi","status":"publish","type":"post","link":"http:\/\/www.tvturk.com\/index.php\/firat-edastan-iscilere-mobbing-iddiasi\/","title":{"rendered":"F\u0131rat EDA\u015e\u2019tan \u201c\u0130\u015f\u00e7ilere mobbing\u201d iddias\u0131"},"content":{"rendered":"<p>Bing\u00f6l, Elaz\u0131\u011f, Tunceli ve Malatya\u2019da hizmet veren F\u0131rat EDA\u015e \u015firketinin Bing\u00f6l\u2019deki personeline &#8220;mobbing&#8221; uygulad\u0131\u011f\u0131 ileri s\u00fcr\u00fcld\u00fc. Sorunun \u00e7\u00f6z\u00fcm\u00fc i\u00e7in devreye giren TES-\u0130\u015e Elaz\u0131\u011f \u015eube Ba\u015fkan\u0131 Erdeniz Erdim, yetkililerin olumsuz tav\u0131rlar\u0131 kar\u015f\u0131s\u0131nda tepkisini dile getirdi.<\/p>\n<p>TES-\u0130\u015e Elaz\u0131\u011f \u015eube Ba\u015fkan\u0131 Erdeniz Erdim, Bing\u00f6l\u2019deki F\u0131rat Elektrik Da\u011f\u0131t\u0131m A.\u015e (F\u0131rat EDA\u015e) i\u015f\u00e7ilerine mobbing uygulanmas\u0131 nedeniyle \u00e7al\u0131\u015fanlarla bir araya geldi. \u00c7al\u0131\u015fanlar\u0131n sorun ve taleplerini dinleyen Erdim, \u00fcst yetkililere durumu aktaraca\u011f\u0131n\u0131 s\u00f6ylerken, kentteki sorumlulara da tepki g\u00f6sterdi.<\/p>\n<p>A\u00e7\u0131klama yapan Erdim, \u201cBing\u00f6l\u2019deki F\u0131rat AKSA\u2019daki arkada\u015flar\u0131m\u0131z\u0131n s\u0131k\u0131nt\u0131lar\u0131 ve problemler i\u00e7in geldik. \u00d6zellikle burada i\u015fverenlerin, idarecilerin arkada\u015flara mobbing uygulamas\u0131, haks\u0131zl\u0131k ve egolar\u0131n\u0131 tatmin etmekten ba\u015fka bir \u015fey de\u011fil. Dolay\u0131s\u0131yla arkada\u015flarda bu son noktaya geldi. Arkada\u015flar\u0131m\u0131z\u0131n problemlerini ve taleplerini dinledik. G\u00f6rd\u00fc\u011f\u00fcm kadar\u0131yla bu problemleri burada \u00e7\u00f6zemeyece\u011fime inand\u0131m. Dolay\u0131s\u0131yla bu s\u0131k\u0131nt\u0131 ve problemleri \u015firketin en \u00fcst d\u00fczeyine iletip \u00e7\u00f6zece\u011fimi arkada\u015flara ilettim ve s\u00f6z verdim\u201d dedi.<\/p>\n<p>\u201c\u0130l m\u00fcd\u00fcr\u00fcn\u00fc arad\u0131m, tatile gidece\u011fini s\u00f6yledi\u201d<\/p>\n<p>\u015eirketin Bing\u00f6l\u2019deki \u0130l m\u00fcd\u00fcr\u00fcn\u00fc arad\u0131\u011f\u0131n\u0131 aktaran Erdim, \u201cBuraya il m\u00fcd\u00fcr\u00fcn\u00fc beklerdim. Kendisine telefon a\u00e7t\u0131m, arkada\u015flar\u0131m\u0131z\u0131n s\u0131k\u0131nt\u0131lar\u0131 var diye ilettim ama kendisi tatile gidece\u011fini s\u00f6yledi ve tatile gitti. Bunun ard\u0131ndan Elaz\u0131\u011f\u2019daki b\u00f6lge m\u00fcd\u00fcr muavinini arad\u0131m, s\u0131k\u0131nt\u0131lar\u0131n oldu\u011funu ilettim adam bana Ramazan\u2019da sen bizden ne istiyorsun, Ramazan\u2019da senin bizle ne gibi problem var diyerek tepkilerini koydu. Bu arkada\u015flar k\u00f6le de\u011fil, burada k\u00f6le gibi \u00e7al\u0131\u015ft\u0131r\u0131yorlar. Bizim \u00fcyelerimiz, biz sonuna kadar bu arkada\u015flar\u0131m\u0131z\u0131n yan\u0131nda duraca\u011f\u0131z. Her t\u00fcrl\u00fc ihtiya\u00e7lar\u0131n\u0131 giderece\u011fiz, hi\u00e7bir arkada\u015f\u0131m\u0131z\u0131 ekme\u011finden ettirmeyece\u011fiz. \u0130\u015f tehditleriyle bir yere varamazlar. \u00c7al\u0131\u015fanlar\u0131n k\u0131ymetini bilecekler, de\u011ferini bilecekler. Arkada\u015flar\u0131m\u0131z burada huzur istiyor, g\u00fcven istiyor, gelecek istiyor\u201d \u015feklinde konu\u015ftu.<\/p>\n","protected":false},"excerpt":{"rendered":"<p>B\u0130NG\u00d6L, ELAZI\u011e, TUNCEL\u0130 VE MALATYA&#8217;DA H\u0130ZMET VEREN FIRAT EDA\u015e \u015e\u0130RKET\u0130N\u0130N B\u0130NG\u00d6L\u2019DEK\u0130 PERSONEL\u0130NE &#8220;MOBB\u0130NG&#8221; UYGULADI\u011eI \u0130LER\u0130 S\u00dcR\u00dcLD\u00dc.<\/p>\n","protected":false},"author":1,"featured_media":165092,"comment_status":"closed","ping_status":"open","sticky":false,"template":"","format":"standard","meta":{"jetpack_post_was_ever_published":false,"_jetpack_newsletter_access":"","_jetpack_dont_email_post_to_subs":false,"_jetpack_newsletter_tier_id":0,"_jetpack_memberships_contains_paywalled_content":false,"_jetpack_memberships_contains_paid_content":false,"footnotes":"","jetpack_publicize_message":"","jetpack_publicize_feature_enabled":true,"jetpack_social_post_already_shared":true,"jetpack_social_options":{"image_generator_settings":{"template":"highway","default_image_id":0,"font":"","enabled":false},"version":2}},"categories":[1],"tags":[39277,2026,3421,7515,38537],"class_list":["post-165091","post","type-post","status-publish","format-standard","has-post-thumbnail","hentry","category-genel","tag-edastan","tag-firat","tag-iddiasi","tag-iscilere","tag-mobbing"],"jetpack_publicize_connections":[],"jetpack_featured_media_url":"https:\/\/i0.wp.com\/www.tvturk.com\/wp-content\/uploads\/2019\/06\/firat-edastan-iscilere-mobbing-iddiasi_f7bb7be.jpg?fit=1000%2C666","jetpack_sharing_enabled":true,"jetpack_shortlink":"https:\/\/wp.me\/paKIfm-GWL","_links":{"self":[{"href":"http:\/\/www.tvturk.com\/index.php\/wp-json\/wp\/v2\/posts\/165091","targetHints":{"allow":["GET"]}}],"collection":[{"href":"http:\/\/www.tvturk.com\/index.php\/wp-json\/wp\/v2\/posts"}],"about":[{"href":"http:\/\/www.tvturk.com\/index.php\/wp-json\/wp\/v2\/types\/post"}],"author":[{"embeddable":true,"href":"http:\/\/www.tvturk.com\/index.php\/wp-json\/wp\/v2\/users\/1"}],"replies":[{"embeddable":true,"href":"http:\/\/www.tvturk.com\/index.php\/wp-json\/wp\/v2\/comments?post=165091"}],"version-history":[{"count":0,"href":"http:\/\/www.tvturk.com\/index.php\/wp-json\/wp\/v2\/posts\/165091\/revisions"}],"wp:featuredmedia":[{"embeddable":true,"href":"http:\/\/www.tvturk.com\/index.php\/wp-json\/wp\/v2\/media\/165092"}],"wp:attachment":[{"href":"http:\/\/www.tvturk.com\/index.php\/wp-json\/wp\/v2\/media?parent=165091"}],"wp:term":[{"taxonomy":"category","embeddable":true,"href":"http:\/\/www.tvturk.com\/index.php\/wp-json\/wp\/v2\/categories?post=165091"},{"taxonomy":"post_tag","embeddable":true,"href":"http:\/\/www.tvturk.com\/index.php\/wp-json\/wp\/v2\/tags?post=165091"}],"curies":[{"name":"wp","href":"https:\/\/api.w.org\/{rel}","templated":true}]}}