{"id":165155,"date":"2019-06-02T01:27:08","date_gmt":"2019-06-01T22:27:08","guid":{"rendered":"http:\/\/www.tvturk.com\/index.php\/nev-samsunda-konser-verdi\/"},"modified":"2019-06-02T01:27:08","modified_gmt":"2019-06-01T22:27:08","slug":"nev-samsunda-konser-verdi","status":"publish","type":"post","link":"http:\/\/www.tvturk.com\/index.php\/nev-samsunda-konser-verdi\/","title":{"rendered":"Nev Samsun\u2019da konser verdi"},"content":{"rendered":"<p>Samsun\u2019un Atakum il\u00e7esinde d\u00fczenlenen \u2019Fasl-\u0131 \u015eahane\u2019 etkinlikleri kapsam\u0131nda \u00fcnl\u00fc \u015fark\u0131c\u0131 &#8220;Nev&#8221; konser verdi.<\/p>\n<p>Samsun Ye\u015filyurt Al\u0131\u015fveri\u015f ve Ya\u015fam Merkezi(AVM) ve Atakum Belediyesi\u2019nce ger\u00e7ekle\u015ftirilen Fasl-\u0131 \u015eahane etkinliklerinde DJ \u0130nan\u00e7\u2019\u0131n performans\u0131n\u0131n ard\u0131ndan konser co\u015fkusu ya\u015fand\u0131. Sahneye \u00e7\u0131kan Nev s\u00f6yledi\u011fi sevilen \u015fark\u0131larla alan\u0131 dolduran binlerce gence co\u015fkulu anlar ya\u015fatt\u0131. Saatlerce s\u00fcren konserde Nev\u2019in s\u00f6yledi\u011fi \u015fark\u0131lara hayranlar\u0131 da b\u00fcy\u00fck bir co\u015fkuyla e\u015flik etti. Konserde ayr\u0131ca, down sendromlu gen\u00e7 Kaan Ersan\u2019\u0131n do\u011fum g\u00fcn\u00fc kutland\u0131. Do\u011fum g\u00fcn\u00fc kutlamas\u0131na kat\u0131lan Atakum Belediye Ba\u015fkan\u0131 Cemil Deveci genci tebrik etti. Daha sonra a\u00e7\u0131klamalarda bulunan Ba\u015fkan Deveci, Atatkum\u2019un \u00f6n\u00fcm\u00fczdeki 5 y\u0131l i\u00e7erisinde sanata doyaca\u011f\u0131n\u0131 ve Atakum\u2019un sanat kenti olaca\u011f\u0131n\u0131 s\u00f6yledi. Sonras\u0131nda ise Ba\u015fkan Deveci Nev\u2019e \u00e7i\u00e7ek takdim etti. Konsere ayr\u0131ca, Ye\u015filyurt Grup Y\u00f6netim Kurulu \u00dcyesi Necdet Ye\u015filyurt, Samsun Esnaf ve Sanatkarlar Odalar\u0131 Birli\u011fi Ba\u015fkan\u0131 Hac\u0131 Ey\u00fcp G\u00fcler de kat\u0131ld\u0131.<\/p>\n<p>Fasl-\u0131 \u015eahane etkinlikleri Y\u00fcksek Sadakat\u2019\u0131n konserinin ard\u0131ndan sona erecek.<\/p>\n","protected":false},"excerpt":{"rendered":"<p>SAMSUN&#8217;UN ATAKUM \u0130L\u00c7ES\u0130NDE D\u00dcZENLENEN &#8216;FASL-I \u015eAHANE&#8217; ETK\u0130NL\u0130KLER\u0130 KAPSAMINDA \u00dcNL\u00dc \u015eARKICI &#8220;NEV&#8221; KONSER VERD\u0130.<\/p>\n","protected":false},"author":1,"featured_media":165156,"comment_status":"closed","ping_status":"open","sticky":false,"template":"","format":"standard","meta":{"jetpack_post_was_ever_published":false,"_jetpack_newsletter_access":"","_jetpack_dont_email_post_to_subs":false,"_jetpack_newsletter_tier_id":0,"_jetpack_memberships_contains_paywalled_content":false,"_jetpack_memberships_contains_paid_content":false,"footnotes":"","jetpack_publicize_message":"","jetpack_publicize_feature_enabled":true,"jetpack_social_post_already_shared":true,"jetpack_social_options":{"image_generator_settings":{"template":"highway","default_image_id":0,"font":"","enabled":false},"version":2}},"categories":[1],"tags":[1523,39290,1862,386],"class_list":["post-165155","post","type-post","status-publish","format-standard","has-post-thumbnail","hentry","category-genel","tag-konser","tag-nev","tag-samsunda","tag-verdi"],"jetpack_publicize_connections":[],"jetpack_featured_media_url":"https:\/\/i0.wp.com\/www.tvturk.com\/wp-content\/uploads\/2019\/06\/nev-samsunda-konser-verdi_db276f6.jpg?fit=1000%2C666","jetpack_sharing_enabled":true,"jetpack_shortlink":"https:\/\/wp.me\/paKIfm-GXN","_links":{"self":[{"href":"http:\/\/www.tvturk.com\/index.php\/wp-json\/wp\/v2\/posts\/165155","targetHints":{"allow":["GET"]}}],"collection":[{"href":"http:\/\/www.tvturk.com\/index.php\/wp-json\/wp\/v2\/posts"}],"about":[{"href":"http:\/\/www.tvturk.com\/index.php\/wp-json\/wp\/v2\/types\/post"}],"author":[{"embeddable":true,"href":"http:\/\/www.tvturk.com\/index.php\/wp-json\/wp\/v2\/users\/1"}],"replies":[{"embeddable":true,"href":"http:\/\/www.tvturk.com\/index.php\/wp-json\/wp\/v2\/comments?post=165155"}],"version-history":[{"count":0,"href":"http:\/\/www.tvturk.com\/index.php\/wp-json\/wp\/v2\/posts\/165155\/revisions"}],"wp:featuredmedia":[{"embeddable":true,"href":"http:\/\/www.tvturk.com\/index.php\/wp-json\/wp\/v2\/media\/165156"}],"wp:attachment":[{"href":"http:\/\/www.tvturk.com\/index.php\/wp-json\/wp\/v2\/media?parent=165155"}],"wp:term":[{"taxonomy":"category","embeddable":true,"href":"http:\/\/www.tvturk.com\/index.php\/wp-json\/wp\/v2\/categories?post=165155"},{"taxonomy":"post_tag","embeddable":true,"href":"http:\/\/www.tvturk.com\/index.php\/wp-json\/wp\/v2\/tags?post=165155"}],"curies":[{"name":"wp","href":"https:\/\/api.w.org\/{rel}","templated":true}]}}