{"id":165213,"date":"2019-06-02T11:10:10","date_gmt":"2019-06-02T08:10:10","guid":{"rendered":"http:\/\/www.tvturk.com\/index.php\/bursluluk-sinavinda-fotograf-sikintisi\/"},"modified":"2019-06-02T11:10:10","modified_gmt":"2019-06-02T08:10:10","slug":"bursluluk-sinavinda-fotograf-sikintisi","status":"publish","type":"post","link":"http:\/\/www.tvturk.com\/index.php\/bursluluk-sinavinda-fotograf-sikintisi\/","title":{"rendered":"Bursluluk s\u0131nav\u0131nda \u2019foto\u011fraf\u2019 s\u0131k\u0131nt\u0131s\u0131"},"content":{"rendered":"<p>T\u00fcrkiye genelinde yap\u0131lan 2019  \u0130lk\u00f6\u011fretim ve Orta\u00f6\u011fretim Kurumlar\u0131 Bursluluk S\u0131nav\u0131\u2019nda 15 ya\u015f\u0131ndan b\u00fcy\u00fck olan \u00f6\u011frencilerden n\u00fcfus c\u00fczdanlar\u0131nda foto\u011fraflar\u0131 olmayanlar s\u0131nava al\u0131nmad\u0131. S\u0131nava al\u0131nmayan \u00f6\u011frencilerin aileleri yetkililerle tart\u0131\u015ft\u0131.<\/p>\n<p>T\u00fcrkiye genelinde yap\u0131lan ve sabah saat 10.00\u2019da ba\u015flayan 2019  \u0130lk\u00f6\u011fretim ve Orta\u00f6\u011fretim Kurumlar\u0131 Bursluluk S\u0131nav\u0131\u2019nda 15 ya\u015f\u0131ndan b\u00fcy\u00fck olan \u00f6\u011frencilerden yap\u0131lan kontrollerde n\u00fcfus c\u00fczdanlar\u0131nda foto\u011fraflar\u0131 olmayanlar s\u0131nava al\u0131nmad\u0131. Melikgazi il\u00e7esine ba\u011fl\u0131 Nuri Has Ortaokulu\u2019nda ayn\u0131 s\u0131k\u0131nt\u0131y\u0131 ya\u015fayan veliler, &#8220;S\u0131nav ka\u011f\u0131d\u0131nda foto\u011fraf\u0131 var, TC kimlik numaras\u0131 da tutuyor ama k\u0131z\u0131m s\u0131nava al\u0131nmad\u0131. Gerek\u00e7e olarak kimlikte foto\u011fraf\u0131 yokmu\u015f. B\u00f6yle bir bildiri de okul taraf\u0131ndan yap\u0131lmad\u0131. Okuldan bildiri olsa itiraz etmeyiz ama bu konuda hi\u00e7 bir bildiri yap\u0131lmad\u0131. 16 ya\u015f\u0131ndan 3-4 g\u00fcn alm\u0131\u015f i\u00e7eriye alm\u0131yorlar&#8221; dedi.<\/p>\n<p>S\u0131nava giremeyen bir \u00f6\u011frenci ise, &#8220;Kurallar\u0131 okudum. Foto\u011fraf onayl\u0131 \u00f6\u011frenci belgesi ve kimlik isteniyor. Kimlikte foto\u011fraf istendi\u011fi yazm\u0131yor ama buna ra\u011fmen bizi hi\u00e7 bir \u015fekilde i\u00e7eri alm\u0131yorlar. Ma\u011fduruz&#8221; diye konu\u015ftu.<\/p>\n<p>Okul bah\u00e7esinde s\u0131nava giremeyen \u00f6\u011frencilerin velileri ve di\u011fer veliler aras\u0131nda da y\u00fcksek sesle konu\u015fma nedeniyle tart\u0131\u015fma \u00e7\u0131kt\u0131. G\u00f6revli polis memurlar\u0131, s\u0131nava giren \u00f6\u011frencilerin dikkatinin da\u011f\u0131laca\u011f\u0131 ve rahats\u0131z olaca\u011f\u0131 nedeniyle okul bah\u00e7esinde bulunan t\u00fcm velileri d\u0131\u015far\u0131 \u00e7\u0131kard\u0131. Bu s\u0131rada s\u0131nava giren ve do\u011fum tarihi 12.05.2004 olan yap\u0131lan kontrol\u00fcnde 15 ya\u015f\u0131ndan 20 g\u00fcn ald\u0131\u011f\u0131 belirlenen ve s\u0131nav salonundan \u00e7\u0131kar\u0131lan k\u0131z \u00f6\u011frenci, &#8220;S\u0131nava girdim, 20 g\u00fcn alm\u0131\u015f\u0131m diye s\u0131navdan \u00e7\u0131kard\u0131lar tekrar. S\u0131nava ba\u015flad\u0131m, yanl\u0131\u015f bakm\u0131\u015flar nas\u0131l yanl\u0131\u015f bakarlar?&#8221; dedi.<\/p>\n","protected":false},"excerpt":{"rendered":"<p>T\u00dcRK\u0130YE GENEL\u0130NDE YAPILAN 2019  \u0130LK\u00d6\u011eRET\u0130M VE ORTA\u00d6\u011eRET\u0130M KURUMLARI BURSLULUK SINAVI&#8217;NDA 15 YA\u015eINDAN B\u00dcY\u00dcK OLAN \u00d6\u011eRENC\u0130LERDEN N\u00dcFUS C\u00dcZDANLARINDA FOTO\u011eRAFLARI OLMAYANLAR SINAVA ALINMADI. SINAVA ALINMAYAN \u00d6\u011eRENC\u0130LER\u0130N A\u0130LELER\u0130 YETK\u0130L\u0130LERLE TARTI\u015eTI.<\/p>\n","protected":false},"author":1,"featured_media":165214,"comment_status":"closed","ping_status":"open","sticky":false,"template":"","format":"standard","meta":{"jetpack_post_was_ever_published":false,"_jetpack_newsletter_access":"","_jetpack_dont_email_post_to_subs":false,"_jetpack_newsletter_tier_id":0,"_jetpack_memberships_contains_paywalled_content":false,"_jetpack_memberships_contains_paid_content":false,"footnotes":"","jetpack_publicize_message":"","jetpack_publicize_feature_enabled":true,"jetpack_social_post_already_shared":true,"jetpack_social_options":{"image_generator_settings":{"template":"highway","default_image_id":0,"font":"","enabled":false},"version":2}},"categories":[1],"tags":[15233,5874,3256,15518],"class_list":["post-165213","post","type-post","status-publish","format-standard","has-post-thumbnail","hentry","category-genel","tag-bursluluk","tag-fotograf","tag-sikintisi","tag-sinavinda"],"jetpack_publicize_connections":[],"jetpack_featured_media_url":"https:\/\/i0.wp.com\/www.tvturk.com\/wp-content\/uploads\/2019\/06\/bursluluk-sinavinda-fotograf-sikintisi_76c8e72.jpg?fit=1000%2C666","jetpack_sharing_enabled":true,"jetpack_shortlink":"https:\/\/wp.me\/paKIfm-GYJ","_links":{"self":[{"href":"http:\/\/www.tvturk.com\/index.php\/wp-json\/wp\/v2\/posts\/165213","targetHints":{"allow":["GET"]}}],"collection":[{"href":"http:\/\/www.tvturk.com\/index.php\/wp-json\/wp\/v2\/posts"}],"about":[{"href":"http:\/\/www.tvturk.com\/index.php\/wp-json\/wp\/v2\/types\/post"}],"author":[{"embeddable":true,"href":"http:\/\/www.tvturk.com\/index.php\/wp-json\/wp\/v2\/users\/1"}],"replies":[{"embeddable":true,"href":"http:\/\/www.tvturk.com\/index.php\/wp-json\/wp\/v2\/comments?post=165213"}],"version-history":[{"count":0,"href":"http:\/\/www.tvturk.com\/index.php\/wp-json\/wp\/v2\/posts\/165213\/revisions"}],"wp:featuredmedia":[{"embeddable":true,"href":"http:\/\/www.tvturk.com\/index.php\/wp-json\/wp\/v2\/media\/165214"}],"wp:attachment":[{"href":"http:\/\/www.tvturk.com\/index.php\/wp-json\/wp\/v2\/media?parent=165213"}],"wp:term":[{"taxonomy":"category","embeddable":true,"href":"http:\/\/www.tvturk.com\/index.php\/wp-json\/wp\/v2\/categories?post=165213"},{"taxonomy":"post_tag","embeddable":true,"href":"http:\/\/www.tvturk.com\/index.php\/wp-json\/wp\/v2\/tags?post=165213"}],"curies":[{"name":"wp","href":"https:\/\/api.w.org\/{rel}","templated":true}]}}