{"id":165219,"date":"2019-06-02T11:30:12","date_gmt":"2019-06-02T08:30:12","guid":{"rendered":"http:\/\/www.tvturk.com\/index.php\/akintiya-karsi-gocu-goruntulenmisti-cogalmasi-icin-ozel-calisma-yapiliyor\/"},"modified":"2019-06-02T11:30:12","modified_gmt":"2019-06-02T08:30:12","slug":"akintiya-karsi-gocu-goruntulenmisti-cogalmasi-icin-ozel-calisma-yapiliyor","status":"publish","type":"post","link":"http:\/\/www.tvturk.com\/index.php\/akintiya-karsi-gocu-goruntulenmisti-cogalmasi-icin-ozel-calisma-yapiliyor\/","title":{"rendered":"Ak\u0131nt\u0131ya kar\u015f\u0131 g\u00f6\u00e7\u00fc g\u00f6r\u00fcnt\u00fclenmi\u015fti, \u00e7o\u011falmas\u0131 i\u00e7in \u00f6zel \u00e7al\u0131\u015fma yap\u0131l\u0131yor"},"content":{"rendered":"<p>Elaz\u0131\u011f\u2019da ak\u0131nt\u0131ya kar\u015f\u0131 g\u00f6\u00e7 ederken g\u00f6r\u00fcnt\u00fclenen ve dikkatleri \u00e7eken Siraz bal\u0131\u011f\u0131 i\u00e7in Su \u00dcr\u00fcnleri Ara\u015ft\u0131rma Enstit\u00fcs\u00fc Ar-Ge ve \u00dcretim Biriminde, k\u00fclt\u00fcre alma ve bal\u0131kland\u0131rma \u00e7al\u0131\u015fmas\u0131 yap\u0131ld\u0131\u011f\u0131 bildirildi.<\/p>\n<p>Elaz\u0131\u011f-Diyarbak\u0131r yolu \u00fczerinde Sivrice il\u00e7esinde bulunan ve b\u00f6lgede do\u011funun gizli denizi olarak adland\u0131r\u0131lan T\u00fcrkiye\u2019nin en derin g\u00f6lleri aras\u0131nda yer alan Hazar\u2019da &#8220;Siraz&#8221; bal\u0131\u011f\u0131 her y\u0131l Van\u2019daki inci kefali gibi ak\u0131nt\u0131ya kar\u015f\u0131 giderek yumurtalar\u0131n\u0131 b\u0131rak\u0131yor. K\u0131\u015f\u0131n yo\u011fun ya\u011f\u0131\u015f sonras\u0131 baharla eriyen kar\u0131n ard\u0131ndan \u00fcremek i\u00e7in tatl\u0131 suya do\u011fru ak\u0131nt\u0131ya kar\u015f\u0131 g\u00f6\u00e7, K\u00fcrk \u00e7ay\u0131 k\u00f6pr\u00fcs\u00fcnden k\u0131sa s\u00fcreli\u011fine de olsa izlenebiliyor. Siraz bal\u0131\u011f\u0131 i\u00e7in Elaz\u0131\u011f Su \u00dcr\u00fcnleri Ara\u015ft\u0131rma Enstit\u00fcs\u00fc M\u00fcd\u00fcrl\u00fc\u011f\u00fc de  4 y\u0131ll\u0131k bir proje olu\u015fturdu. 1,5 y\u0131l \u00f6nce ba\u015flanan proje kapsam\u0131nda stoklar\u0131nda azalma tespit edilen Siraz t\u00fcr\u00fc i\u00e7in Ar-Ge ve \u00dcretim Biriminde k\u00fclt\u00fcre alma ve bal\u0131kland\u0131rma \u00e7al\u0131\u015fmas\u0131 ba\u015flat\u0131ld\u0131.<\/p>\n<p>Siraz bal\u0131\u011f\u0131n\u0131 b\u00f6lgedeki vatanda\u015flar\u0131n \u00e7ok yak\u0131ndan bildi\u011fini belirten Su \u00dcr\u00fcnleri Ara\u015ft\u0131rma Enstit\u00fcs\u00fc M\u00fcd\u00fcr\u00fc \u00d6zkan \u00d6zbay, \u201cSon d\u00f6nemde ak\u0131nt\u0131ya kar\u015f\u0131 g\u00f6\u00e7 oldu\u011fu i\u00e7in biraz ilgi \u00e7ekti. Siraz bal\u0131\u011f\u0131 \u00f6zellikle hazar g\u00f6l\u00fcn\u00fcn mevcut bal\u0131\u011f\u0131d\u0131r. Ama en yo\u011fun olan bal\u0131kt\u0131r. Bizde 1,5 y\u0131l \u00f6nce bu tesiste Siraz bal\u0131\u011f\u0131n\u0131 k\u00fclt\u00fcre alma ve bal\u0131kland\u0131rma ama\u00e7l\u0131 \u00e7al\u0131\u015fmalar\u0131 ba\u015flatt\u0131k. Biz biliyorduk ki \u00f6zellikle Hazar G\u00f6l\u00fc\u2019nde Siraz bal\u0131\u011f\u0131n\u0131n stoklar\u0131nda bir azalma var. Biz bu stoklar\u0131 takviye etmek ama\u00e7l\u0131 bir \u00e7al\u0131\u015fma ba\u015flatt\u0131k. Bu \u00e7al\u0131\u015fmalar\u0131n da \u015fu anda 1,5 y\u0131l\u0131nday\u0131z. Yakla\u015f\u0131k 4 y\u0131ll\u0131k bir proje\u201d dedi.<\/p>\n<p>&#8220;Siraz ve sazan gibi bal\u0131klar\u0131 yumurtal\u0131 d\u00f6nemde avlamay\u0131n&#8221;<\/p>\n<p>Proje sonunda hem bal\u0131kland\u0131rma yapacaklar\u0131n\u0131 hem de Siraz bal\u0131\u011f\u0131n\u0131 tam kontroll\u00fc ortamda yeti\u015ftirmesini deneyeceklerini aktaran \u00d6zbay, \u201cSiraz bal\u0131\u011f\u0131 damak tad\u0131na uyan ve bu y\u00f6re insan\u0131n\u0131n t\u00fcketti\u011fi bir bal\u0131k. Ekonomik ve fiyat\u0131 pahal\u0131 olmayan bir bal\u0131k. Biz de bunu ya\u015fatma ve devam ettirme ad\u0131na burada \u00e7al\u0131\u015fmalar yap\u0131yoruz. Yap\u0131s\u0131 gere\u011fi \u00fcremek i\u00e7in tatl\u0131 suya do\u011fru g\u00f6\u00e7\u00fc, do\u011fal ya\u015fant\u0131s\u0131nda normal kar\u015f\u0131l\u0131yoruz. Van\u2019da inci kefalinde olan \u015fey burada da siraz bal\u0131\u011f\u0131nda var. Bu da halk\u0131m\u0131z\u0131n ilgisini \u00e7ekti. Alabal\u0131\u011f\u0131n avlanmas\u0131nda y\u0131l boyu serbesttir. \u00c7\u00fcnk\u00fc di\u011fer bal\u0131klara zarar verir. Siraz ve sazan gibi bal\u0131klar\u0131 l\u00fctfen avlamayal\u0131m. Bal\u0131klar bu d\u00f6nemde yumurtal\u0131 bal\u0131klar. Bir bal\u0131\u011f\u0131 avlay\u0131nca binlerce bal\u0131\u011f\u0131 avlam\u0131\u015f oluyoruz. Bizim \u00f6rf ve adetimizde de yumurtal\u0131 bir bal\u0131\u011f\u0131 \u00f6ld\u00fcrmek yoktur\u201d diye konu\u015ftu.<\/p>\n","protected":false},"excerpt":{"rendered":"<p>ELAZI\u011e\u2019DA AKINTIYA KAR\u015eI G\u00d6\u00c7 EDEN VE STOKLARINDA AZALMA TESP\u0130T ED\u0130LEN   S\u0130RAZ  BALI\u011eI \u0130\u00c7\u0130N ELAZI\u011e SU \u00dcR\u00dcNLER\u0130 ARA\u015eTIRMA ENST\u0130T\u00dcS\u00dc AR-GE VE \u00dcRET\u0130M B\u0130R\u0130M\u0130NDE  K\u00dcLT\u00dcRE ALMA VE BALIKLANDIRMA \u00c7ALI\u015eMASI BA\u015eLATILDI.<\/p>\n","protected":false},"author":1,"featured_media":165220,"comment_status":"closed","ping_status":"open","sticky":false,"template":"","format":"standard","meta":{"jetpack_post_was_ever_published":false,"_jetpack_newsletter_access":"","_jetpack_dont_email_post_to_subs":false,"_jetpack_newsletter_tier_id":0,"_jetpack_memberships_contains_paywalled_content":false,"_jetpack_memberships_contains_paid_content":false,"footnotes":"","jetpack_publicize_message":"","jetpack_publicize_feature_enabled":true,"jetpack_social_post_already_shared":true,"jetpack_social_options":{"image_generator_settings":{"template":"highway","default_image_id":0,"font":"","enabled":false},"version":2}},"categories":[1],"tags":[1073,36722,322,39319,13210,39318,44,2541,481],"class_list":["post-165219","post","type-post","status-publish","format-standard","has-post-thumbnail","hentry","category-genel","tag-ozel","tag-akintiya","tag-calisma","tag-cogalmasi","tag-gocu","tag-goruntulenmisti","tag-icin","tag-karsi","tag-yapiliyor"],"jetpack_publicize_connections":[],"jetpack_featured_media_url":"https:\/\/i0.wp.com\/www.tvturk.com\/wp-content\/uploads\/2019\/06\/akintiya-karsi-gocu-goruntulenmisti-cogalmasi-icin-ozel-calisma-yapiliyor_ebc056e.jpg?fit=1000%2C666","jetpack_sharing_enabled":true,"jetpack_shortlink":"https:\/\/wp.me\/paKIfm-GYP","_links":{"self":[{"href":"http:\/\/www.tvturk.com\/index.php\/wp-json\/wp\/v2\/posts\/165219","targetHints":{"allow":["GET"]}}],"collection":[{"href":"http:\/\/www.tvturk.com\/index.php\/wp-json\/wp\/v2\/posts"}],"about":[{"href":"http:\/\/www.tvturk.com\/index.php\/wp-json\/wp\/v2\/types\/post"}],"author":[{"embeddable":true,"href":"http:\/\/www.tvturk.com\/index.php\/wp-json\/wp\/v2\/users\/1"}],"replies":[{"embeddable":true,"href":"http:\/\/www.tvturk.com\/index.php\/wp-json\/wp\/v2\/comments?post=165219"}],"version-history":[{"count":0,"href":"http:\/\/www.tvturk.com\/index.php\/wp-json\/wp\/v2\/posts\/165219\/revisions"}],"wp:featuredmedia":[{"embeddable":true,"href":"http:\/\/www.tvturk.com\/index.php\/wp-json\/wp\/v2\/media\/165220"}],"wp:attachment":[{"href":"http:\/\/www.tvturk.com\/index.php\/wp-json\/wp\/v2\/media?parent=165219"}],"wp:term":[{"taxonomy":"category","embeddable":true,"href":"http:\/\/www.tvturk.com\/index.php\/wp-json\/wp\/v2\/categories?post=165219"},{"taxonomy":"post_tag","embeddable":true,"href":"http:\/\/www.tvturk.com\/index.php\/wp-json\/wp\/v2\/tags?post=165219"}],"curies":[{"name":"wp","href":"https:\/\/api.w.org\/{rel}","templated":true}]}}