{"id":165227,"date":"2019-06-02T11:40:18","date_gmt":"2019-06-02T08:40:18","guid":{"rendered":"http:\/\/www.tvturk.com\/index.php\/sahurda-simit-cay-keyfi\/"},"modified":"2019-06-02T11:40:18","modified_gmt":"2019-06-02T08:40:18","slug":"sahurda-simit-cay-keyfi","status":"publish","type":"post","link":"http:\/\/www.tvturk.com\/index.php\/sahurda-simit-cay-keyfi\/","title":{"rendered":"Sahurda simit \u00e7ay keyfi"},"content":{"rendered":"<p>Sanayi ve Teknoloji Bakan\u0131 Mustafa Varank, sosyal medyadan ikinci sahur davetini Ankara\u2019n\u0131n ard\u0131ndan \u0130stanbul\u2019da yapt\u0131. Twitter hesab\u0131ndan gen\u00e7leri ve kendisini gen\u00e7 hissedenleri Be\u015fikta\u015f\u2019ta sahura \u00e7a\u011f\u0131ran Bakan Varank\u2019\u0131n s\u00fcrpriz konu\u011fu, sosyal medyadan \u201cSimitleri ald\u0131m geliyorum\u201d diyen ve sahurun yap\u0131ld\u0131\u011f\u0131 mekana elinde bir simit tepsisiyle giren Cumhur \u0130ttifak\u0131\u2019n\u0131n AK Parti \u0130stanbul B\u00fcy\u00fck\u015fehir Belediye Ba\u015fkan Aday\u0131 Binali Y\u0131ld\u0131r\u0131m oldu. Gen\u00e7lerle simit \u00e7ay keyfi yapan Y\u0131ld\u0131r\u0131m, \u201cBa\u015fkan olursam, sizi kanka olarak yan\u0131mda g\u00f6rmek istiyorum\u201d dedi ve \u0130stanbul\u2019da ya\u015fayan t\u00fcm gen\u00e7lere 10 GB \u00fccretsiz internet vaadinde bulundu.<\/p>\n<p>Sanayi ve Teknoloji Bakan\u0131 Varank, ge\u00e7en hafta Twitter\u2019dan gen\u00e7lere sahur davetinde bulunmu\u015f ard\u0131ndan da Ankara Atat\u00fcrk Orman \u00c7iftli\u011fi\u2019nde bir kokore\u00e7\u00e7ide gen\u00e7lerle bir araya gelmi\u015fti. Varank\u2019\u0131n \u0130stanbul\u2019daki takip\u00e7ileri benzer bir etkinli\u011fin kendi \u015fehirlerinde de yap\u0131lmas\u0131n\u0131 istemi\u015f, Varank da bir sonraki daveti yine sosyal medya \u00fczerinden yapaca\u011f\u0131n\u0131n s\u00f6z\u00fcn\u00fc vermi\u015fti.<\/p>\n<p>Gen\u00e7ler ve kendini gen\u00e7 hissedenler<\/p>\n<p>Cumhurba\u015fkan\u0131 Recep Tayyip Erdo\u011fan ile birlikte d\u00fcn \u0130stanbul\u2019da bir iftar program\u0131na kat\u0131lan Varank, sosyal medyadan yeni bir mesaj payla\u015ft\u0131. Varank, Twitter hesab\u0131ndan, \u201cGen\u00e7ler ve kendini gen\u00e7 hissedenler, \u0130stanbul\u2019day\u0131z. Be\u015fikta\u015f civar\u0131nda bu gece sahur yapsak kimler gelir?\u201d payla\u015f\u0131m\u0131nda bulundu.<\/p>\n<p>&#8220;Ramazan, sevgiyi payla\u015fmak i\u00e7in var&#8221;<\/p>\n<p>Varank\u2019\u0131n \u00e7a\u011fr\u0131s\u0131na ilk yan\u0131t verenlerden biri, \u201cArt\u0131 bir, ben geliyorum\u201d diyen T3 Vakf\u0131 M\u00fctevelli Heyeti Ba\u015fkan\u0131 Sel\u00e7uk Bayraktar oldu. Sahur program\u0131n\u0131 de\u011ferlendiren Bayraktar, \u201cGen\u00e7 karde\u015flerimizle bir arada olmak \u00e7ok g\u00fczel. Zaten Ramazan bu gibi kucakla\u015fma, yard\u0131mla\u015fma, sevgiyi, g\u00fczelli\u011fi payla\u015fmak i\u00e7in var\u201d dedi.<\/p>\n<p>&#8220;Komutandan izin al\u0131rsan\u0131z&#8221;<\/p>\n<p>Varank\u2019\u0131n sahur daveti, Ankara etkinli\u011finde oldu\u011fu gibi gen\u00e7lerin yo\u011fun ilgisiyle kar\u015f\u0131land\u0131. \u00c7ok say\u0131da \u0130stanbullu davete kat\u0131lmak i\u00e7in Varank\u2019\u0131n mesaj\u0131na yan\u0131t verdi. Varank\u2019a sosyal medyadan gelen \u201cKonum at\u0131n geliyoruz Sn. Bakan\u0131m :)\u201d, \u201cSn Bakan\u0131m ben askerdeyim komutandan izin al\u0131rsan\u0131z seve seve gelirim yar\u0131n \u00e7ar\u015f\u0131m var zaten\u201d ve \u201cSiz teklif edersiniz de gelmez miyim bakan\u0131m Adalar\u2019da oturuyorum gerekirse y\u00fczerek gelirim ve de \u00e7ok sevinirim\u201d gibi mesajlar dikkat \u00e7ekti.<\/p>\n<p>Kay\u0131ts\u0131z kalmad\u0131<\/p>\n<p>Varank, Ramazan Y\u0131ld\u0131r\u0131m isimli bir takip\u00e7isinin, \u201cEngelliyim Say\u0131n Bakan\u0131m, gelip evden ald\u0131r\u0131rsan\u0131z bu fakir karde\u015fin de gelmek ister. Dua ile kal\u0131n\u201d mesaj\u0131na kay\u0131ts\u0131z kalmad\u0131. Ramazan Y\u0131ld\u0131r\u0131m, evinden al\u0131narak, simitli sahura kat\u0131ld\u0131.<\/p>\n<p>&#8220;Simitleri ald\u0131m geliyorum&#8221;<\/p>\n<p>Gecenin s\u00fcrpriz konu\u011fu ise Binali Y\u0131ld\u0131r\u0131m oldu. Varank\u2019\u0131n mesaj\u0131na, Twitter\u2019dan, \u201cSimitleri ald\u0131m geliyorum @varank\u201d diyerek kar\u015f\u0131l\u0131k veren Y\u0131ld\u0131r\u0131m, elinde simit tepsisiyle sahurun yap\u0131ld\u0131\u011f\u0131 mekana geldi. Gece boyunca gen\u00e7lerle simit-\u00e7ay keyfi yapan Y\u0131ld\u0131r\u0131m ve Varank, hat\u0131ra foto\u011fraf\u0131 \u00e7ektirdi.<\/p>\n<p>&#8220;\u0130nternetten haberle\u015fiyoruz&#8221;<\/p>\n<p>Sahurda gen\u00e7lere seslenen Y\u0131ld\u0131r\u0131m, \u201cMustafa Varank bakan\u0131m\u0131z davet yapt\u0131. Art\u0131k birbirimizi \u00e7ok g\u00f6rmedi\u011fimiz i\u00e7in internet \u00fczerinden haberle\u015fiyoruz. Twitter\u2019da davetini g\u00f6rd\u00fck. \u2018Davete icabet edelim\u2019 dedik. Sizlerle bir araya gelmekten memnuniyet duyuyorum\u201d ifadelerini kulland\u0131.<\/p>\n<p>&#8220;Gen\u00e7lere 10 GB internet&#8221;<\/p>\n<p>23 Haziran\u2019da yenilenecek \u0130stanbul se\u00e7imleri \u00f6ncesinde gen\u00e7lere y\u00f6nelik vaatlerde bulunan Y\u0131ld\u0131r\u0131m, \u201cGen\u00e7lere 10 GB internet verece\u011fiz. Bedava, sebil. Nas\u0131l verece\u011fiz? Elinde \u0130stanbul Kart olan herkes bu haktan yararlanacak&#8221; diye konu\u015ftu.<\/p>\n<p>\u201cKanka&#8221; teklifi<\/p>\n<p>Y\u0131ld\u0131r\u0131m, gen\u00e7lerin Ramazan bayram\u0131n\u0131 kutlarken, \u201cBir bayram daha var unutmay\u0131n. 23 Haziran \u0130stanbul bayram\u0131. Bayramda nereye giderseniz gidin, 23\u2019\u00fcnde burada istiyorum hepinizi. Ba\u015fkan olursam, sizi \u2018kanka\u2019 olarak yan\u0131mda g\u00f6rmek istiyorum. Var m\u0131s\u0131n\u0131z?\u201d dedi. Gen\u00e7lerin alk\u0131\u015fl\u0131 evetine Y\u0131ld\u0131r\u0131m, \u201cBen de kabul ediyorum\u201d yan\u0131t\u0131n\u0131 verdi.<\/p>\n<p>&#8220;\u0130stanbul\u2019dan talep gelmi\u015fti&#8221;<\/p>\n<p>\u0130kinci sahur bulu\u015fmas\u0131n\u0131 de\u011ferlendiren Varank, sosyal medya \u00fczerinden gen\u00e7lerle ileti\u015fim kurmaya \u00e7al\u0131\u015ft\u0131\u011f\u0131n\u0131 belirterek, \u201cGen\u00e7lerle Ankara\u2019da sahur yapm\u0131\u015ft\u0131k. Spontane bir bi\u00e7imde davetimize y\u00fczlerce geri d\u00f6n\u00fc\u015f alm\u0131\u015ft\u0131k. \u0130stanbul\u2019dan da talep gelmi\u015fti. \u0130stanbul\u2019da da yine sosyal medya \u00fczerinden gen\u00e7leri ve kendini gen\u00e7 hissedenleri sahura davet ettik. G\u00fczel bir gece ge\u00e7irdik. Bir de s\u00fcrpriz oldu. Binali Y\u0131ld\u0131r\u0131m beyefendi u\u011frad\u0131, simit getirmi\u015f. Gen\u00e7lerle vakit ge\u00e7irdik. Projelerinden ve vaatlerinden bahsetti&#8221; dedi.<\/p>\n<p>&#8220;Gen\u00e7lerle y\u00fcr\u00fcyece\u011fiz&#8221;<\/p>\n<p>Bakanl\u0131k olarak gen\u00e7lerle en verimli ileti\u015fimi kuracak \u015fekilde \u00e7al\u0131\u015fmalar\u0131 y\u00fcr\u00fctt\u00fcklerini anlatan Varank, \u201cB\u00f6yle organizasyonlar\u0131m\u0131za devam edece\u011fiz. \u00c7ok g\u00fczel geri d\u00f6n\u00fc\u015fler al\u0131yoruz. Gen\u00e7ler, b\u00f6yle davetlerden, buradaki samimiyetten ho\u015flan\u0131yor. Biz de elimizden geldi\u011fince gen\u00e7lerle bir araya gelip \u00fclkemizi 2023 hedeflerine ta\u015f\u0131ma yolunda gen\u00e7lerle beraber y\u00fcr\u00fcyece\u011fiz&#8221; diye konu\u015ftu.<\/p>\n<p>&#8220;Samimi ortam&#8221;<\/p>\n<p>Davete kat\u0131lan gen\u00e7ler, Varank\u2019\u0131n sosyal medya mesaj\u0131na yine sosyal medya mesaj\u0131yla kar\u015f\u0131l\u0131k vermelerinin ard\u0131ndan kendileriyle irtibata ge\u00e7ildi\u011fini belirterek, \u201cBakan\u0131m\u0131z\u0131n sahur davetine icabet ettik. Samimi bir ortam var. Kendisine te\u015fekk\u00fcr ediyoruz&#8221; dedi.<\/p>\n<p>Simitli sahur bulu\u015fmas\u0131na, Sanayi ve Teknoloji Bakan yard\u0131mc\u0131lar\u0131 Mehmet Fatih Kac\u0131r ile \u00c7etin Ali D\u00f6nmez, T3 Vakf\u0131 Y\u00f6netim Kurulu Ba\u015fkan\u0131 Haluk Bayraktar ile AK Parti\u2019nin en gen\u00e7 milletvekili R\u00fcmeysa Kadak da kat\u0131ld\u0131.<\/p>\n","protected":false},"excerpt":{"rendered":"<p>SANAY\u0130 VE TEKNOLOJ\u0130 BAKANI MUSTAFA VARANK, SOSYAL MEDYADAN \u0130K\u0130NC\u0130 SAHUR DAVET\u0130N\u0130 ANKARA\u2019NIN ARDINDAN \u0130STANBUL\u2019DA YAPTI. TW\u0130TTER HESABINDAN GEN\u00c7LER\u0130 VE KEND\u0130S\u0130N\u0130 GEN\u00c7 H\u0130SSEDENLER\u0130 BE\u015e\u0130KTA\u015e\u2019TA SAHURA \u00c7A\u011eIRAN SANAY\u0130 VE TEKNOLOJ\u0130 BAKANI VARANK\u2019IN S\u00dcRPR\u0130Z KONU\u011eU, SOSYAL MEDYADAN \u201cS\u0130M\u0130TLER\u0130 ALDIM GEL\u0130YORUM\u201d D\u0130YEN VE SAHURUN YAPILDI\u011eI MEKANA EL\u0130NDE B\u0130R S\u0130M\u0130T TEPS\u0130S\u0130YLE G\u0130REN CUMHUR \u0130TT\u0130FAKI\u2019NIN AK PART\u0130 \u0130STANBUL B\u00dcY\u00dcK\u015eEH\u0130R BELED\u0130YE BA\u015eKAN ADAYI B\u0130NAL\u0130 YILDIRIM OLDU.<\/p>\n","protected":false},"author":1,"featured_media":165228,"comment_status":"closed","ping_status":"open","sticky":false,"template":"","format":"standard","meta":{"jetpack_post_was_ever_published":false,"_jetpack_newsletter_access":"","_jetpack_dont_email_post_to_subs":false,"_jetpack_newsletter_tier_id":0,"_jetpack_memberships_contains_paywalled_content":false,"_jetpack_memberships_contains_paid_content":false,"footnotes":"","jetpack_publicize_message":"","jetpack_publicize_feature_enabled":true,"jetpack_social_post_already_shared":true,"jetpack_social_options":{"image_generator_settings":{"template":"highway","default_image_id":0,"font":"","enabled":false},"version":2}},"categories":[1],"tags":[862,791,34963,4027],"class_list":["post-165227","post","type-post","status-publish","format-standard","has-post-thumbnail","hentry","category-genel","tag-cay","tag-keyfi","tag-sahurda","tag-simit"],"jetpack_publicize_connections":[],"jetpack_featured_media_url":"https:\/\/i0.wp.com\/www.tvturk.com\/wp-content\/uploads\/2019\/06\/sahurda-simit-cay-keyfi_9a3cb92.jpg?fit=1000%2C982","jetpack_sharing_enabled":true,"jetpack_shortlink":"https:\/\/wp.me\/paKIfm-GYX","_links":{"self":[{"href":"http:\/\/www.tvturk.com\/index.php\/wp-json\/wp\/v2\/posts\/165227","targetHints":{"allow":["GET"]}}],"collection":[{"href":"http:\/\/www.tvturk.com\/index.php\/wp-json\/wp\/v2\/posts"}],"about":[{"href":"http:\/\/www.tvturk.com\/index.php\/wp-json\/wp\/v2\/types\/post"}],"author":[{"embeddable":true,"href":"http:\/\/www.tvturk.com\/index.php\/wp-json\/wp\/v2\/users\/1"}],"replies":[{"embeddable":true,"href":"http:\/\/www.tvturk.com\/index.php\/wp-json\/wp\/v2\/comments?post=165227"}],"version-history":[{"count":0,"href":"http:\/\/www.tvturk.com\/index.php\/wp-json\/wp\/v2\/posts\/165227\/revisions"}],"wp:featuredmedia":[{"embeddable":true,"href":"http:\/\/www.tvturk.com\/index.php\/wp-json\/wp\/v2\/media\/165228"}],"wp:attachment":[{"href":"http:\/\/www.tvturk.com\/index.php\/wp-json\/wp\/v2\/media?parent=165227"}],"wp:term":[{"taxonomy":"category","embeddable":true,"href":"http:\/\/www.tvturk.com\/index.php\/wp-json\/wp\/v2\/categories?post=165227"},{"taxonomy":"post_tag","embeddable":true,"href":"http:\/\/www.tvturk.com\/index.php\/wp-json\/wp\/v2\/tags?post=165227"}],"curies":[{"name":"wp","href":"https:\/\/api.w.org\/{rel}","templated":true}]}}