{"id":165233,"date":"2019-06-02T11:51:08","date_gmt":"2019-06-02T08:51:08","guid":{"rendered":"http:\/\/www.tvturk.com\/index.php\/gurcistan-basbakani-bakhtadze-iftar-programi-duzenledi\/"},"modified":"2019-06-02T11:51:08","modified_gmt":"2019-06-02T08:51:08","slug":"gurcistan-basbakani-bakhtadze-iftar-programi-duzenledi","status":"publish","type":"post","link":"http:\/\/www.tvturk.com\/index.php\/gurcistan-basbakani-bakhtadze-iftar-programi-duzenledi\/","title":{"rendered":"G\u00fcrcistan Ba\u015fbakan\u0131 Bakhtadze, iftar program\u0131 d\u00fczenledi"},"content":{"rendered":"<p>G\u00fcrcistan Ba\u015fbakan\u0131 Mamuka Bakhtadze, \u00fclkesinde ya\u015fayan M\u00fcsl\u00fcman halk ve diplomatlar i\u00e7in iftar program\u0131 d\u00fczenledi.<\/p>\n<p>G\u00fcrcistan Ba\u015fbakan\u0131 Mamuka Bakhtadze, ba\u015fkent Tiflis\u2019te M\u00fcsl\u00fcman halk ve M\u00fcsl\u00fcman devletlerin diplomatlar\u0131yla iftar sofras\u0131nda bir araya geldi. Bakhtadze taraf\u0131ndan ba\u015fkent Tiflis\u2019te bir restoranda d\u00fczenlenen iftar program\u0131na G\u00fcrcistan D\u0131\u015fi\u015fleri Bakan\u0131 David Zalkaliani, Acara \u00d6zerk Cumhuriyeti ba\u015fkan\u0131 Tornike Rijvadze, G\u00fcrcistan Devlet Din \u0130\u015fleri Ajans\u0131 Ba\u015fkan\u0131 Zaza Vashakmadze, G\u00fcrcistan M\u00fcsl\u00fcmanlar \u0130daresi Ba\u015fkan\u0131 Hac\u0131 Ramin \u0130gidov, Do\u011fu G\u00fcrcistan m\u00fcft\u00fcs\u00fc Yasin Aliyev ve Bat\u0131 G\u00fcrcistan M\u00fcft\u00fcs\u00fc Beglar Kama\u015fidze, Milletvekili Ruslan Hac\u0131yev, Marneuli Belediye Ba\u015fkan\u0131 Zaur Dar\u011fall\u0131 ile T\u00fcrkiye\u2019nin Tiflis B\u00fcy\u00fckel\u00e7isi Fatma Ceren Yazgan, Azerbaycan\u2019\u0131n Tiflis B\u00fcy\u00fckel\u00e7isi Dursun Hasanov, \u0130ran\u2019\u0131n Tiflis B\u00fcy\u00fckel\u00e7isi Seyed Javad Ghavam Shahidi\u2019nin yan\u0131 s\u0131ra Irak, T\u00fcrkmenistan ve Katar b\u00fcy\u00fckel\u00e7ileri, din adamlar\u0131, cami imamlar\u0131 ve M\u00fcsl\u00fcmanlar kat\u0131ld\u0131.<\/p>\n<p>\u0130ftar program\u0131nda konu\u015fma yapan G\u00fcrcistan Ba\u015fbakan\u0131 Bakhtadze, Ramazan ay\u0131 ve yakla\u015fan Ramazan bayram\u0131 dolay\u0131s\u0131yla \u00fclkesinde ve d\u00fcnyada ya\u015fayan M\u00fcsl\u00fcmanlar\u0131 tebrik etti. Ramazan ay\u0131n\u0131n \u015fefkat, sevgi ve ba\u011fl\u0131l\u0131\u011f\u0131 ifade eden bir ay oldu\u011funu s\u00f6yleyen Bakhtadze, \u201cTarih boyunca \u00fclkemizdeki Hristiyanlar, M\u00fcsl\u00fcmanlar ve \u00fclkenin di\u011fer vatanda\u015flar\u0131 kar\u015f\u0131l\u0131kl\u0131 sayg\u0131, sevgi ve bar\u0131\u015f i\u00e7erisinde ya\u015fam\u0131\u015flard\u0131r. Bug\u00fcn, bu gelenek devam ediyor. Hepimiz bu \u00fclkenin vatanda\u015f\u0131y\u0131z ve bu nedenle \u00fclkemizi geli\u015ftirmek i\u00e7in elimizden gelenin en iyisini yapmal\u0131y\u0131z. Ayr\u0131ca, G\u00fcrcistan devleti farkl\u0131 uluslar\u0131n dinini ve ulusal geleneklerini ya\u015fatmaya devam edecek&#8221; dedi.<\/p>\n<p>\u0130ftar yeme\u011finin ard\u0131ndan \u00fclkenin Ba\u015fbakan\u0131 Mamuka Bakhtadze konuklarla birlikte aile foto\u011fraf\u0131 \u00e7ektirdi.<\/p>\n","protected":false},"excerpt":{"rendered":"<p>G\u00dcRC\u0130STAN BA\u015eBAKANI MAMUKA BAKHTADZE, \u00dcLKES\u0130NDE YA\u015eAYAN M\u00dcSL\u00dcMAN HALK VE D\u0130PLOMATLAR \u0130\u00c7\u0130N \u0130FTAR PROGRAMI D\u00dcZENLED\u0130.<\/p>\n","protected":false},"author":1,"featured_media":165234,"comment_status":"closed","ping_status":"open","sticky":false,"template":"","format":"standard","meta":{"jetpack_post_was_ever_published":false,"_jetpack_newsletter_access":"","_jetpack_dont_email_post_to_subs":false,"_jetpack_newsletter_tier_id":0,"_jetpack_memberships_contains_paywalled_content":false,"_jetpack_memberships_contains_paid_content":false,"footnotes":"","jetpack_publicize_message":"","jetpack_publicize_feature_enabled":true,"jetpack_social_post_already_shared":true,"jetpack_social_options":{"image_generator_settings":{"template":"highway","default_image_id":0,"font":"","enabled":false},"version":2}},"categories":[10],"tags":[38247,651,12361,19289,30333,1999],"class_list":["post-165233","post","type-post","status-publish","format-standard","has-post-thumbnail","hentry","category-dunya","tag-bakhtadze","tag-basbakani","tag-duzenledi","tag-gurcistan","tag-iftar","tag-programi"],"jetpack_publicize_connections":[],"jetpack_featured_media_url":"https:\/\/i0.wp.com\/www.tvturk.com\/wp-content\/uploads\/2019\/06\/gurcistan-basbakani-bakhtadze-iftar-programi-duzenledi_2f75bf1.jpg?fit=960%2C720","jetpack_sharing_enabled":true,"jetpack_shortlink":"https:\/\/wp.me\/paKIfm-GZ3","_links":{"self":[{"href":"http:\/\/www.tvturk.com\/index.php\/wp-json\/wp\/v2\/posts\/165233","targetHints":{"allow":["GET"]}}],"collection":[{"href":"http:\/\/www.tvturk.com\/index.php\/wp-json\/wp\/v2\/posts"}],"about":[{"href":"http:\/\/www.tvturk.com\/index.php\/wp-json\/wp\/v2\/types\/post"}],"author":[{"embeddable":true,"href":"http:\/\/www.tvturk.com\/index.php\/wp-json\/wp\/v2\/users\/1"}],"replies":[{"embeddable":true,"href":"http:\/\/www.tvturk.com\/index.php\/wp-json\/wp\/v2\/comments?post=165233"}],"version-history":[{"count":0,"href":"http:\/\/www.tvturk.com\/index.php\/wp-json\/wp\/v2\/posts\/165233\/revisions"}],"wp:featuredmedia":[{"embeddable":true,"href":"http:\/\/www.tvturk.com\/index.php\/wp-json\/wp\/v2\/media\/165234"}],"wp:attachment":[{"href":"http:\/\/www.tvturk.com\/index.php\/wp-json\/wp\/v2\/media?parent=165233"}],"wp:term":[{"taxonomy":"category","embeddable":true,"href":"http:\/\/www.tvturk.com\/index.php\/wp-json\/wp\/v2\/categories?post=165233"},{"taxonomy":"post_tag","embeddable":true,"href":"http:\/\/www.tvturk.com\/index.php\/wp-json\/wp\/v2\/tags?post=165233"}],"curies":[{"name":"wp","href":"https:\/\/api.w.org\/{rel}","templated":true}]}}