{"id":165247,"date":"2019-06-02T11:51:47","date_gmt":"2019-06-02T08:51:47","guid":{"rendered":"http:\/\/www.tvturk.com\/index.php\/annesinin-terk-ettigi-yavru-geyige-sahip-ciktilar\/"},"modified":"2019-06-02T11:51:47","modified_gmt":"2019-06-02T08:51:47","slug":"annesinin-terk-ettigi-yavru-geyige-sahip-ciktilar","status":"publish","type":"post","link":"http:\/\/www.tvturk.com\/index.php\/annesinin-terk-ettigi-yavru-geyige-sahip-ciktilar\/","title":{"rendered":"Annesinin terk etti\u011fi yavru geyi\u011fe sahip \u00e7\u0131kt\u0131lar"},"content":{"rendered":"<p>Kahramanmara\u015f\u2019ta do\u011fum yapt\u0131ktan sonra annesi taraf\u0131ndan kaderine terk edilen yavru geyi\u011fe Erdo\u011fany\u0131lmaz ailesi sahip \u00e7\u0131kt\u0131.<\/p>\n<p>Ba\u015fkonu\u015f Yaylas\u0131\u2019nda bulunan alageyiklerden biri 5 g\u00fcn \u00f6nce yavru geyik d\u00fcnyaya getirdi. Do\u011fumun hemen ard\u0131ndan yavru geyik annesi taraf\u0131ndan terk edilince yaln\u0131z kald\u0131. Serhan Erdo\u011fany\u0131lmaz ve ailesi yavru geyi\u011fi sahiplenerek bak\u0131m\u0131n\u0131 \u00fcstlendi. B\u00fct\u00fcn bak\u0131mlar\u0131 yap\u0131lan yavru geyi\u011fe her g\u00fcn ortalama 10 litre s\u00fct i\u00e7irerek hayata tutunmas\u0131n\u0131 sa\u011flad\u0131.<\/p>\n<p>Geyi\u011fin kalsiyum eksikli\u011finden dolay\u0131 bak\u0131ma muhta\u00e7 oldu\u011funu ve gerekli b\u00fct\u00fcn bak\u0131mlar\u0131n\u0131n yap\u0131ld\u0131ktan sonra hayta ba\u011fland\u0131\u011f\u0131n\u0131 s\u00f6yleyen Erdo\u011fany\u0131lmaz, \u201cBu yavruyu Ba\u015fkonu\u015f Yaylas\u0131\u2019nda yeni do\u011fmu\u015f bir \u015fekilde bulduk. Arka bacaklar\u0131ndaki kalsiyum eksikli\u011finden dolay\u0131 y\u00fcr\u00fcyemeyecek durumda bulundu. Bu geyiklerde genellikle g\u00f6r\u00fclen bir durummu\u015f. Kendisi de aya\u011fa kalkamay\u0131nca annesi de ormana terk edip gidiyor. Bize ula\u015ft\u0131\u011f\u0131nda \u00f6lmek \u00fczereydi ve zor durumdayd\u0131. Biz k\u0131\u015f mevsiminde de yaral\u0131 bir geyi\u011fin bak\u0131m\u0131n\u0131 \u00fcstlenip tedavisinin ar\u0131ndan do\u011faya salm\u0131\u015ft\u0131k. Biz Ba\u015fkonu\u015f Yaylas\u0131 i\u015fletme sahipleri olarak Erdo\u011fany\u0131lmaz ailesinin b\u00fct\u00fcn amac\u0131, bu do\u011fada biz misafiriz bu hayvanlar ev sahibi. Do\u011fa Koruma ve Milli Parklar M\u00fcd\u00fcrl\u00fc\u011f\u00fc ile g\u00f6r\u00fc\u015f\u00fcp inisiyatif ald\u0131k ve veteriner hekimlerimizce bak\u0131mlar\u0131 yap\u0131ld\u0131\u201d ifadelerini kulland\u0131.<\/p>\n<p>\u201cBa\u015fkonu\u015f\u2019un Umut geyi\u011fi\u201d<\/p>\n<p>Yavru geyi\u011fe Umut ad\u0131n\u0131 verip umut olacaklar\u0131n\u0131, \u00f6m\u00fcr boyu bakacaklar\u0131n\u0131 s\u00f6yleyen Serhan Erdo\u011fany\u0131lmaz, \u201cBu geyik bizi de \u015fa\u015f\u0131rtt\u0131 ve bayrama \u00e7ok g\u00fczel \u015feker tad\u0131nda bir haber verdi. 2 g\u00fcnde bak\u0131c\u0131s\u0131 H\u00fcseyin Bey taraf\u0131ndan aya\u011fa kald\u0131r\u0131ld\u0131. Umutsuz bir vakay\u0131 umutlu bir hale d\u00f6n\u00fc\u015ft\u00fc. O y\u00fczden de ad\u0131n\u0131 Ba\u015fkonu\u015f Yaylas\u0131\u2019n\u0131n \u2018Umut geyi\u011fi\u2019 olarak koyduk. Biz bak\u0131m\u0131n\u0131 \u00fcstlendik ve do\u011faya sal\u0131nana kadar bak\u0131m\u0131n\u0131 Ba\u015fkonu\u015f Yaylas\u0131\u2019nda \u00fcstlenmeye devam edece\u011fiz. Bizde Umut\u2019a umut olaca\u011f\u0131z ve gerekirse bir \u00f6m\u00fcr boyu onun bak\u0131m\u0131n\u0131 yapmaya haz\u0131r\u0131z. Bu bayramda kendisine aram\u0131za ho\u015f geldin diyoruz\u201d diye konu\u015ftu.<\/p>\n","protected":false},"excerpt":{"rendered":"<p>YAVRU GEY\u0130\u011eE \u015eEFKAT EL\u0130N\u0130 DE\u011eD\u0130REN ERDO\u011eANYILAZ A\u0130LES\u0130 ONA G\u00d6Z\u00dc G\u0130B\u0130 BAKIYOR<\/p>\n","protected":false},"author":1,"featured_media":165248,"comment_status":"closed","ping_status":"open","sticky":false,"template":"","format":"standard","meta":{"jetpack_post_was_ever_published":false,"_jetpack_newsletter_access":"","_jetpack_dont_email_post_to_subs":false,"_jetpack_newsletter_tier_id":0,"_jetpack_memberships_contains_paywalled_content":false,"_jetpack_memberships_contains_paid_content":false,"footnotes":"","jetpack_publicize_message":"","jetpack_publicize_feature_enabled":true,"jetpack_social_post_already_shared":true,"jetpack_social_options":{"image_generator_settings":{"template":"highway","default_image_id":0,"font":"","enabled":false},"version":2}},"categories":[1],"tags":[5333,2238,965,39328,3380,9869,1239],"class_list":["post-165247","post","type-post","status-publish","format-standard","has-post-thumbnail","hentry","category-genel","tag-annesinin","tag-ciktilar","tag-ettigi","tag-geyige","tag-sahip","tag-terk","tag-yavru"],"jetpack_publicize_connections":[],"jetpack_featured_media_url":"https:\/\/i0.wp.com\/www.tvturk.com\/wp-content\/uploads\/2019\/06\/annesinin-terk-ettigi-yavru-geyige-sahip-ciktilar_47dee72.jpg?fit=1000%2C666","jetpack_sharing_enabled":true,"jetpack_shortlink":"https:\/\/wp.me\/paKIfm-GZh","_links":{"self":[{"href":"http:\/\/www.tvturk.com\/index.php\/wp-json\/wp\/v2\/posts\/165247","targetHints":{"allow":["GET"]}}],"collection":[{"href":"http:\/\/www.tvturk.com\/index.php\/wp-json\/wp\/v2\/posts"}],"about":[{"href":"http:\/\/www.tvturk.com\/index.php\/wp-json\/wp\/v2\/types\/post"}],"author":[{"embeddable":true,"href":"http:\/\/www.tvturk.com\/index.php\/wp-json\/wp\/v2\/users\/1"}],"replies":[{"embeddable":true,"href":"http:\/\/www.tvturk.com\/index.php\/wp-json\/wp\/v2\/comments?post=165247"}],"version-history":[{"count":0,"href":"http:\/\/www.tvturk.com\/index.php\/wp-json\/wp\/v2\/posts\/165247\/revisions"}],"wp:featuredmedia":[{"embeddable":true,"href":"http:\/\/www.tvturk.com\/index.php\/wp-json\/wp\/v2\/media\/165248"}],"wp:attachment":[{"href":"http:\/\/www.tvturk.com\/index.php\/wp-json\/wp\/v2\/media?parent=165247"}],"wp:term":[{"taxonomy":"category","embeddable":true,"href":"http:\/\/www.tvturk.com\/index.php\/wp-json\/wp\/v2\/categories?post=165247"},{"taxonomy":"post_tag","embeddable":true,"href":"http:\/\/www.tvturk.com\/index.php\/wp-json\/wp\/v2\/tags?post=165247"}],"curies":[{"name":"wp","href":"https:\/\/api.w.org\/{rel}","templated":true}]}}