{"id":165257,"date":"2019-06-02T12:14:16","date_gmt":"2019-06-02T09:14:16","guid":{"rendered":"http:\/\/www.tvturk.com\/index.php\/bayburtta-haziran-ayinda-yayla-yollarinda-karla-mucadele\/"},"modified":"2019-06-02T12:14:16","modified_gmt":"2019-06-02T09:14:16","slug":"bayburtta-haziran-ayinda-yayla-yollarinda-karla-mucadele","status":"publish","type":"post","link":"http:\/\/www.tvturk.com\/index.php\/bayburtta-haziran-ayinda-yayla-yollarinda-karla-mucadele\/","title":{"rendered":"Bayburt\u2019ta haziran ay\u0131nda yayla yollar\u0131nda karla m\u00fccadele"},"content":{"rendered":"<p>Bayburt\u2019ta haziran ay\u0131nda yayla yollar\u0131nda karla m\u00fccadele \u00e7al\u0131\u015fmas\u0131 yap\u0131l\u0131yor. 10 May\u0131s\u2019ta AA muhabiri Abdulkadir Ni\u015fanc\u0131\u2019n\u0131n u\u00e7urumdan yuvarlanarak hayat\u0131n\u0131 kaybetti\u011fi Bayburt-Trabzon s\u0131n\u0131r\u0131ndaki Dereba\u015f\u0131 virajlar\u0131nda karla m\u00fccadele \u00e7al\u0131\u015fmalar\u0131 s\u00fcrd\u00fcr\u00fcl\u00fcyor.<\/p>\n<p>Bayburt \u0130l \u00d6zel \u0130daresi Konursu \u015eantiyesi taraf\u0131ndan i\u015f makinesiyle Bayburt-Trabzon aras\u0131nda &#8220;Yedi G\u00f6ller&#8221; b\u00f6lgesi olarak bilinen 2 bin 700 rak\u0131ml\u0131 Haldizen Yaylas\u0131 yolunda, y\u00fcksekli\u011fi yer yer 4 metreyi bulan kar\u0131 temizlemek i\u00e7in \u00e7al\u0131\u015fma ba\u015flat\u0131ld\u0131.<\/p>\n<p>Karla m\u00fccadele ekibi, k\u0131\u015f\u0131n yo\u011fun kar nedeniyle ula\u015f\u0131ma kapanan, yaz aylar\u0131nda \u00f6zellikle do\u011fa tutkunlar\u0131n\u0131n u\u011frak yeri olan So\u011fanl\u0131 Da\u011flar\u0131\u2019n\u0131n dik yama\u00e7lar\u0131 aras\u0131ndaki Ayg\u0131r G\u00f6l\u00fc, Bal\u0131kl\u0131 G\u00f6l, Dipsiz G\u00f6l, \u0130kiz G\u00f6ller, Kara G\u00f6l, Sar\u0131\u00e7i\u00e7ek G\u00f6l\u00fc ile Pir\u00f6mer G\u00f6l\u00fc\u2019n\u00fcn yer ald\u0131\u011f\u0131 g\u00fczergah\u0131n a\u00e7\u0131lmas\u0131 i\u00e7in \u00e7al\u0131\u015fmalar\u0131n\u0131 aral\u0131ks\u0131z s\u00fcrd\u00fcr\u00fcyor.<\/p>\n<p>B\u00f6lgenin Ramazan Bayram\u0131n\u0131n ard\u0131ndan tamamen kardan temizlenmesi planlan\u0131yor.<\/p>\n<p>\u00d6te yandan b\u00f6lgede yer alan Dereba\u015f\u0131 virajlar\u0131nda 10 May\u0131s\u2019ta ger\u00e7ekle\u015ftirilen yol a\u00e7ma \u00e7al\u0131\u015fmalar\u0131n\u0131 takip eden AA muhabiri Abdulkadir Ni\u015fanc\u0131 u\u00e7urumdan d\u00fc\u015fm\u00fc\u015f, 13 g\u00fcn s\u00fcren \u00e7al\u0131\u015fmalar sonunda cans\u0131z bedenine ula\u015f\u0131labilmi\u015fti.<\/p>\n","protected":false},"excerpt":{"rendered":"<p>BAYBURT&#8217;TA HAZ\u0130RAN AYINDA YAYLA YOLLARINDA KARLA M\u00dcCADELE \u00c7ALI\u015eMASI YAPILIYOR. 10 MAYIS\u2019TA AA MUHAB\u0130R\u0130 ABDULKAD\u0130R N\u0130\u015eANCI\u2019NIN U\u00c7URUMDAN YUVARLANARAK HAYATINI KAYBETT\u0130\u011e\u0130 BAYBURT \u2013 TRABZON SINIRINDAK\u0130 DEREBA\u015eI V\u0130RAJLARINDA KARLA M\u00dcCADELE \u00c7ALI\u015eMALARI S\u00dcRD\u00dcR\u00dcL\u00dcYOR<\/p>\n","protected":false},"author":1,"featured_media":165258,"comment_status":"closed","ping_status":"open","sticky":false,"template":"","format":"standard","meta":{"jetpack_post_was_ever_published":false,"_jetpack_newsletter_access":"","_jetpack_dont_email_post_to_subs":false,"_jetpack_newsletter_tier_id":0,"_jetpack_memberships_contains_paywalled_content":false,"_jetpack_memberships_contains_paid_content":false,"footnotes":"","jetpack_publicize_message":"","jetpack_publicize_feature_enabled":true,"jetpack_social_post_already_shared":true,"jetpack_social_options":{"image_generator_settings":{"template":"highway","default_image_id":0,"font":"","enabled":false},"version":2}},"categories":[1],"tags":[5791,211,12982,887,888,21092,10798],"class_list":["post-165257","post","type-post","status-publish","format-standard","has-post-thumbnail","hentry","category-genel","tag-haziran","tag-ayinda","tag-bayburtta","tag-karla","tag-mucadele","tag-yayla","tag-yollarinda"],"jetpack_publicize_connections":[],"jetpack_featured_media_url":"https:\/\/i0.wp.com\/www.tvturk.com\/wp-content\/uploads\/2019\/06\/bayburtta-haziran-ayinda-yayla-yollarinda-karla-mucadele_2f81e6a.jpg?fit=1000%2C518","jetpack_sharing_enabled":true,"jetpack_shortlink":"https:\/\/wp.me\/paKIfm-GZr","_links":{"self":[{"href":"http:\/\/www.tvturk.com\/index.php\/wp-json\/wp\/v2\/posts\/165257","targetHints":{"allow":["GET"]}}],"collection":[{"href":"http:\/\/www.tvturk.com\/index.php\/wp-json\/wp\/v2\/posts"}],"about":[{"href":"http:\/\/www.tvturk.com\/index.php\/wp-json\/wp\/v2\/types\/post"}],"author":[{"embeddable":true,"href":"http:\/\/www.tvturk.com\/index.php\/wp-json\/wp\/v2\/users\/1"}],"replies":[{"embeddable":true,"href":"http:\/\/www.tvturk.com\/index.php\/wp-json\/wp\/v2\/comments?post=165257"}],"version-history":[{"count":0,"href":"http:\/\/www.tvturk.com\/index.php\/wp-json\/wp\/v2\/posts\/165257\/revisions"}],"wp:featuredmedia":[{"embeddable":true,"href":"http:\/\/www.tvturk.com\/index.php\/wp-json\/wp\/v2\/media\/165258"}],"wp:attachment":[{"href":"http:\/\/www.tvturk.com\/index.php\/wp-json\/wp\/v2\/media?parent=165257"}],"wp:term":[{"taxonomy":"category","embeddable":true,"href":"http:\/\/www.tvturk.com\/index.php\/wp-json\/wp\/v2\/categories?post=165257"},{"taxonomy":"post_tag","embeddable":true,"href":"http:\/\/www.tvturk.com\/index.php\/wp-json\/wp\/v2\/tags?post=165257"}],"curies":[{"name":"wp","href":"https:\/\/api.w.org\/{rel}","templated":true}]}}