{"id":165259,"date":"2019-06-02T12:19:16","date_gmt":"2019-06-02T09:19:16","guid":{"rendered":"http:\/\/www.tvturk.com\/index.php\/azerbaycanli-aile-sifayi-turkiyede-buldu\/"},"modified":"2019-06-02T12:19:16","modified_gmt":"2019-06-02T09:19:16","slug":"azerbaycanli-aile-sifayi-turkiyede-buldu","status":"publish","type":"post","link":"http:\/\/www.tvturk.com\/index.php\/azerbaycanli-aile-sifayi-turkiyede-buldu\/","title":{"rendered":"Azerbaycanl\u0131 aile \u015fifay\u0131 T\u00fcrkiye\u2019de buldu"},"content":{"rendered":"<p>Azerbaycan\u2019dan sa\u011fl\u0131k problemlerinden dolay\u0131 tedavi i\u00e7in Erzurum\u2019a gelen Seyidov ailesi, sa\u011fl\u0131kl\u0131 hayatlar\u0131na geri d\u00f6nd\u00fc.<\/p>\n<p>Azerbaycan\u2019\u0131n Nahcivan \u015fehrinde ya\u015fayan 63 ya\u015f\u0131ndaki Kareyeva K\u0131z\u0131lg\u00fcl, ayaklar\u0131ndan rahats\u0131zlan\u0131nca hastaneye kald\u0131r\u0131ld\u0131. Azeri doktorlar Kareyava\u2019ya \u00e7\u00f6z\u00fcm bulamad\u0131. Kareyava ise T\u00fcrkiye\u2019ye gelerek Erzurum B\u00f6lge E\u011fitim ve Ara\u015ft\u0131rma Hastanesinde tedavi alt\u0131na al\u0131nd\u0131. Hastal\u0131\u011f\u0131n\u0131 k\u0131sa s\u00fcrede atlatan Kareyeva, mutlu bir \u015fekilde \u00fclkesine d\u00f6nd\u00fc.<\/p>\n<p>Ard\u0131ndan 1 ay sonra e\u015fi 73 ya\u015f\u0131ndaki Vagif Seyidov, ayak k\u0131k\u0131rda\u011f\u0131nda sorun ya\u015fad\u0131. Kareyeva e\u015fini hemen Erzurum\u2019a getirerek T\u00fcrk doktorlara teslim etti. Seyidov\u2019a Erzurum\u2019da diz protezi tak\u0131larak sa\u011fl\u0131\u011f\u0131na kavu\u015fturuldu.<\/p>\n<p>Erzurum B\u00f6lge E\u011fitim ve Ara\u015ft\u0131rma Hastanesi Ortopedi Klini\u011finde tedavi g\u00f6re Seyidov bir hafta i\u00e7erisinde taburcu olacak.<\/p>\n<p>\u00c7iftin o\u011fullar\u0131 Suryev Seyidov T\u00fcrkiye\u2019den \u00e7ok memnun olduklar\u0131n\u0131 ifade ederek, \u201cBabam\u0131n dizinde problem vard\u0131 doktorlar protez yapt\u0131 dizine. Buraya bir ay \u00f6nce geldik kontrol yapt\u0131lar. Sonra \u00e7a\u011f\u0131rd\u0131klar\u0131nda ise ameliyat ettiler. Buran\u0131n doktorlar\u0131ndan \u00e7ok memnunuz Allah hepsinden raz\u0131 olsun. Daha \u00f6nce annemi buraya getirmi\u015ftim. \u015eimdi onun durumu \u00e7ok iyi\u201d dedi.<\/p>\n<p>Anne Kareyeva K\u0131rm\u0131z\u0131g\u00fcl\u2019de kendisine Erzurum\u2019da \u015fifa bulduklar\u0131n\u0131 belirterek, \u201cBen 2 ay \u00f6nce buraya geldim. Doktorlar buraya geldi\u011fimde bana \u00e7ok g\u00fczel bakt\u0131lar benimle \u00e7ok g\u00fczel ilgilendiler. Bizi di\u011fer doktorlara da sevk etti. Sonra e\u015fim b\u00f6yle olunca onu da getirdik. Buradan \u00e7ok memnunuz Allah T\u00fcrkiye\u2019den raz\u0131 olsun\u201d ifadelerini kulland\u0131.<\/p>\n<p>Baba Vagif Seyidov ise, \u201cAllah buray\u0131 var etsin. Azerbaycan\u2019dan geliyoruz. Buran\u0131n hizmetinden gayet memnunuz. O\u011flumla ve e\u015fimle daha \u00f6nce gelmi\u015ftik buraya gayet memnun kalm\u0131\u015ft\u0131k\u201d \u015feklinde konu\u015ftu.<\/p>\n","protected":false},"excerpt":{"rendered":"<p>AZERBAYCAN\u2019DAN SA\u011eLIK PROBLEMLER\u0130 \u0130\u00c7\u0130N TEDAV\u0130 AMA\u00c7LI ERZURUM\u2019A GELEN SEY\u0130DOV A\u0130LES\u0130 SA\u011eLIKLI HAYATLARINA GER\u0130 D\u00d6ND\u00dcLER.<\/p>\n","protected":false},"author":1,"featured_media":165260,"comment_status":"closed","ping_status":"open","sticky":false,"template":"","format":"standard","meta":{"jetpack_post_was_ever_published":false,"_jetpack_newsletter_access":"","_jetpack_dont_email_post_to_subs":false,"_jetpack_newsletter_tier_id":0,"_jetpack_memberships_contains_paywalled_content":false,"_jetpack_memberships_contains_paid_content":false,"footnotes":"","jetpack_publicize_message":"","jetpack_publicize_feature_enabled":true,"jetpack_social_post_already_shared":true,"jetpack_social_options":{"image_generator_settings":{"template":"highway","default_image_id":0,"font":"","enabled":false},"version":2}},"categories":[1],"tags":[3014,19356,5392,8004,2383],"class_list":["post-165259","post","type-post","status-publish","format-standard","has-post-thumbnail","hentry","category-genel","tag-aile","tag-azerbaycanli","tag-buldu","tag-sifayi","tag-turkiyede"],"jetpack_publicize_connections":[],"jetpack_featured_media_url":"https:\/\/i0.wp.com\/www.tvturk.com\/wp-content\/uploads\/2019\/06\/azerbaycanli-aile-sifayi-turkiyede-buldu_71f0806.jpg?fit=1000%2C562","jetpack_sharing_enabled":true,"jetpack_shortlink":"https:\/\/wp.me\/paKIfm-GZt","_links":{"self":[{"href":"http:\/\/www.tvturk.com\/index.php\/wp-json\/wp\/v2\/posts\/165259","targetHints":{"allow":["GET"]}}],"collection":[{"href":"http:\/\/www.tvturk.com\/index.php\/wp-json\/wp\/v2\/posts"}],"about":[{"href":"http:\/\/www.tvturk.com\/index.php\/wp-json\/wp\/v2\/types\/post"}],"author":[{"embeddable":true,"href":"http:\/\/www.tvturk.com\/index.php\/wp-json\/wp\/v2\/users\/1"}],"replies":[{"embeddable":true,"href":"http:\/\/www.tvturk.com\/index.php\/wp-json\/wp\/v2\/comments?post=165259"}],"version-history":[{"count":0,"href":"http:\/\/www.tvturk.com\/index.php\/wp-json\/wp\/v2\/posts\/165259\/revisions"}],"wp:featuredmedia":[{"embeddable":true,"href":"http:\/\/www.tvturk.com\/index.php\/wp-json\/wp\/v2\/media\/165260"}],"wp:attachment":[{"href":"http:\/\/www.tvturk.com\/index.php\/wp-json\/wp\/v2\/media?parent=165259"}],"wp:term":[{"taxonomy":"category","embeddable":true,"href":"http:\/\/www.tvturk.com\/index.php\/wp-json\/wp\/v2\/categories?post=165259"},{"taxonomy":"post_tag","embeddable":true,"href":"http:\/\/www.tvturk.com\/index.php\/wp-json\/wp\/v2\/tags?post=165259"}],"curies":[{"name":"wp","href":"https:\/\/api.w.org\/{rel}","templated":true}]}}