{"id":165273,"date":"2019-06-02T12:47:19","date_gmt":"2019-06-02T09:47:19","guid":{"rendered":"http:\/\/www.tvturk.com\/index.php\/kykli-gencler-spor-turnuvalarinda-bulustu\/"},"modified":"2019-06-02T12:47:19","modified_gmt":"2019-06-02T09:47:19","slug":"kykli-gencler-spor-turnuvalarinda-bulustu","status":"publish","type":"post","link":"http:\/\/www.tvturk.com\/index.php\/kykli-gencler-spor-turnuvalarinda-bulustu\/","title":{"rendered":"KYK\u2019l\u0131 gen\u00e7ler spor turnuvalar\u0131nda bulu\u015ftu"},"content":{"rendered":"<p>Gen\u00e7lik ve Spor Bakanl\u0131\u011f\u0131na ba\u011fl\u0131 Kredi ve Yurtlar Genel M\u00fcd\u00fcrl\u00fc\u011f\u00fc yurtlar\u0131nda kalan \u00f6\u011frenciler aras\u0131nda d\u00fczenlenen iller aras\u0131 spor turnuvalar\u0131, yap\u0131lan finallerle sona erdi. Gen\u00e7lik ve Spor Bakan\u0131 Mehmet Muharrem Kasapo\u011flu, \u201cGen\u00e7lerimize ne kadar imkan sunarsak, onlar \u00fclkemizi \u00e7ok daha yukar\u0131lara ta\u015f\u0131yacakt\u0131r\u201d dedi.<\/p>\n<p>Gen\u00e7lik ve Spor Bakanl\u0131\u011f\u0131na ba\u011fl\u0131 Kredi ve Yurtlar Genel M\u00fcd\u00fcrl\u00fc\u011f\u00fc (KYK) yurtlar\u0131nda bar\u0131nan \u00f6\u011frencilerin geli\u015fimlerine katk\u0131 sa\u011flamak, aralar\u0131ndaki birlik, beraberlik ve centilmenlik duygular\u0131n\u0131 g\u00fc\u00e7lendirmek amac\u0131yla d\u00fczenlenen iller aras\u0131 spor turnuvalar\u0131, yap\u0131lan finallerle sona erdi. Gen\u00e7lik ve Spor Bakan\u0131 Mehmet Muharrem Kasapo\u011flu, 7 bran\u015fta yap\u0131lan turnuvalarla gen\u00e7lerin spor yapmalar\u0131n\u0131n yan\u0131 s\u0131ra birbirleriyle kayna\u015ft\u0131\u011f\u0131n\u0131 ifade ederek, \u201cGen\u00e7lerimize ne kadar imkan sunarsak, onlar \u00fclkemizi \u00e7ok daha yukar\u0131lara ta\u015f\u0131yacakt\u0131r. Bakanl\u0131k olarak t\u00fcm imkanlar\u0131m\u0131z gen\u00e7lerimiz i\u00e7in\u201d diye konu\u015ftu.<\/p>\n<p>KYK yurtlar\u0131, \u00f6\u011frencilerin y\u00fcksek \u00f6\u011frenim g\u00f6rd\u00fc\u011f\u00fc s\u0131rada sadece bar\u0131nma imkan\u0131 sunan bir kurum olmaktan \u00e7\u0131k\u0131p, e\u011fitim, k\u00fclt\u00fcrel ve sportif faaliyetlerle onlar\u0131n bedensel, zihinsel ve k\u00fclt\u00fcrel y\u00f6nden geli\u015fimlerine katk\u0131da bulunan bir hale d\u00f6n\u00fc\u015ft\u00fc. Yurtlarda en \u00e7ok ilgi g\u00f6sterilen faaliyetlerin ba\u015f\u0131nda ise sportif etkinlikler geliyor.<\/p>\n<p>KYK yurtlar\u0131nda kalan \u00f6\u011frencilerin fiziki geli\u015fimlerine katk\u0131 sa\u011flamak, aralar\u0131ndaki birlik, beraberlik ve centilmenlik duygular\u0131n\u0131 g\u00fc\u00e7lendirmek amac\u0131yla daha \u00f6nceki d\u00f6nemlerde oldu\u011fu gibi 2018 -2019 e\u011fitim \u00f6\u011frenim d\u00f6neminde de sportif turnuvalar d\u00fczenlendi. Futbol, basketbol, voleybol, satran\u00e7, masa tenisi, badminton ve geleneksel T\u00fcrk ok\u00e7ulu\u011fu gibi bran\u015flarda iller aras\u0131 turnuvalar ger\u00e7ekle\u015ftirildi. T\u00fcrkiye Finalleri \u00f6ncesinde, gen\u00e7ler, il finali ve iller aras\u0131 grup elemeleri gibi uzun bir maratondan ge\u00e7tiler.<\/p>\n<p>T\u00fcrkiye finalleri farkl\u0131 illerde ger\u00e7ekle\u015ftirildi<\/p>\n<p>Denizli\u2019de yap\u0131lan Futbol Turnuvas\u0131nda birincilik kupas\u0131n\u0131 Batman Gen\u00e7lik ve Spor \u0130l M\u00fcd\u00fcrl\u00fc\u011f\u00fc, elde etti. D\u00fczce\u2019de ger\u00e7ekle\u015ftirilen Basketbol Turnuvas\u0131 k\u0131z grubunda birincilik kupas\u0131n\u0131 Ankara Gen\u00e7lik ve Spor \u0130l M\u00fcd\u00fcrl\u00fc\u011f\u00fc, erkek grubunda ise Karab\u00fck Gen\u00e7lik ve Spor \u0130l M\u00fcd\u00fcrl\u00fc\u011f\u00fc kazand\u0131. Kocaeli\u2019de d\u00fczenlenen voleybol turnuvas\u0131nda birincilik kupas\u0131n\u0131n sahibi Aksaray Gen\u00e7lik ve Spor \u0130l M\u00fcd\u00fcrl\u00fc\u011f\u00fc olurken, Gaziantep\u2019te yap\u0131lan Badminton Turnuvas\u0131nda k\u0131z ve erkek gruplar\u0131nda birincilik kupalar\u0131n\u0131 Trabzon Gen\u00e7lik ve Spor \u0130l M\u00fcd\u00fcrl\u00fc\u011f\u00fc elde etti. Afyonkarahisar\u2019da ger\u00e7ekle\u015ftirilen Satran\u00e7 Turnuvas\u0131nda k\u0131z grubunda birincilik madalyas\u0131n\u0131 Sakarya Rahmiye Sultan \u00d6\u011frenci Yurdundan Emine Topal al\u0131rken, erkek grubunda birincilik madalyas\u0131n\u0131 Mersin Yeni\u015fehir \u00d6\u011frenci Yurdundan Mehmet Uslu kazand\u0131. Antalya\u2019da d\u00fczenlenen Geleneksel T\u00fcrk Ok\u00e7ulu\u011fu Turnuvas\u0131 k\u0131z grubunda birincilik kupas\u0131n\u0131 Afyon Gen\u00e7lik ve Spor \u0130l M\u00fcd\u00fcrl\u00fc\u011f\u00fc, erkek grubunda ise Zonguldak Gen\u00e7lik ve Spor \u0130l M\u00fcd\u00fcrl\u00fc\u011f\u00fc elde etti.<\/p>\n<p>\u201cAmac\u0131m\u0131z \u00f6\u011frencilerimizin bedensel, zihinsel ve k\u00fclt\u00fcrel geli\u015fimlerine katk\u0131da bulunmak\u201d<\/p>\n<p>Gen\u00e7lik ve Spor Bakan\u0131 Dr. Mehmet Muharrem Kasapo\u011flu, \u00fcniversitede \u00f6\u011frenim g\u00f6ren gen\u00e7lere bar\u0131nma, burs ve kredi imkan\u0131 sa\u011flamalar\u0131n\u0131n yan\u0131 s\u0131ra onlar\u0131, gelece\u011fe daha iyi haz\u0131rlayabilmek amac\u0131yla \u00fclke genelindeki yurtlarda faaliyetler d\u00fczenlediklerini belirterek, \u015funlar\u0131 kaydetti:<\/p>\n<p>\u201cYurtlarda bar\u0131nan gen\u00e7lerimizin serbest zamanlar\u0131n\u0131 en iyi \u015fekilde de\u011ferlendirmek, bedensel, zihinsel ve k\u00fclt\u00fcrel y\u00f6nden geli\u015fimlerine katk\u0131da bulunmak, onlar\u0131 her t\u00fcrl\u00fc k\u00f6t\u00fc al\u0131\u015fkanl\u0131klardan uzak tutmak, aralar\u0131ndaki birlik beraberlik duygular\u0131n\u0131 peki\u015ftirmek amac\u0131yla e\u011fitim, sosyal k\u00fclt\u00fcrel ve sportif faaliyetler ger\u00e7ekle\u015ftiriyoruz. Kat\u0131l\u0131m tamamen g\u00f6n\u00fcll\u00fcl\u00fck esas\u0131na dayal\u0131. \u00d6\u011frencilerimizin sportif alanlarda da kendilerini geli\u015ftirmelerine imkan sa\u011flayan turnuvalar g\u00fczel ve \u00e7eki\u015fmeli ge\u00e7ti. Farkl\u0131 illerdeki \u00f6\u011frencilerimizin birbirleriyle kayna\u015fmalar\u0131na vesile olan m\u00fcsabakalar\u0131n fair-play ruhuna uygun ge\u00e7mesinden b\u00fcy\u00fck mutluluk duydum. Turnuvalarda m\u00fccadele eden t\u00fcm gen\u00e7lerimizi kutluyor,  faaliyetlerin d\u00fczenlenmesinde eme\u011fi ge\u00e7enlere te\u015fekk\u00fcr ediyorum.\u201d<\/p>\n<p>\u201cGen\u00e7lerimize \u00e7ok g\u00fcveniyorum\u201d<\/p>\n<p>Gen\u00e7lere y\u00f6nelik yat\u0131r\u0131mlar a\u00e7\u0131s\u0131ndan \u00fcniversitelerin \u00f6nemine dikkat \u00e7eken Bakan Kasapo\u011flu, \u201cGen\u00e7lerimizin, sportif, sanatsal, bilimsel, k\u00fclt\u00fcrel bir\u00e7ok faaliyeti ger\u00e7ekle\u015ftirdi\u011fi gen\u00e7lik merkezlerimizi art\u0131k \u00fcniversitelerimizde a\u00e7ma fikri geli\u015ftirdik ve bunu uygulamaya ba\u015flad\u0131k. Ben, gen\u00e7lerimize \u00e7ok g\u00fcveniyorum. \u00c7\u00fcnk\u00fc gen\u00e7lerimize ne kadar imkan sunarsak, onlar bu \u00fclkeyi, bu bayra\u011f\u0131 \u00e7ok daha yukar\u0131lara ta\u015f\u0131yacakt\u0131r. O y\u00fczden bizim bakanl\u0131k olarak t\u00fcm imkanlar\u0131m\u0131z gen\u00e7lerimiz i\u00e7in, \u00fcniversitelerimiz i\u00e7in. Biz, b\u00fct\u00fcn imkanlar\u0131m\u0131z\u0131 gen\u00e7lerimiz i\u00e7in seferber etmeye haz\u0131r\u0131z. Bu y\u00fczdendir ki bundan sonra ger\u00e7ekle\u015ftirece\u011fimiz projelerde \u00fcniversiteleri baz alaca\u011f\u0131z\u201d ifadelerini kulland\u0131.<\/p>\n","protected":false},"excerpt":{"rendered":"<p>GEN\u00c7L\u0130K VE SPOR BAKANLI\u011eI\u2019NA BA\u011eLI KRED\u0130 VE YURTLAR GENEL M\u00dcD\u00dcRL\u00dc\u011e\u00dc YURTLARINDA KALAN \u00d6\u011eRENC\u0130LER ARASINDA D\u00dcZENLENEN \u0130LLER ARASI SPOR TURNUVALARI, YAPILAN F\u0130NALLERLE SONA ERD\u0130. BAKAN KASAPO\u011eLU, \u201cGEN\u00c7LER\u0130M\u0130ZE NE KADAR \u0130MKAN SUNARSAK, ONLAR \u00dcLKEM\u0130Z\u0130 \u00c7OK DAHA YUKARILARA TA\u015eIYACAKTIR\u201d DED\u0130.<\/p>\n","protected":false},"author":1,"featured_media":165274,"comment_status":"closed","ping_status":"open","sticky":false,"template":"","format":"standard","meta":{"jetpack_post_was_ever_published":false,"_jetpack_newsletter_access":"","_jetpack_dont_email_post_to_subs":false,"_jetpack_newsletter_tier_id":0,"_jetpack_memberships_contains_paywalled_content":false,"_jetpack_memberships_contains_paid_content":false,"footnotes":"","jetpack_publicize_message":"","jetpack_publicize_feature_enabled":true,"jetpack_social_post_already_shared":true,"jetpack_social_options":{"image_generator_settings":{"template":"highway","default_image_id":0,"font":"","enabled":false},"version":2}},"categories":[1],"tags":[389,1622,39336,1619,39337],"class_list":["post-165273","post","type-post","status-publish","format-standard","has-post-thumbnail","hentry","category-genel","tag-bulustu","tag-gencler","tag-kykli","tag-spor","tag-turnuvalarinda"],"jetpack_publicize_connections":[],"jetpack_featured_media_url":"https:\/\/i0.wp.com\/www.tvturk.com\/wp-content\/uploads\/2019\/06\/kykli-gencler-spor-turnuvalarinda-bulustu_bb6e872.jpg?fit=1000%2C666","jetpack_sharing_enabled":true,"jetpack_shortlink":"https:\/\/wp.me\/paKIfm-GZH","_links":{"self":[{"href":"http:\/\/www.tvturk.com\/index.php\/wp-json\/wp\/v2\/posts\/165273","targetHints":{"allow":["GET"]}}],"collection":[{"href":"http:\/\/www.tvturk.com\/index.php\/wp-json\/wp\/v2\/posts"}],"about":[{"href":"http:\/\/www.tvturk.com\/index.php\/wp-json\/wp\/v2\/types\/post"}],"author":[{"embeddable":true,"href":"http:\/\/www.tvturk.com\/index.php\/wp-json\/wp\/v2\/users\/1"}],"replies":[{"embeddable":true,"href":"http:\/\/www.tvturk.com\/index.php\/wp-json\/wp\/v2\/comments?post=165273"}],"version-history":[{"count":0,"href":"http:\/\/www.tvturk.com\/index.php\/wp-json\/wp\/v2\/posts\/165273\/revisions"}],"wp:featuredmedia":[{"embeddable":true,"href":"http:\/\/www.tvturk.com\/index.php\/wp-json\/wp\/v2\/media\/165274"}],"wp:attachment":[{"href":"http:\/\/www.tvturk.com\/index.php\/wp-json\/wp\/v2\/media?parent=165273"}],"wp:term":[{"taxonomy":"category","embeddable":true,"href":"http:\/\/www.tvturk.com\/index.php\/wp-json\/wp\/v2\/categories?post=165273"},{"taxonomy":"post_tag","embeddable":true,"href":"http:\/\/www.tvturk.com\/index.php\/wp-json\/wp\/v2\/tags?post=165273"}],"curies":[{"name":"wp","href":"https:\/\/api.w.org\/{rel}","templated":true}]}}