{"id":165275,"date":"2019-06-02T12:54:06","date_gmt":"2019-06-02T09:54:06","guid":{"rendered":"http:\/\/www.tvturk.com\/index.php\/dizdar-yargi-reformuyla-yatirim-guvenligi-gelecek\/"},"modified":"2019-06-02T12:54:06","modified_gmt":"2019-06-02T09:54:06","slug":"dizdar-yargi-reformuyla-yatirim-guvenligi-gelecek","status":"publish","type":"post","link":"http:\/\/www.tvturk.com\/index.php\/dizdar-yargi-reformuyla-yatirim-guvenligi-gelecek\/","title":{"rendered":"Dizdar: &#8220;Yarg\u0131 reformuyla yat\u0131r\u0131m g\u00fcvenli\u011fi gelecek&#8221;"},"content":{"rendered":"<p>Cumhurba\u015fkan\u0131 Erdo\u011fan taraf\u0131ndan kamuoyu ile payla\u015f\u0131lan Yarg\u0131 Reformu Strateji Belgesi\u2019ni de\u011ferlendiren TES\u0130AD Ba\u015fkan\u0131 C\u00fcneyt Dizdar, T\u00fcrkiye\u2019nin yat\u0131r\u0131m g\u00fcvenli\u011finde arad\u0131\u011f\u0131n\u0131 buldu\u011funu ifade etti.<\/p>\n<p>Merkezi Bursa\u2019da bulunan Tekstil Sanayicileri ve \u0130\u015fadamlar\u0131 Derne\u011fi (TES\u0130AD) Y\u00f6netim Kurulu Ba\u015fkan\u0131 C\u00fcneyt Dizdar, Cumhurba\u015fkan\u0131 Erdo\u011fan taraf\u0131ndan kamuoyu ile payla\u015f\u0131lan Yarg\u0131 Reformu Strateji Belgesi i\u00e7in, \u2018T\u00fcrkiye\u2019nin \u015fu anda ihtiyac\u0131 oldu\u011fu daha \u00f6ng\u00f6r\u00fclebilir bir yat\u0131r\u0131m ortam\u0131n\u0131n olu\u015fmas\u0131nda ekonomi dinamiklerine g\u00fcven sa\u011flayaca\u011f\u0131na inan\u0131yoruz\u2019 dedi.<\/p>\n<p>Cumhurba\u015fkan\u0131 Erdo\u011fan\u2019\u0131n \u2018T\u00fcrk yarg\u0131s\u0131, T\u00fcrk milletinin yarg\u0131s\u0131 olmal\u0131\u2019 ifadesine sonunda kadar destek verdiklerini belirten ve reformun bug\u00fcne kadar yap\u0131lan b\u00fct\u00fcn reformlar\u0131n i\u015flevsellik olarak \u00fcst\u00fcnde oldu\u011funa dikkat \u00e7eken TES\u0130AD Ba\u015fkan\u0131 C\u00fcneyt Dizdar, &#8220;Hakim ve savc\u0131lar\u0131n liyakate g\u00f6re atamalar\u0131n\u0131n ger\u00e7ekle\u015fecek olmas\u0131 sadece hukuk alan\u0131n\u0131 ilgilendirmiyor. T\u00fcm T\u00fcrkiye\u2019ye, t\u00fcm ekonomiyi ve i\u015f d\u00fcnyas\u0131 olarak b\u00fct\u00fcn yat\u0131r\u0131mlar\u0131m\u0131z\u0131 do\u011frudan etkiliyor. Yarg\u0131 reformu, bug\u00fcne kadar yap\u0131lanlar\u0131n en kapsay\u0131c\u0131 olan\u0131&#8221; diye konu\u015ftu.<\/p>\n<p>Dizdar \u015funlar\u0131 s\u00f6yledi: &#8220;Ortaya konan hedefler, t\u00fcm ekonomik tedbirlerin reel sekt\u00f6r taraf\u0131ndan i\u00e7selle\u015ftirilmesini de sa\u011flayacakt\u0131r. Ekonomimiz bu yarg\u0131 reformuyla birlikte yat\u0131r\u0131ma odakl\u0131 \u00e7evreleri \u00fclkemizde tutacakt\u0131r. Bu noktada i\u015f ortam\u0131n\u0131n iyile\u015ftirilmesi i\u00e7in de yarg\u0131 sisteminin do\u011fru ve g\u00fcvenilir i\u015flemesinin yerli ve uluslararas\u0131 yat\u0131r\u0131mlar i\u00e7in \u00e7ok \u00f6nemli. Cumhurba\u015fkan\u0131 Erdo\u011fan taraf\u0131ndan kamuoyu ile payla\u015f\u0131lan Yarg\u0131 Reformu\u2019nda Avrupa Birli\u011fi kriterlerine ve hedefine vurgu yap\u0131lmas\u0131n\u0131 da bu a\u00e7\u0131dan da olduk\u00e7a \u00f6nemli. Yarg\u0131 Reformu Strateji Belgesi ile AB\u2019ye tam \u00fcyelik hedefi de ka\u00e7\u0131n\u0131lmaz olarak g\u00fc\u00e7lenecektir.&#8221;<\/p>\n<p>&#8220;Ekonomide yeni rota&#8221;<\/p>\n<p>&#8220;T\u00fcrkiye\u2019nin \u015fu anda ihtiyac\u0131 oldu\u011fu daha \u00f6ng\u00f6r\u00fclebilir bir yat\u0131r\u0131m ortam\u0131n\u0131n olu\u015fmas\u0131nda ekonomi dinamiklerine g\u00fcven sa\u011flayaca\u011f\u0131na inan\u0131yoruz&#8221; diyen Dizdar \u015f\u00f6yle konu\u015ftu: \u2018Toplumda adalet duygusunun g\u00fc\u00e7lendirilmesi, ki\u015fi hak ve \u00f6zg\u00fcrl\u00fcklerinin geli\u015ftirilmesi, adalet hizmetlerine eri\u015fimin kolayla\u015ft\u0131r\u0131lmas\u0131, uyu\u015fmazl\u0131klar\u0131n alternatif \u00e7\u00f6z\u00fcm y\u00f6ntemleriyle h\u0131zland\u0131r\u0131lmas\u0131n\u0131 hedefleyen d\u00fczenlemeler ile demokrasimiz daha da g\u00fc\u00e7lenecek. T\u00fcrkiye, Yarg\u0131 Reformu Strateji Belgesi ile ana istikametinin halk\u0131na, b\u00f6lgesine ve yat\u0131r\u0131mc\u0131ya g\u00fcven vermek oldu\u011funu bir kez daha g\u00f6stermi\u015ftir. Ekonomik anlamda yeni bir rotaya ge\u00e7mesini sa\u011flayacak en b\u00fcy\u00fck yap\u0131sal reform, yarg\u0131 reformudur.&#8221;<\/p>\n<p>&#8220;Ama\u00e7 AB\u2019ye tam \u00fcyelik&#8221;<\/p>\n<p>Giri\u015fimciye, emek\u00e7iye, yabanc\u0131 yat\u0131r\u0131mc\u0131ya, yani b\u00fct\u00fcn ekonomi \u00e7evrelerine yak\u0131n ve g\u00fcvenilir bir ortam kurma \u00e7abas\u0131n\u0131 desteklediklerini belirten TES\u0130AD Ba\u015fkan\u0131 C\u00fcneyt Dizdar, &#8220;B\u00f6ylece, T\u00fcrkiye\u2019nin ekonomik ufku geni\u015fleyecektir. Yarg\u0131 reformunda ne kadar ba\u015far\u0131l\u0131 olursak, T\u00fcrkiye\u2019yi ekonomik a\u00e7\u0131dan da o kadar g\u00fcvenli bir liman haline getirebiliriz. Cumhurba\u015fkan\u0131m\u0131z Recep Tayyip Erdo\u011fan\u2019\u0131n 9 ama\u00e7 ve 63 hedef ile ana ba\u015fl\u0131klar\u0131n\u0131 ortaya koydu\u011fu Yarg\u0131 Reformu Strateji Belgesi\u2019ni i\u015f d\u00fcnyas\u0131 olarak derin bir memnuniyetle kar\u015f\u0131l\u0131yoruz. D\u00fczenlemeler Cumhurba\u015fkan\u0131\u2019n\u0131n da ifade etti\u011fi gibi, di\u011fer yandan da T\u00fcrkiye\u2019nin Avrupa Birli\u011fi\u2019ne tam \u00fcyelik hedefine ba\u011fl\u0131l\u0131\u011f\u0131n\u0131n da teyit belgesi niteli\u011fini ta\u015f\u0131maktad\u0131r. Bu konudaki siyasi irade de net bir \u015fekilde ortaya konulmu\u015ftur&#8221; dedi.<\/p>\n","protected":false},"excerpt":{"rendered":"<p>C\u00dcNEYT D\u0130ZDAR<\/p>\n","protected":false},"author":1,"featured_media":165276,"comment_status":"closed","ping_status":"open","sticky":false,"template":"","format":"standard","meta":{"jetpack_post_was_ever_published":false,"_jetpack_newsletter_access":"","_jetpack_dont_email_post_to_subs":false,"_jetpack_newsletter_tier_id":0,"_jetpack_memberships_contains_paywalled_content":false,"_jetpack_memberships_contains_paid_content":false,"footnotes":"","jetpack_publicize_message":"","jetpack_publicize_feature_enabled":true,"jetpack_social_post_already_shared":true,"jetpack_social_options":{"image_generator_settings":{"template":"highway","default_image_id":0,"font":"","enabled":false},"version":2}},"categories":[19],"tags":[29838,81,403,39338,1901,470],"class_list":["post-165275","post","type-post","status-publish","format-standard","has-post-thumbnail","hentry","category-ekonomi","tag-dizdar","tag-gelecek","tag-guvenligi","tag-reformuyla","tag-yargi","tag-yatirim"],"jetpack_publicize_connections":[],"jetpack_featured_media_url":"https:\/\/i0.wp.com\/www.tvturk.com\/wp-content\/uploads\/2019\/06\/dizdar-yargi-reformuyla-yatirim-guvenligi-gelecek_ee946db.jpg?fit=750%2C496","jetpack_sharing_enabled":true,"jetpack_shortlink":"https:\/\/wp.me\/paKIfm-GZJ","_links":{"self":[{"href":"http:\/\/www.tvturk.com\/index.php\/wp-json\/wp\/v2\/posts\/165275","targetHints":{"allow":["GET"]}}],"collection":[{"href":"http:\/\/www.tvturk.com\/index.php\/wp-json\/wp\/v2\/posts"}],"about":[{"href":"http:\/\/www.tvturk.com\/index.php\/wp-json\/wp\/v2\/types\/post"}],"author":[{"embeddable":true,"href":"http:\/\/www.tvturk.com\/index.php\/wp-json\/wp\/v2\/users\/1"}],"replies":[{"embeddable":true,"href":"http:\/\/www.tvturk.com\/index.php\/wp-json\/wp\/v2\/comments?post=165275"}],"version-history":[{"count":0,"href":"http:\/\/www.tvturk.com\/index.php\/wp-json\/wp\/v2\/posts\/165275\/revisions"}],"wp:featuredmedia":[{"embeddable":true,"href":"http:\/\/www.tvturk.com\/index.php\/wp-json\/wp\/v2\/media\/165276"}],"wp:attachment":[{"href":"http:\/\/www.tvturk.com\/index.php\/wp-json\/wp\/v2\/media?parent=165275"}],"wp:term":[{"taxonomy":"category","embeddable":true,"href":"http:\/\/www.tvturk.com\/index.php\/wp-json\/wp\/v2\/categories?post=165275"},{"taxonomy":"post_tag","embeddable":true,"href":"http:\/\/www.tvturk.com\/index.php\/wp-json\/wp\/v2\/tags?post=165275"}],"curies":[{"name":"wp","href":"https:\/\/api.w.org\/{rel}","templated":true}]}}