{"id":165297,"date":"2019-06-02T13:35:46","date_gmt":"2019-06-02T10:35:46","guid":{"rendered":"http:\/\/www.tvturk.com\/index.php\/antalyada-tff-yonetimine-giren-akincioglu-sevinci\/"},"modified":"2019-06-02T13:35:46","modified_gmt":"2019-06-02T10:35:46","slug":"antalyada-tff-yonetimine-giren-akincioglu-sevinci","status":"publish","type":"post","link":"http:\/\/www.tvturk.com\/index.php\/antalyada-tff-yonetimine-giren-akincioglu-sevinci\/","title":{"rendered":"Antalya\u2019da TFF y\u00f6netimine giren Ak\u0131nc\u0131o\u011flu sevinci"},"content":{"rendered":"<p>Antalyaspor\u2019da 2008-2014 y\u0131llar\u0131 aras\u0131nda A.\u015e ve Dernek ba\u015fkanl\u0131\u011f\u0131 yapan Hasan Ak\u0131nc\u0131o\u011flu, TFF y\u00f6netim kurulunda olmas\u0131 Antalya \u015fehrinde ve k\u0131rm\u0131z\u0131-beyazl\u0131larda b\u00fcy\u00fck mutlulukla kar\u015f\u0131land\u0131.<\/p>\n<p>T\u00fcrkiye Futbol Federasyonu se\u00e7imleri ger\u00e7ekle\u015ftirildi. Antalya\u2019da \u00f6nemli yat\u0131r\u0131mlar\u0131 olan Nihat \u00d6zdemir, TFF Ba\u015fkan\u0131 oldu. \u00d6zdemir Ba\u015fkanl\u0131\u011f\u0131nda y\u00f6netim kurulunda ise tarihte ilk kez Antalya futboluna ve Antalyaspor\u2019a<\/p>\n<p>yak\u0131n bir isim Hasan Ak\u0131nc\u0131o\u011flu yer ald\u0131.<\/p>\n<p>2012 &#8211; 2014 y\u0131l\u0131nda Kul\u00fcpler Birli\u011fi As Ba\u015fkan\u0131 ve Bas\u0131n s\u00f6zc\u00fcl\u00fc\u011f\u00fc yapan Ak\u0131nc\u0131o\u011flu, ayr\u0131ca 3 y\u0131l boyunca T\u00fcrkiye\u2019nin g\u00f6zlemci olarak yer ald\u0131\u011f\u0131 Avrupa Profesyonel Futbol Ligleri Federasyonu\u2019nda (EPFL) T\u00fcrkiye\u2019yi temsil ederek Avrupa \u00fclkeler lig ba\u015fkanlar\u0131 ile kongrelerde ve \u00e7e\u015fitli etkinliklerde s\u0131kl\u0131kla ileti\u015fimde bulunup ba\u015far\u0131l\u0131 i\u015flere imza atm\u0131\u015ft\u0131.<\/p>\n<p>Ak\u0131nc\u0131o\u011flu\u2019nun yeni y\u00f6netimde yer almas\u0131 Antalya \u015fehrinin yan\u0131 s\u0131ra Antalyaspor, Alanyaspor, Serikspor, Kemerspor ve Fethiyespor\u2019un yer ald\u0131\u011f\u0131 G\u00fcney Bat\u0131 illerindeki profesyonel tak\u0131mlar\u0131n projelerini destekleme, gelir<\/p>\n<p>getirici \u00e7al\u0131\u015fmalarda bulunma gibi bir \u00e7ok faaliyette \u00f6nemli katk\u0131s\u0131 olacak.<\/p>\n<p>Ak\u0131nc\u0131o\u011flu\u2019nun ge\u00e7mi\u015fte T\u00fcrk Futbolunda g\u00f6rev ald\u0131\u011f\u0131 d\u00f6nemdeki y\u00f6netim ba\u015far\u0131s\u0131, duru\u015fu, bilinirli\u011fi, sayg\u0131nl\u0131\u011f\u0131 ve Nihat \u00d6zdemir\u2019in iste\u011fi ile y\u00f6netim kurulunda girdi\u011fi \u00f6\u011frenildi.<\/p>\n","protected":false},"excerpt":{"rendered":"<p>ANTALYASPOR\u2019DA 2008-2014 YILLARI ARASINDA A.\u015e VE DERNEK BA\u015eKANLI\u011eI YAPAN HASAN AKINCIO\u011eLU(\u00d6NDE SOLDAN 2), TFF Y\u00d6NET\u0130M KURULUNDA OLMASI ANTALYA \u015eEHR\u0130NDE VE KIRMIZI-BEYAZLILARDA B\u00dcY\u00dcK MUTLULUKLA KAR\u015eILANDI.<\/p>\n","protected":false},"author":1,"featured_media":165298,"comment_status":"closed","ping_status":"open","sticky":false,"template":"","format":"standard","meta":{"jetpack_post_was_ever_published":false,"_jetpack_newsletter_access":"","_jetpack_dont_email_post_to_subs":false,"_jetpack_newsletter_tier_id":0,"_jetpack_memberships_contains_paywalled_content":false,"_jetpack_memberships_contains_paid_content":false,"footnotes":"","jetpack_publicize_message":"","jetpack_publicize_feature_enabled":true,"jetpack_social_post_already_shared":true,"jetpack_social_options":{"image_generator_settings":{"template":"highway","default_image_id":0,"font":"","enabled":false},"version":2}},"categories":[657],"tags":[39345,1327,5779,821,4477,18595],"class_list":["post-165297","post","type-post","status-publish","format-standard","has-post-thumbnail","hentry","category-spor","tag-akincioglu","tag-antalyada","tag-giren","tag-sevinci","tag-tff","tag-yonetimine"],"jetpack_publicize_connections":[],"jetpack_featured_media_url":"https:\/\/i0.wp.com\/www.tvturk.com\/wp-content\/uploads\/2019\/06\/antalyada-tff-yonetimine-giren-akincioglu-sevinci_c9e0796.jpg?fit=1000%2C666","jetpack_sharing_enabled":true,"jetpack_shortlink":"https:\/\/wp.me\/paKIfm-H05","_links":{"self":[{"href":"http:\/\/www.tvturk.com\/index.php\/wp-json\/wp\/v2\/posts\/165297","targetHints":{"allow":["GET"]}}],"collection":[{"href":"http:\/\/www.tvturk.com\/index.php\/wp-json\/wp\/v2\/posts"}],"about":[{"href":"http:\/\/www.tvturk.com\/index.php\/wp-json\/wp\/v2\/types\/post"}],"author":[{"embeddable":true,"href":"http:\/\/www.tvturk.com\/index.php\/wp-json\/wp\/v2\/users\/1"}],"replies":[{"embeddable":true,"href":"http:\/\/www.tvturk.com\/index.php\/wp-json\/wp\/v2\/comments?post=165297"}],"version-history":[{"count":0,"href":"http:\/\/www.tvturk.com\/index.php\/wp-json\/wp\/v2\/posts\/165297\/revisions"}],"wp:featuredmedia":[{"embeddable":true,"href":"http:\/\/www.tvturk.com\/index.php\/wp-json\/wp\/v2\/media\/165298"}],"wp:attachment":[{"href":"http:\/\/www.tvturk.com\/index.php\/wp-json\/wp\/v2\/media?parent=165297"}],"wp:term":[{"taxonomy":"category","embeddable":true,"href":"http:\/\/www.tvturk.com\/index.php\/wp-json\/wp\/v2\/categories?post=165297"},{"taxonomy":"post_tag","embeddable":true,"href":"http:\/\/www.tvturk.com\/index.php\/wp-json\/wp\/v2\/tags?post=165297"}],"curies":[{"name":"wp","href":"https:\/\/api.w.org\/{rel}","templated":true}]}}