{"id":165307,"date":"2019-06-02T14:16:30","date_gmt":"2019-06-02T11:16:30","guid":{"rendered":"http:\/\/www.tvturk.com\/index.php\/bakan-ersoy-lutfen-trafik-kurallarina-uyalim\/"},"modified":"2019-06-02T14:16:30","modified_gmt":"2019-06-02T11:16:30","slug":"bakan-ersoy-lutfen-trafik-kurallarina-uyalim","status":"publish","type":"post","link":"http:\/\/www.tvturk.com\/index.php\/bakan-ersoy-lutfen-trafik-kurallarina-uyalim\/","title":{"rendered":"Bakan Ersoy: &#8220;L\u00fctfen trafik kurallar\u0131na uyal\u0131m&#8221;"},"content":{"rendered":"<p>K\u00fclt\u00fcr ve Turizm Bakan\u0131 Mehmet Nuri Ersoy, &#8220;Yorgunluklar\u0131m\u0131z\u0131 \u00fclkemizin e\u015fsiz kumsallar\u0131na b\u0131rakmak \u00fczere \u00e7\u0131kt\u0131\u011f\u0131m\u0131z yollarda, l\u00fctfen kurallara uyal\u0131m&#8221; dedi.<\/p>\n<p>K\u00fclt\u00fcr ve Turizm Bakan\u0131 Mehmet Nuri Ersoy, resmi sosyal medya hesab\u0131ndan bir payla\u015f\u0131m yaparak Ramazan Bayram\u0131nda s\u00fcr\u00fcc\u00fclerin dikkatli olmas\u0131n\u0131 istedi. Yoldayken sadece yola bak hashtagiyle yapt\u0131\u011f\u0131 payla\u015f\u0131mda Ersoy, &#8220;Sevdiklerimizle bayramla\u015fmak, T\u00fcrkiye\u2019nin g\u00fczelliklerini ke\u015ffetmek, yorgunluklar\u0131m\u0131z\u0131 \u00fclkemizin e\u015fsiz kumsallar\u0131na b\u0131rakmak \u00fczere \u00e7\u0131kt\u0131\u011f\u0131m\u0131z yollarda, l\u00fctfen trafik kurallar\u0131na uyal\u0131m. \u0130yi yolculuklar&#8221; ifadelerini kulland\u0131.<\/p>\n","protected":false},"excerpt":{"rendered":"<p>K\u00dcLT\u00dcR VE TUR\u0130ZM BAKANI MEHMET NUR\u0130 ERSOY, &#8220;YORGUNLUKLARIMIZI \u00dcLKEM\u0130Z\u0130N E\u015eS\u0130Z KUMSALLARINA BIRAKMAK \u00dcZERE \u00c7IKTI\u011eIMIZ YOLLARDA, L\u00dcTFEN KURALLARA UYALIM&#8221; DED\u0130.<\/p>\n","protected":false},"author":1,"featured_media":165308,"comment_status":"closed","ping_status":"open","sticky":false,"template":"","format":"standard","meta":{"jetpack_post_was_ever_published":false,"_jetpack_newsletter_access":"","_jetpack_dont_email_post_to_subs":false,"_jetpack_newsletter_tier_id":0,"_jetpack_memberships_contains_paywalled_content":false,"_jetpack_memberships_contains_paid_content":false,"footnotes":"","jetpack_publicize_message":"","jetpack_publicize_feature_enabled":true,"jetpack_social_post_already_shared":true,"jetpack_social_options":{"image_generator_settings":{"template":"highway","default_image_id":0,"font":"","enabled":false},"version":2}},"categories":[1],"tags":[742,2868,33449,27069,131,39348],"class_list":["post-165307","post","type-post","status-publish","format-standard","has-post-thumbnail","hentry","category-genel","tag-bakan","tag-ersoy","tag-kurallarina","tag-lutfen","tag-trafik","tag-uyalim"],"jetpack_publicize_connections":[],"jetpack_featured_media_url":"https:\/\/i0.wp.com\/www.tvturk.com\/wp-content\/uploads\/2019\/06\/bakan-ersoy-lutfen-trafik-kurallarina-uyalim_728d9d4.jpg?fit=1000%2C750","jetpack_sharing_enabled":true,"jetpack_shortlink":"https:\/\/wp.me\/paKIfm-H0f","_links":{"self":[{"href":"http:\/\/www.tvturk.com\/index.php\/wp-json\/wp\/v2\/posts\/165307","targetHints":{"allow":["GET"]}}],"collection":[{"href":"http:\/\/www.tvturk.com\/index.php\/wp-json\/wp\/v2\/posts"}],"about":[{"href":"http:\/\/www.tvturk.com\/index.php\/wp-json\/wp\/v2\/types\/post"}],"author":[{"embeddable":true,"href":"http:\/\/www.tvturk.com\/index.php\/wp-json\/wp\/v2\/users\/1"}],"replies":[{"embeddable":true,"href":"http:\/\/www.tvturk.com\/index.php\/wp-json\/wp\/v2\/comments?post=165307"}],"version-history":[{"count":0,"href":"http:\/\/www.tvturk.com\/index.php\/wp-json\/wp\/v2\/posts\/165307\/revisions"}],"wp:featuredmedia":[{"embeddable":true,"href":"http:\/\/www.tvturk.com\/index.php\/wp-json\/wp\/v2\/media\/165308"}],"wp:attachment":[{"href":"http:\/\/www.tvturk.com\/index.php\/wp-json\/wp\/v2\/media?parent=165307"}],"wp:term":[{"taxonomy":"category","embeddable":true,"href":"http:\/\/www.tvturk.com\/index.php\/wp-json\/wp\/v2\/categories?post=165307"},{"taxonomy":"post_tag","embeddable":true,"href":"http:\/\/www.tvturk.com\/index.php\/wp-json\/wp\/v2\/tags?post=165307"}],"curies":[{"name":"wp","href":"https:\/\/api.w.org\/{rel}","templated":true}]}}